{"id":92387,"date":"2013-12-23T20:00:59","date_gmt":"2013-12-23T22:00:59","guid":{"rendered":"http:\/\/www.agrund.com\/?p=92387"},"modified":"2013-12-23T22:27:54","modified_gmt":"2013-12-24T00:27:54","slug":"o-verao-2014-da-saint-laurent-paris-e-suas-new-faces","status":"publish","type":"post","link":"https:\/\/agrund.com\/index.php\/o-verao-2014-da-saint-laurent-paris-e-suas-new-faces\/","title":{"rendered":"O ver\u00e3o 2014 da Saint Laurent Paris e suas new faces"},"content":{"rendered":"<p>Nada de Marilyn Manson, como contamos <a href=\"http:\/\/www.agrund.com\/saint-laurent-paris-traz-novamente-um-cantor-em-sua-campanha\/\">AQUI,<\/a> para o ver\u00e3o 2014 da Saint Laurent Paris. Hedi Slimane convocou tr\u00eas new faces para serem as estrelas da nova campanha da grife.<\/p>\n<p>Em uma atmosfera rocker, como j\u00e1 de costume, Natalie Westling, Jeff Friburgo e Nastya Sten aparecem nos cliques em P&amp;B assinados pelo pr\u00f3prio Slimane<\/p>\n<p>A marca ainda lan\u00e7ou um v\u00eddeo de divulga\u00e7\u00e3o. Confira:<\/p>\n<p><span class=\"embed-youtube\" style=\"text-align:center; display: block;\"><iframe loading=\"lazy\" class=\"youtube-player\" width=\"640\" height=\"360\" src=\"https:\/\/www.youtube.com\/embed\/ae2pwFTW_E8?version=3&#038;rel=1&#038;showsearch=0&#038;showinfo=1&#038;iv_load_policy=1&#038;fs=1&#038;hl=pt-BR&#038;autohide=2&#038;wmode=transparent\" allowfullscreen=\"true\" style=\"border:0;\" sandbox=\"allow-scripts allow-same-origin allow-popups allow-presentation\"><\/iframe><\/span><\/p>\n<div id=\"attachment_92388\" style=\"width: 568px\" class=\"wp-caption aligncenter\"><a href=\"https:\/\/i0.wp.com\/www.agrund.com\/wp-content\/uploads\/sites\/6\/2013\/12\/o-verao-2014-da-saint-laurent-paris-e-suas-new-faces-1.jpg\"><img aria-describedby=\"caption-attachment-92388\" data-attachment-id=\"92388\" data-permalink=\"https:\/\/agrund.com\/index.php\/o-verao-2014-da-saint-laurent-paris-e-suas-new-faces\/o-verao-2014-da-saint-laurent-paris-e-suas-new-faces-1\/\" data-orig-file=\"https:\/\/i0.wp.com\/agrund.com\/wp-content\/uploads\/sites\/6\/2013\/12\/o-verao-2014-da-saint-laurent-paris-e-suas-new-faces-1.jpg?fit=620%2C413&amp;ssl=1\" data-orig-size=\"620,413\" data-comments-opened=\"1\" data-image-meta=\"{&quot;aperture&quot;:&quot;0&quot;,&quot;credit&quot;:&quot;&quot;,&quot;camera&quot;:&quot;&quot;,&quot;caption&quot;:&quot;&quot;,&quot;created_timestamp&quot;:&quot;0&quot;,&quot;copyright&quot;:&quot;&quot;,&quot;focal_length&quot;:&quot;0&quot;,&quot;iso&quot;:&quot;0&quot;,&quot;shutter_speed&quot;:&quot;0&quot;,&quot;title&quot;:&quot;&quot;}\" data-image-title=\"o-verao-2014-da-saint-laurent-paris-e-suas-new-faces (1)\" data-image-description=\"\" data-image-caption=\"&lt;p&gt;O ver\u00e3o 2014 da Saint Laurent Paris e suas new faces&lt;\/p&gt;\n\" data-medium-file=\"https:\/\/i0.wp.com\/agrund.com\/wp-content\/uploads\/sites\/6\/2013\/12\/o-verao-2014-da-saint-laurent-paris-e-suas-new-faces-1.jpg?fit=300%2C199&amp;ssl=1\" data-large-file=\"https:\/\/i0.wp.com\/agrund.com\/wp-content\/uploads\/sites\/6\/2013\/12\/o-verao-2014-da-saint-laurent-paris-e-suas-new-faces-1.jpg?fit=620%2C413&amp;ssl=1\" decoding=\"async\" loading=\"lazy\" class=\" wp-image-92388 \" alt=\"O ver\u00e3o 2014 da Saint Laurent Paris e suas new faces\" src=\"https:\/\/i0.wp.com\/www.agrund.com\/wp-content\/uploads\/sites\/6\/cache\/2013\/12\/o-verao-2014-da-saint-laurent-paris-e-suas-new-faces-1\/636970267.jpg?resize=558%2C372\" width=\"558\" height=\"372\" data-recalc-dims=\"1\" \/><\/a><p id=\"caption-attachment-92388\" class=\"wp-caption-text\">O ver\u00e3o 2014 da Saint Laurent Paris e suas new faces<\/p><\/div>\n<div id=\"attachment_92389\" style=\"width: 568px\" class=\"wp-caption aligncenter\"><a href=\"https:\/\/i0.wp.com\/www.agrund.com\/wp-content\/uploads\/sites\/6\/2013\/12\/o-verao-2014-da-saint-laurent-paris-e-suas-new-faces-2.jpg\"><img aria-describedby=\"caption-attachment-92389\" data-attachment-id=\"92389\" data-permalink=\"https:\/\/agrund.com\/index.php\/o-verao-2014-da-saint-laurent-paris-e-suas-new-faces\/o-verao-2014-da-saint-laurent-paris-e-suas-new-faces-2\/\" data-orig-file=\"https:\/\/i0.wp.com\/agrund.com\/wp-content\/uploads\/sites\/6\/2013\/12\/o-verao-2014-da-saint-laurent-paris-e-suas-new-faces-2.jpg?fit=620%2C300&amp;ssl=1\" data-orig-size=\"620,300\" data-comments-opened=\"1\" data-image-meta=\"{&quot;aperture&quot;:&quot;0&quot;,&quot;credit&quot;:&quot;&quot;,&quot;camera&quot;:&quot;&quot;,&quot;caption&quot;:&quot;&quot;,&quot;created_timestamp&quot;:&quot;0&quot;,&quot;copyright&quot;:&quot;&quot;,&quot;focal_length&quot;:&quot;0&quot;,&quot;iso&quot;:&quot;0&quot;,&quot;shutter_speed&quot;:&quot;0&quot;,&quot;title&quot;:&quot;&quot;}\" data-image-title=\"o-verao-2014-da-saint-laurent-paris-e-suas-new-faces (2)\" data-image-description=\"\" data-image-caption=\"&lt;p&gt;O ver\u00e3o 2014 da Saint Laurent Paris e suas new faces&lt;\/p&gt;\n\" data-medium-file=\"https:\/\/i0.wp.com\/agrund.com\/wp-content\/uploads\/sites\/6\/2013\/12\/o-verao-2014-da-saint-laurent-paris-e-suas-new-faces-2.jpg?fit=300%2C145&amp;ssl=1\" data-large-file=\"https:\/\/i0.wp.com\/agrund.com\/wp-content\/uploads\/sites\/6\/2013\/12\/o-verao-2014-da-saint-laurent-paris-e-suas-new-faces-2.jpg?fit=620%2C300&amp;ssl=1\" decoding=\"async\" loading=\"lazy\" class=\" wp-image-92389 \" alt=\"O ver\u00e3o 2014 da Saint Laurent Paris e suas new faces\" src=\"https:\/\/i0.wp.com\/www.agrund.com\/wp-content\/uploads\/sites\/6\/cache\/2013\/12\/o-verao-2014-da-saint-laurent-paris-e-suas-new-faces-2\/2876793592.jpg?resize=558%2C270\" width=\"558\" height=\"270\" data-recalc-dims=\"1\" \/><\/a><p id=\"caption-attachment-92389\" class=\"wp-caption-text\">O ver\u00e3o 2014 da Saint Laurent Paris e suas new faces<\/p><\/div>\n<div id=\"attachment_92390\" style=\"width: 568px\" class=\"wp-caption aligncenter\"><a href=\"https:\/\/i0.wp.com\/www.agrund.com\/wp-content\/uploads\/sites\/6\/2013\/12\/o-verao-2014-da-saint-laurent-paris-e-suas-new-faces-3.jpg\"><img aria-describedby=\"caption-attachment-92390\" data-attachment-id=\"92390\" data-permalink=\"https:\/\/agrund.com\/index.php\/o-verao-2014-da-saint-laurent-paris-e-suas-new-faces\/o-verao-2014-da-saint-laurent-paris-e-suas-new-faces-3\/\" data-orig-file=\"https:\/\/i0.wp.com\/agrund.com\/wp-content\/uploads\/sites\/6\/2013\/12\/o-verao-2014-da-saint-laurent-paris-e-suas-new-faces-3.jpg?fit=620%2C300&amp;ssl=1\" data-orig-size=\"620,300\" data-comments-opened=\"1\" data-image-meta=\"{&quot;aperture&quot;:&quot;0&quot;,&quot;credit&quot;:&quot;&quot;,&quot;camera&quot;:&quot;&quot;,&quot;caption&quot;:&quot;&quot;,&quot;created_timestamp&quot;:&quot;0&quot;,&quot;copyright&quot;:&quot;&quot;,&quot;focal_length&quot;:&quot;0&quot;,&quot;iso&quot;:&quot;0&quot;,&quot;shutter_speed&quot;:&quot;0&quot;,&quot;title&quot;:&quot;&quot;}\" data-image-title=\"o-verao-2014-da-saint-laurent-paris-e-suas-new-faces (3)\" data-image-description=\"\" data-image-caption=\"&lt;p&gt;O ver\u00e3o 2014 da Saint Laurent Paris e suas new faces&lt;\/p&gt;\n\" data-medium-file=\"https:\/\/i0.wp.com\/agrund.com\/wp-content\/uploads\/sites\/6\/2013\/12\/o-verao-2014-da-saint-laurent-paris-e-suas-new-faces-3.jpg?fit=300%2C145&amp;ssl=1\" data-large-file=\"https:\/\/i0.wp.com\/agrund.com\/wp-content\/uploads\/sites\/6\/2013\/12\/o-verao-2014-da-saint-laurent-paris-e-suas-new-faces-3.jpg?fit=620%2C300&amp;ssl=1\" decoding=\"async\" loading=\"lazy\" class=\" wp-image-92390 \" alt=\"O ver\u00e3o 2014 da Saint Laurent Paris e suas new faces\" src=\"https:\/\/i0.wp.com\/www.agrund.com\/wp-content\/uploads\/sites\/6\/cache\/2013\/12\/o-verao-2014-da-saint-laurent-paris-e-suas-new-faces-3\/1741840998.jpg?resize=558%2C270\" width=\"558\" height=\"270\" data-recalc-dims=\"1\" \/><\/a><p id=\"caption-attachment-92390\" class=\"wp-caption-text\">O ver\u00e3o 2014 da Saint Laurent Paris e suas new faces<\/p><\/div>\n<div id=\"attachment_92391\" style=\"width: 568px\" class=\"wp-caption aligncenter\"><a href=\"https:\/\/i0.wp.com\/www.agrund.com\/wp-content\/uploads\/sites\/6\/2013\/12\/o-verao-2014-da-saint-laurent-paris-e-suas-new-faces-4.jpg\"><img aria-describedby=\"caption-attachment-92391\" data-attachment-id=\"92391\" data-permalink=\"https:\/\/agrund.com\/index.php\/o-verao-2014-da-saint-laurent-paris-e-suas-new-faces\/o-verao-2014-da-saint-laurent-paris-e-suas-new-faces-4\/\" data-orig-file=\"https:\/\/i0.wp.com\/agrund.com\/wp-content\/uploads\/sites\/6\/2013\/12\/o-verao-2014-da-saint-laurent-paris-e-suas-new-faces-4.jpg?fit=620%2C413&amp;ssl=1\" data-orig-size=\"620,413\" data-comments-opened=\"1\" data-image-meta=\"{&quot;aperture&quot;:&quot;0&quot;,&quot;credit&quot;:&quot;&quot;,&quot;camera&quot;:&quot;&quot;,&quot;caption&quot;:&quot;&quot;,&quot;created_timestamp&quot;:&quot;0&quot;,&quot;copyright&quot;:&quot;&quot;,&quot;focal_length&quot;:&quot;0&quot;,&quot;iso&quot;:&quot;0&quot;,&quot;shutter_speed&quot;:&quot;0&quot;,&quot;title&quot;:&quot;&quot;}\" data-image-title=\"o-verao-2014-da-saint-laurent-paris-e-suas-new-faces (4)\" data-image-description=\"\" data-image-caption=\"&lt;p&gt;O ver\u00e3o 2014 da Saint Laurent Paris e suas new faces&lt;\/p&gt;\n\" data-medium-file=\"https:\/\/i0.wp.com\/agrund.com\/wp-content\/uploads\/sites\/6\/2013\/12\/o-verao-2014-da-saint-laurent-paris-e-suas-new-faces-4.jpg?fit=300%2C199&amp;ssl=1\" data-large-file=\"https:\/\/i0.wp.com\/agrund.com\/wp-content\/uploads\/sites\/6\/2013\/12\/o-verao-2014-da-saint-laurent-paris-e-suas-new-faces-4.jpg?fit=620%2C413&amp;ssl=1\" decoding=\"async\" loading=\"lazy\" class=\" wp-image-92391 \" alt=\"O ver\u00e3o 2014 da Saint Laurent Paris e suas new faces\" src=\"https:\/\/i0.wp.com\/www.agrund.com\/wp-content\/uploads\/sites\/6\/cache\/2013\/12\/o-verao-2014-da-saint-laurent-paris-e-suas-new-faces-4\/1830251391.jpg?resize=558%2C372\" width=\"558\" height=\"372\" data-recalc-dims=\"1\" \/><\/a><p id=\"caption-attachment-92391\" class=\"wp-caption-text\">O ver\u00e3o 2014 da Saint Laurent Paris e suas new faces<\/p><\/div>\n<div id=\"attachment_92392\" style=\"width: 568px\" class=\"wp-caption aligncenter\"><a href=\"https:\/\/i0.wp.com\/www.agrund.com\/wp-content\/uploads\/sites\/6\/2013\/12\/o-verao-2014-da-saint-laurent-paris-e-suas-new-faces-5.jpg\"><img aria-describedby=\"caption-attachment-92392\" data-attachment-id=\"92392\" data-permalink=\"https:\/\/agrund.com\/index.php\/o-verao-2014-da-saint-laurent-paris-e-suas-new-faces\/o-verao-2014-da-saint-laurent-paris-e-suas-new-faces-5\/\" data-orig-file=\"https:\/\/i0.wp.com\/agrund.com\/wp-content\/uploads\/sites\/6\/2013\/12\/o-verao-2014-da-saint-laurent-paris-e-suas-new-faces-5.jpg?fit=620%2C413&amp;ssl=1\" data-orig-size=\"620,413\" data-comments-opened=\"1\" data-image-meta=\"{&quot;aperture&quot;:&quot;0&quot;,&quot;credit&quot;:&quot;&quot;,&quot;camera&quot;:&quot;&quot;,&quot;caption&quot;:&quot;&quot;,&quot;created_timestamp&quot;:&quot;0&quot;,&quot;copyright&quot;:&quot;&quot;,&quot;focal_length&quot;:&quot;0&quot;,&quot;iso&quot;:&quot;0&quot;,&quot;shutter_speed&quot;:&quot;0&quot;,&quot;title&quot;:&quot;&quot;}\" data-image-title=\"o-verao-2014-da-saint-laurent-paris-e-suas-new-faces (5)\" data-image-description=\"\" data-image-caption=\"&lt;p&gt;O ver\u00e3o 2014 da Saint Laurent Paris e suas new faces&lt;\/p&gt;\n\" data-medium-file=\"https:\/\/i0.wp.com\/agrund.com\/wp-content\/uploads\/sites\/6\/2013\/12\/o-verao-2014-da-saint-laurent-paris-e-suas-new-faces-5.jpg?fit=300%2C199&amp;ssl=1\" data-large-file=\"https:\/\/i0.wp.com\/agrund.com\/wp-content\/uploads\/sites\/6\/2013\/12\/o-verao-2014-da-saint-laurent-paris-e-suas-new-faces-5.jpg?fit=620%2C413&amp;ssl=1\" decoding=\"async\" loading=\"lazy\" class=\" wp-image-92392 \" alt=\"O ver\u00e3o 2014 da Saint Laurent Paris e suas new faces\" src=\"https:\/\/i0.wp.com\/www.agrund.com\/wp-content\/uploads\/sites\/6\/cache\/2013\/12\/o-verao-2014-da-saint-laurent-paris-e-suas-new-faces-5\/2713545697.jpg?resize=558%2C372\" width=\"558\" height=\"372\" data-recalc-dims=\"1\" \/><\/a><p id=\"caption-attachment-92392\" class=\"wp-caption-text\">O ver\u00e3o 2014 da Saint Laurent Paris e suas new faces<\/p><\/div>\n<p>Imagens e V\u00eddeo: Reprodu\u00e7\u00e3o.<\/p>\n","protected":false},"excerpt":{"rendered":"<p>Nada de Marilyn Manson, como contamos AQUI, para o ver\u00e3o 2014 da Saint Laurent Paris. Hedi Slimane convocou tr\u00eas new faces para serem as estrelas da nova campanha da grife. Em uma atmosfera rocker, como j\u00e1 de costume, Natalie Westling, Jeff Friburgo e Nastya Sten aparecem nos cliques em P&amp;B assinados pelo pr\u00f3prio Slimane A [&hellip;]<\/p>\n","protected":false},"author":1,"featured_media":92394,"comment_status":"open","ping_status":"open","sticky":false,"template":"","format":"standard","meta":{"jetpack_post_was_ever_published":false,"_jetpack_newsletter_access":"","jetpack_publicize_message":"","jetpack_is_tweetstorm":false,"jetpack_publicize_feature_enabled":true,"jetpack_social_post_already_shared":true,"jetpack_social_options":{"image_generator_settings":{"template":"highway","enabled":false}}},"categories":[2],"tags":[],"jetpack_publicize_connections":[],"jetpack_featured_media_url":"https:\/\/i0.wp.com\/agrund.com\/wp-content\/uploads\/sites\/6\/2013\/12\/slide218.jpg?fit=960%2C300&ssl=1","jetpack_sharing_enabled":true,"jetpack_shortlink":"https:\/\/wp.me\/p3Hz0n-o27","jetpack_likes_enabled":true,"_links":{"self":[{"href":"https:\/\/agrund.com\/index.php\/wp-json\/wp\/v2\/posts\/92387"}],"collection":[{"href":"https:\/\/agrund.com\/index.php\/wp-json\/wp\/v2\/posts"}],"about":[{"href":"https:\/\/agrund.com\/index.php\/wp-json\/wp\/v2\/types\/post"}],"author":[{"embeddable":true,"href":"https:\/\/agrund.com\/index.php\/wp-json\/wp\/v2\/users\/1"}],"replies":[{"embeddable":true,"href":"https:\/\/agrund.com\/index.php\/wp-json\/wp\/v2\/comments?post=92387"}],"version-history":[{"count":0,"href":"https:\/\/agrund.com\/index.php\/wp-json\/wp\/v2\/posts\/92387\/revisions"}],"wp:featuredmedia":[{"embeddable":true,"href":"https:\/\/agrund.com\/index.php\/wp-json\/wp\/v2\/media\/92394"}],"wp:attachment":[{"href":"https:\/\/agrund.com\/index.php\/wp-json\/wp\/v2\/media?parent=92387"}],"wp:term":[{"taxonomy":"category","embeddable":true,"href":"https:\/\/agrund.com\/index.php\/wp-json\/wp\/v2\/categories?post=92387"},{"taxonomy":"post_tag","embeddable":true,"href":"https:\/\/agrund.com\/index.php\/wp-json\/wp\/v2\/tags?post=92387"}],"curies":[{"name":"wp","href":"https:\/\/api.w.org\/{rel}","templated":true}]}}