{"id":9148,"date":"2011-05-03T10:54:32","date_gmt":"2011-05-03T13:54:32","guid":{"rendered":"http:\/\/www.agrund.com\/blogs\/notas\/?p=9148"},"modified":"2011-05-03T10:54:32","modified_gmt":"2011-05-03T13:54:32","slug":"filme-sobre-a-morte-de-osama-ja-esta-sendo-filmado-2","status":"publish","type":"post","link":"https:\/\/agrund.com\/index.php\/filme-sobre-a-morte-de-osama-ja-esta-sendo-filmado-2\/","title":{"rendered":"Filme sobre a morte de Osama j\u00e1 est\u00e1 sendo filmado"},"content":{"rendered":"<p>O chefe da Al-Qaeda mal foi morto pelas for\u00e7as militares americanas no Paquist\u00e3o \u2013 literalmente, j\u00e1 que as d\u00favidas sobre a veracidade do fato continuam &#8211; e Hollywood j\u00e1 est\u00e1 planejando rodar filme sobre o terrorista.<\/p>\n<p>A diretora Kathryn Bigelow e o roteirista Mark Boal j\u00e1 estavam trabalhando no roteiro sobre a ca\u00e7ada ao foragido por algum tempo, e agora pretendem basear a hist\u00f3ria sobre a \u00f3tica do SEAL (Sea, Air and Land) \u2013 equipe que acabou por matar o criminoso.<\/p>\n<p>Mark j\u00e1 vem acompanhado a \u201cca\u00e7ada\u201d durante algum tempo, mas depois da morte iminente, ele agora pretende reformular o script\u2013 incluindo detalhes do ataque contra o complexo no Paquist\u00e3o, onde Osama Bin Laden foi finalmente morto.<\/p>\n<p>O casting do filme est\u00e1 em andamento e as filmagens est\u00e3o previstas para come\u00e7ar daqui alguns meses.<\/p>\n<p>Atualmente, Kathryn e Mark trabalham na produ\u00e7\u00e3o de &#8216;Triple Frontier&#8217;, estrelada por Tom Hanks,. O filme conta a hist\u00f3ria da zona de fronteira not\u00f3ria entre Paraguai, Argentina e Brasil, que \u00e9 um ponto do crime organizado e, de acordo com o Departamento US Treasury, um centro poss\u00edvel para o terrorismo isl\u00e2mico na America do Sul.<\/p>\n<p>Preparem-se que n\u00e3o vai ser o \u00fanico filme sobre o assunto&#8230; al\u00f4 Michael Moore?<\/p>\n<p style=\"text-align: center\"><img decoding=\"async\" loading=\"lazy\" class=\"aligncenter size-full wp-image-9127\" src=\"https:\/\/i0.wp.com\/www.agrund.com\/arquivo\/notas\/files\/2011\/05\/1304419691-23-650x1000.jpg?resize=455%2C700\" alt=\"\" width=\"455\" height=\"700\" data-recalc-dims=\"1\" \/><\/p>\n","protected":false},"excerpt":{"rendered":"<p>O chefe da Al-Qaeda mal foi morto pelas for\u00e7as militares americanas no Paquist\u00e3o \u2013 literalmente, j\u00e1 que as d\u00favidas sobre a veracidade do fato continuam &#8211; e Hollywood j\u00e1 est\u00e1 planejando rodar filme sobre o terrorista. A diretora Kathryn Bigelow e o roteirista Mark Boal j\u00e1 estavam trabalhando no roteiro sobre a ca\u00e7ada ao foragido [&hellip;]<\/p>\n","protected":false},"author":8,"featured_media":9169,"comment_status":"open","ping_status":"open","sticky":false,"template":"","format":"standard","meta":{"jetpack_post_was_ever_published":false,"_jetpack_newsletter_access":"","jetpack_publicize_message":"","jetpack_is_tweetstorm":false,"jetpack_publicize_feature_enabled":true,"jetpack_social_post_already_shared":false,"jetpack_social_options":{"image_generator_settings":{"template":"highway","enabled":false}}},"categories":[2],"tags":[],"jetpack_publicize_connections":[],"jetpack_featured_media_url":"","jetpack_sharing_enabled":true,"jetpack_shortlink":"https:\/\/wp.me\/p3Hz0n-2ny","jetpack_likes_enabled":true,"_links":{"self":[{"href":"https:\/\/agrund.com\/index.php\/wp-json\/wp\/v2\/posts\/9148"}],"collection":[{"href":"https:\/\/agrund.com\/index.php\/wp-json\/wp\/v2\/posts"}],"about":[{"href":"https:\/\/agrund.com\/index.php\/wp-json\/wp\/v2\/types\/post"}],"author":[{"embeddable":true,"href":"https:\/\/agrund.com\/index.php\/wp-json\/wp\/v2\/users\/8"}],"replies":[{"embeddable":true,"href":"https:\/\/agrund.com\/index.php\/wp-json\/wp\/v2\/comments?post=9148"}],"version-history":[{"count":0,"href":"https:\/\/agrund.com\/index.php\/wp-json\/wp\/v2\/posts\/9148\/revisions"}],"wp:featuredmedia":[{"embeddable":true,"href":"https:\/\/agrund.com\/index.php\/wp-json\/"}],"wp:attachment":[{"href":"https:\/\/agrund.com\/index.php\/wp-json\/wp\/v2\/media?parent=9148"}],"wp:term":[{"taxonomy":"category","embeddable":true,"href":"https:\/\/agrund.com\/index.php\/wp-json\/wp\/v2\/categories?post=9148"},{"taxonomy":"post_tag","embeddable":true,"href":"https:\/\/agrund.com\/index.php\/wp-json\/wp\/v2\/tags?post=9148"}],"curies":[{"name":"wp","href":"https:\/\/api.w.org\/{rel}","templated":true}]}}