{"id":8870,"date":"2011-04-27T15:30:02","date_gmt":"2011-04-27T18:30:02","guid":{"rendered":"http:\/\/www.agrund.com\/blogs\/notas\/?p=8870"},"modified":"2011-04-27T15:30:02","modified_gmt":"2011-04-27T18:30:02","slug":"indicacao-de-tali-lennox","status":"publish","type":"post","link":"https:\/\/agrund.com\/index.php\/indicacao-de-tali-lennox\/","title":{"rendered":"Indica\u00e7\u00e3o de Tali Lennox"},"content":{"rendered":"<p>Voc\u00ea j\u00e1 ouviu falar da Tali Lennox? Nem pelo sobrenome? Voc\u00ea acha que \u00e9 mais uma cantora? Errou. Ela \u00e9 filha da cantora inglesa Annie Lennox. Com 18 anos Tali foi indicada para o pr\u00eamio Modelo do Ano 2011 na Inglaterra. A adolescente que j\u00e1 apareceu em campanhas como Burberry e na passarela da Prada, Chanel&#8230; vai aguardar at\u00e9 junho para saber do resultado no Sixth Annual Scottish Fashion Awards. O que voc\u00ea acha da beleza dela?<\/p>\n<p style=\"text-align: center\"><img decoding=\"async\" loading=\"lazy\" class=\"aligncenter size-full wp-image-8871\" src=\"https:\/\/i0.wp.com\/www.agrund.com\/arquivo\/notas\/files\/2011\/04\/134.jpg?resize=409%2C588\" alt=\"\" width=\"409\" height=\"588\" data-recalc-dims=\"1\" \/><img decoding=\"async\" loading=\"lazy\" class=\"aligncenter size-full wp-image-8874\" src=\"https:\/\/i0.wp.com\/www.agrund.com\/arquivo\/notas\/files\/2011\/04\/313.jpg?resize=426%2C639\" alt=\"\" width=\"426\" height=\"639\" data-recalc-dims=\"1\" \/><img decoding=\"async\" loading=\"lazy\" class=\"aligncenter size-full wp-image-8875\" src=\"https:\/\/i0.wp.com\/www.agrund.com\/arquivo\/notas\/files\/2011\/04\/214.jpg?resize=467%2C334\" alt=\"\" width=\"467\" height=\"334\" data-recalc-dims=\"1\" \/><\/p>\n","protected":false},"excerpt":{"rendered":"<p>Voc\u00ea j\u00e1 ouviu falar da Tali Lennox? Nem pelo sobrenome? Voc\u00ea acha que \u00e9 mais uma cantora? Errou. Ela \u00e9 filha da cantora inglesa Annie Lennox. Com 18 anos Tali foi indicada para o pr\u00eamio Modelo do Ano 2011 na Inglaterra. A adolescente que j\u00e1 apareceu em campanhas como Burberry e na passarela da Prada, [&hellip;]<\/p>\n","protected":false},"author":8,"featured_media":8871,"comment_status":"open","ping_status":"open","sticky":false,"template":"","format":"standard","meta":{"jetpack_post_was_ever_published":false,"_jetpack_newsletter_access":"","jetpack_publicize_message":"","jetpack_is_tweetstorm":false,"jetpack_publicize_feature_enabled":true,"jetpack_social_post_already_shared":false,"jetpack_social_options":{"image_generator_settings":{"template":"highway","enabled":false}}},"categories":[2],"tags":[],"jetpack_publicize_connections":[],"jetpack_featured_media_url":"","jetpack_sharing_enabled":true,"jetpack_shortlink":"https:\/\/wp.me\/p3Hz0n-2j4","jetpack_likes_enabled":true,"_links":{"self":[{"href":"https:\/\/agrund.com\/index.php\/wp-json\/wp\/v2\/posts\/8870"}],"collection":[{"href":"https:\/\/agrund.com\/index.php\/wp-json\/wp\/v2\/posts"}],"about":[{"href":"https:\/\/agrund.com\/index.php\/wp-json\/wp\/v2\/types\/post"}],"author":[{"embeddable":true,"href":"https:\/\/agrund.com\/index.php\/wp-json\/wp\/v2\/users\/8"}],"replies":[{"embeddable":true,"href":"https:\/\/agrund.com\/index.php\/wp-json\/wp\/v2\/comments?post=8870"}],"version-history":[{"count":0,"href":"https:\/\/agrund.com\/index.php\/wp-json\/wp\/v2\/posts\/8870\/revisions"}],"wp:featuredmedia":[{"embeddable":true,"href":"https:\/\/agrund.com\/index.php\/wp-json\/"}],"wp:attachment":[{"href":"https:\/\/agrund.com\/index.php\/wp-json\/wp\/v2\/media?parent=8870"}],"wp:term":[{"taxonomy":"category","embeddable":true,"href":"https:\/\/agrund.com\/index.php\/wp-json\/wp\/v2\/categories?post=8870"},{"taxonomy":"post_tag","embeddable":true,"href":"https:\/\/agrund.com\/index.php\/wp-json\/wp\/v2\/tags?post=8870"}],"curies":[{"name":"wp","href":"https:\/\/api.w.org\/{rel}","templated":true}]}}