{"id":881,"date":"2010-10-12T18:14:38","date_gmt":"2010-10-12T21:14:38","guid":{"rendered":"http:\/\/www.agrund.com\/blogs\/notas\/?p=881"},"modified":"2010-10-12T18:14:38","modified_gmt":"2010-10-12T21:14:38","slug":"artistas-imagens-discursos-e-etc","status":"publish","type":"post","link":"https:\/\/agrund.com\/index.php\/artistas-imagens-discursos-e-etc\/","title":{"rendered":"Artistas, imagens, discursos e etc"},"content":{"rendered":"<p><span style=\"color: #808080\">Por Carmem Marinho<\/span><\/p>\n<p><strong>Atrair a aten\u00e7\u00e3o, lan\u00e7ar moda, chocar, qual o objetivo dos artistas com a pr\u00f3pria imagem?<\/strong><\/p>\n<p>A imagem de um artista nasce, seja de maneira natural ou estudada, para refor\u00e7ar o discurso da sua obra. Um visual bem elaborado e condizente com a produ\u00e7\u00e3o art\u00edstica que desenvolve, e que seja ao mesmo tempo marcante, \u00e9 uma ferramenta b\u00e1sica para quem deseja chamar a aten\u00e7\u00e3o da m\u00eddia, e, consequentemente, do p\u00fablico para um determinado trabalho. Cortes e cores de cabelos inusitados, unidos a <em>looks<\/em> criativos e trabalhados em seus m\u00ednimos detalhes, formam os pilares dessa constru\u00e7\u00e3o.<\/p>\n<p>A elabora\u00e7\u00e3o dessa imagem marcante, e, de prefer\u00eancia, exclusiva, n\u00e3o \u00e9 uma estrat\u00e9gia nova. Ela permeou a hist\u00f3ria de v\u00e1rios artistas do s\u00e9culo passado e parece ganhar mais impulso a cada dia. \u00c9 na \u00e1rea da m\u00fasica que essa busca sempre foi mais latente. Podemos citar como exemplos de sucesso no uso da imagem para auto-promo\u00e7\u00e3o desde Carmem Miranda, passando por Elvis Presley, Michael Jackson e a insuper\u00e1vel nesse quesito, Madona.<\/p>\n<p><img decoding=\"async\" loading=\"lazy\" class=\"aligncenter size-full wp-image-882\" title=\"Picture 4\" src=\"\/wp-content\/uploads\/2010\/10\/Picture-4.png\" alt=\"\" width=\"753\" height=\"350\" \/><\/p>\n<p>Na verdade, h\u00e1 uma lista intermin\u00e1vel de artistas com visuais criativos e impactantes, que seria imposs\u00edvel de ser reproduzida neste texto. Mais recentemente, podemos citar as pol\u00eamicas Amy Winehouse e Lady Gaga, que tornaram-se verdadeiros \u00edcones para o mundo fashion como num passe de m\u00e1gica, atraindo, com isso, olhares amplificados para os seus trabalhos.<\/p>\n<p><img decoding=\"async\" loading=\"lazy\" class=\"aligncenter size-full wp-image-883\" title=\"Picture 5\" src=\"\/wp-content\/uploads\/2010\/10\/Picture-5.png\" alt=\"\" width=\"570\" height=\"434\" \/><\/p>\n<p>\u00c9 fato que a partir do que determinam para as suas imagens, muitos artistas se tornam tamb\u00e9m referenciais de moda, contudo, no passado, a maioria n\u00e3o possu\u00eda esse objetivo t\u00e3o claro. Alguns, de maneira natural, conseguiram essa fa\u00e7anha como<strong> <\/strong>Kurt Cobain, vocalista do grupo Nirvana. Atualmente, al\u00e9m de chamarem a aten\u00e7\u00e3o para a sua arte, muitos desejam conscientemente serem considerados referenciais de moda, e, em muitos casos, parecem exagerar na dose. Como \u00e9 o caso da j\u00e1 citada Lady Gaga e a sua roupa feita de carne crua.<\/p>\n<p><img decoding=\"async\" loading=\"lazy\" class=\"aligncenter size-full wp-image-884\" title=\"Picture 6\" src=\"\/wp-content\/uploads\/2010\/10\/Picture-6.png\" alt=\"\" width=\"290\" height=\"426\" \/><\/p>\n<p>Atrair a aten\u00e7\u00e3o para um trabalho de maneira positiva, a partir de uma imagem inusitada e marcante, n\u00e3o est\u00e1 ligada a intensidade do impacto que esta ir\u00e1 causar, mas principalmente a criatividade e consist\u00eancia do seu discurso. Nesse sentido, podemos fazer o seguinte questionamento: existe limite na cria\u00e7\u00e3o de uma imagem dentro do mundo art\u00edstico?<\/p>\n<p>Os Beatles podem ser usados como exemplo da import\u00e2ncia da imagem para a ratifica\u00e7\u00e3o de um discurso musical. Mas tamb\u00e9m do poder desta no direcionamento de uma est\u00e9tica adotada por muitos, em um determinado per\u00edodo, ou seja, na moda. Ao longo da sua curta, por\u00e9m brilhante exist\u00eancia, eles assumiram diferentes estilos, que condiziam com cada fase da\u00a0 evolu\u00e7\u00e3o art\u00edstica do grupo e da sociedade da \u00e9poca. E, atrav\u00e9s da sua influ\u00eancia, disseminaram seus visuais pelo mundo.<\/p>\n<p><img decoding=\"async\" loading=\"lazy\" class=\"aligncenter size-full wp-image-885\" title=\"Picture 7\" src=\"\/wp-content\/uploads\/2010\/10\/Picture-7.png\" alt=\"\" width=\"682\" height=\"639\" \/><\/p>\n<p>\u00c9 importante lembrar que alguns artistas ligados a dramaturgia e as artes pl\u00e1sticas tamb\u00e9m perpetuaram suas imagens, seus estilos e ainda s\u00e3o lembrados por eles. \u00c9 o caso da diva do cinema Marilyn Monroe e do famoso pintor do movimento Surrealista Salvador Dali.<\/p>\n<p><img decoding=\"async\" loading=\"lazy\" class=\"aligncenter size-full wp-image-886\" title=\"Picture 8\" src=\"\/wp-content\/uploads\/2010\/10\/Picture-8.png\" alt=\"\" width=\"605\" height=\"438\" \/><\/p>\n<p>Carmem Marinho \u00e9 Rela\u00e7\u00f5es P\u00fablicas, especialista em Cultura de Moda, Consultora de Imagem e professora de Design de Moda e Produ\u00e7\u00e3o de Moda e <em>Styling<\/em>.<\/p>\n","protected":false},"excerpt":{"rendered":"<p>Por Carmem Marinho Atrair a aten\u00e7\u00e3o, lan\u00e7ar moda, chocar, qual o objetivo dos artistas com a pr\u00f3pria imagem? A imagem de um artista nasce, seja de maneira natural ou estudada, para refor\u00e7ar o discurso da sua obra. Um visual bem elaborado e condizente com a produ\u00e7\u00e3o art\u00edstica que desenvolve, e que seja ao mesmo tempo [&hellip;]<\/p>\n","protected":false},"author":8,"featured_media":882,"comment_status":"open","ping_status":"open","sticky":false,"template":"","format":"standard","meta":{"jetpack_post_was_ever_published":false,"_jetpack_newsletter_access":"","jetpack_publicize_message":"","jetpack_is_tweetstorm":false,"jetpack_publicize_feature_enabled":true,"jetpack_social_post_already_shared":false,"jetpack_social_options":{"image_generator_settings":{"template":"highway","enabled":false}}},"categories":[2],"tags":[],"jetpack_publicize_connections":[],"jetpack_featured_media_url":"","jetpack_sharing_enabled":true,"jetpack_shortlink":"https:\/\/wp.me\/p3Hz0n-ed","jetpack_likes_enabled":true,"_links":{"self":[{"href":"https:\/\/agrund.com\/index.php\/wp-json\/wp\/v2\/posts\/881"}],"collection":[{"href":"https:\/\/agrund.com\/index.php\/wp-json\/wp\/v2\/posts"}],"about":[{"href":"https:\/\/agrund.com\/index.php\/wp-json\/wp\/v2\/types\/post"}],"author":[{"embeddable":true,"href":"https:\/\/agrund.com\/index.php\/wp-json\/wp\/v2\/users\/8"}],"replies":[{"embeddable":true,"href":"https:\/\/agrund.com\/index.php\/wp-json\/wp\/v2\/comments?post=881"}],"version-history":[{"count":0,"href":"https:\/\/agrund.com\/index.php\/wp-json\/wp\/v2\/posts\/881\/revisions"}],"wp:featuredmedia":[{"embeddable":true,"href":"https:\/\/agrund.com\/index.php\/wp-json\/"}],"wp:attachment":[{"href":"https:\/\/agrund.com\/index.php\/wp-json\/wp\/v2\/media?parent=881"}],"wp:term":[{"taxonomy":"category","embeddable":true,"href":"https:\/\/agrund.com\/index.php\/wp-json\/wp\/v2\/categories?post=881"},{"taxonomy":"post_tag","embeddable":true,"href":"https:\/\/agrund.com\/index.php\/wp-json\/wp\/v2\/tags?post=881"}],"curies":[{"name":"wp","href":"https:\/\/api.w.org\/{rel}","templated":true}]}}