{"id":87189,"date":"2013-10-10T13:00:46","date_gmt":"2013-10-10T16:00:46","guid":{"rendered":"http:\/\/www.agrund.com\/?p=87189"},"modified":"2013-10-10T12:29:29","modified_gmt":"2013-10-10T15:29:29","slug":"minas-trend-inverno-2014-aurea-prates","status":"publish","type":"post","link":"https:\/\/agrund.com\/index.php\/minas-trend-inverno-2014-aurea-prates\/","title":{"rendered":"Minas Trend Inverno 2014 :: \u00c1urea Prates"},"content":{"rendered":"<p style=\"text-align: right;\">Por Gustavo luz<\/p>\n<p>O estilo grunge \u00e9 a aposta da marca para a esta\u00e7\u00e3o, apresentando malhas pesadas em pe\u00e7as que remetem aos moletons dos anos 70. Os shapes reproduzem as formas dessas roupas, priorizando as sweat-shirts com delicados acabamentos tricotados, a jaqueta bomber e as cal\u00e7as jogging bem estruturadas.<\/p>\n<p>A composi\u00e7\u00e3o dos looks elege tamb\u00e9m os casaquetos e saias em tweeds, camisas e blazers de organza requintados, saias retas com jab\u00f4s nas barras, vestidos camisolas sobrepostos e cardigans mais soltos em malha misturada com seda.<\/p>\n<p>O xadrez t\u00edpico do estilo grunge ganha interpreta\u00e7\u00e3o artesanal atrav\u00e9s do recorte em organzas de cores diferentes cortados no fio, recurso largamente usado na cole\u00e7\u00e3o.<\/p>\n<p>A feminilidade \u00e9 resgatada atrav\u00e9s de vestidos com shapes quadrados adornados com miniplumas e pontos de cristal e de saias em organza, que deixam transparecer estampas florais em azul cobalto e preto. Os tecidos s\u00e3o organzas, sedas, chiffons de seda pura, tweeds e malhas mescladas.<\/p>\n<div id=\"attachment_87190\" style=\"width: 510px\" class=\"wp-caption aligncenter\"><a href=\"https:\/\/i0.wp.com\/www.agrund.com\/wp-content\/uploads\/sites\/6\/2013\/10\/minas-trend-inverno-2014-aurea-prates-1.jpg\"><img aria-describedby=\"caption-attachment-87190\" data-attachment-id=\"87190\" data-permalink=\"https:\/\/agrund.com\/index.php\/minas-trend-inverno-2014-aurea-prates\/minas-trend-inverno-2014-aurea-prates-1\/\" data-orig-file=\"https:\/\/i0.wp.com\/agrund.com\/wp-content\/uploads\/sites\/6\/2013\/10\/minas-trend-inverno-2014-aurea-prates-1.jpg?fit=500%2C748&amp;ssl=1\" data-orig-size=\"500,748\" data-comments-opened=\"1\" data-image-meta=\"{&quot;aperture&quot;:&quot;0&quot;,&quot;credit&quot;:&quot;&quot;,&quot;camera&quot;:&quot;&quot;,&quot;caption&quot;:&quot;&quot;,&quot;created_timestamp&quot;:&quot;0&quot;,&quot;copyright&quot;:&quot;&quot;,&quot;focal_length&quot;:&quot;0&quot;,&quot;iso&quot;:&quot;0&quot;,&quot;shutter_speed&quot;:&quot;0&quot;,&quot;title&quot;:&quot;&quot;}\" data-image-title=\"minas-trend-inverno-2014-aurea-prates (1)\" data-image-description=\"\" data-image-caption=\"&lt;p&gt;Minas Trend Inverno 2014 :: \u00c1urea Prates&lt;\/p&gt;\n\" data-medium-file=\"https:\/\/i0.wp.com\/agrund.com\/wp-content\/uploads\/sites\/6\/2013\/10\/minas-trend-inverno-2014-aurea-prates-1.jpg?fit=200%2C300&amp;ssl=1\" data-large-file=\"https:\/\/i0.wp.com\/agrund.com\/wp-content\/uploads\/sites\/6\/2013\/10\/minas-trend-inverno-2014-aurea-prates-1.jpg?fit=500%2C748&amp;ssl=1\" decoding=\"async\" loading=\"lazy\" class=\"size-full wp-image-87190\" alt=\"Minas Trend Inverno 2014 :: \u00c1urea Prates\" src=\"https:\/\/i0.wp.com\/www.agrund.com\/wp-content\/uploads\/sites\/6\/2013\/10\/minas-trend-inverno-2014-aurea-prates-1.jpg?resize=500%2C748\" width=\"500\" height=\"748\" srcset=\"https:\/\/i0.wp.com\/agrund.com\/wp-content\/uploads\/sites\/6\/2013\/10\/minas-trend-inverno-2014-aurea-prates-1.jpg?w=500&amp;ssl=1 500w, https:\/\/i0.wp.com\/agrund.com\/wp-content\/uploads\/sites\/6\/2013\/10\/minas-trend-inverno-2014-aurea-prates-1.jpg?resize=200%2C300&amp;ssl=1 200w\" sizes=\"(max-width: 500px) 100vw, 500px\" data-recalc-dims=\"1\" \/><\/a><p id=\"caption-attachment-87190\" class=\"wp-caption-text\">Minas Trend Inverno 2014 :: \u00c1urea Prates<\/p><\/div>\n<div id=\"attachment_87191\" style=\"width: 510px\" class=\"wp-caption aligncenter\"><a href=\"https:\/\/i0.wp.com\/www.agrund.com\/wp-content\/uploads\/sites\/6\/2013\/10\/minas-trend-inverno-2014-aurea-prates-2.jpg\"><img aria-describedby=\"caption-attachment-87191\" data-attachment-id=\"87191\" data-permalink=\"https:\/\/agrund.com\/index.php\/minas-trend-inverno-2014-aurea-prates\/minas-trend-inverno-2014-aurea-prates-2\/\" data-orig-file=\"https:\/\/i0.wp.com\/agrund.com\/wp-content\/uploads\/sites\/6\/2013\/10\/minas-trend-inverno-2014-aurea-prates-2.jpg?fit=500%2C748&amp;ssl=1\" data-orig-size=\"500,748\" data-comments-opened=\"1\" data-image-meta=\"{&quot;aperture&quot;:&quot;0&quot;,&quot;credit&quot;:&quot;&quot;,&quot;camera&quot;:&quot;&quot;,&quot;caption&quot;:&quot;&quot;,&quot;created_timestamp&quot;:&quot;0&quot;,&quot;copyright&quot;:&quot;&quot;,&quot;focal_length&quot;:&quot;0&quot;,&quot;iso&quot;:&quot;0&quot;,&quot;shutter_speed&quot;:&quot;0&quot;,&quot;title&quot;:&quot;&quot;}\" data-image-title=\"minas-trend-inverno-2014-aurea-prates (2)\" data-image-description=\"\" data-image-caption=\"&lt;p&gt;Minas Trend Inverno 2014 :: \u00c1urea Prates&lt;\/p&gt;\n\" data-medium-file=\"https:\/\/i0.wp.com\/agrund.com\/wp-content\/uploads\/sites\/6\/2013\/10\/minas-trend-inverno-2014-aurea-prates-2.jpg?fit=200%2C300&amp;ssl=1\" data-large-file=\"https:\/\/i0.wp.com\/agrund.com\/wp-content\/uploads\/sites\/6\/2013\/10\/minas-trend-inverno-2014-aurea-prates-2.jpg?fit=500%2C748&amp;ssl=1\" decoding=\"async\" loading=\"lazy\" class=\"size-full wp-image-87191\" alt=\"Minas Trend Inverno 2014 :: \u00c1urea Prates\" src=\"https:\/\/i0.wp.com\/www.agrund.com\/wp-content\/uploads\/sites\/6\/2013\/10\/minas-trend-inverno-2014-aurea-prates-2.jpg?resize=500%2C748\" width=\"500\" height=\"748\" srcset=\"https:\/\/i0.wp.com\/agrund.com\/wp-content\/uploads\/sites\/6\/2013\/10\/minas-trend-inverno-2014-aurea-prates-2.jpg?w=500&amp;ssl=1 500w, https:\/\/i0.wp.com\/agrund.com\/wp-content\/uploads\/sites\/6\/2013\/10\/minas-trend-inverno-2014-aurea-prates-2.jpg?resize=200%2C300&amp;ssl=1 200w\" sizes=\"(max-width: 500px) 100vw, 500px\" data-recalc-dims=\"1\" \/><\/a><p id=\"caption-attachment-87191\" class=\"wp-caption-text\">Minas Trend Inverno 2014 :: \u00c1urea Prates<\/p><\/div>\n<div id=\"attachment_87192\" style=\"width: 510px\" class=\"wp-caption aligncenter\"><a href=\"https:\/\/i0.wp.com\/www.agrund.com\/wp-content\/uploads\/sites\/6\/2013\/10\/minas-trend-inverno-2014-aurea-prates-3.jpg\"><img aria-describedby=\"caption-attachment-87192\" data-attachment-id=\"87192\" data-permalink=\"https:\/\/agrund.com\/index.php\/minas-trend-inverno-2014-aurea-prates\/minas-trend-inverno-2014-aurea-prates-3\/\" data-orig-file=\"https:\/\/i0.wp.com\/agrund.com\/wp-content\/uploads\/sites\/6\/2013\/10\/minas-trend-inverno-2014-aurea-prates-3.jpg?fit=500%2C748&amp;ssl=1\" data-orig-size=\"500,748\" data-comments-opened=\"1\" data-image-meta=\"{&quot;aperture&quot;:&quot;0&quot;,&quot;credit&quot;:&quot;&quot;,&quot;camera&quot;:&quot;&quot;,&quot;caption&quot;:&quot;&quot;,&quot;created_timestamp&quot;:&quot;0&quot;,&quot;copyright&quot;:&quot;&quot;,&quot;focal_length&quot;:&quot;0&quot;,&quot;iso&quot;:&quot;0&quot;,&quot;shutter_speed&quot;:&quot;0&quot;,&quot;title&quot;:&quot;&quot;}\" data-image-title=\"minas-trend-inverno-2014-aurea-prates (3)\" data-image-description=\"\" data-image-caption=\"&lt;p&gt;Minas Trend Inverno 2014 :: \u00c1urea Prates&lt;\/p&gt;\n\" data-medium-file=\"https:\/\/i0.wp.com\/agrund.com\/wp-content\/uploads\/sites\/6\/2013\/10\/minas-trend-inverno-2014-aurea-prates-3.jpg?fit=200%2C300&amp;ssl=1\" data-large-file=\"https:\/\/i0.wp.com\/agrund.com\/wp-content\/uploads\/sites\/6\/2013\/10\/minas-trend-inverno-2014-aurea-prates-3.jpg?fit=500%2C748&amp;ssl=1\" decoding=\"async\" loading=\"lazy\" class=\"size-full wp-image-87192\" alt=\"Minas Trend Inverno 2014 :: \u00c1urea Prates\" src=\"https:\/\/i0.wp.com\/www.agrund.com\/wp-content\/uploads\/sites\/6\/2013\/10\/minas-trend-inverno-2014-aurea-prates-3.jpg?resize=500%2C748\" width=\"500\" height=\"748\" srcset=\"https:\/\/i0.wp.com\/agrund.com\/wp-content\/uploads\/sites\/6\/2013\/10\/minas-trend-inverno-2014-aurea-prates-3.jpg?w=500&amp;ssl=1 500w, https:\/\/i0.wp.com\/agrund.com\/wp-content\/uploads\/sites\/6\/2013\/10\/minas-trend-inverno-2014-aurea-prates-3.jpg?resize=200%2C300&amp;ssl=1 200w\" sizes=\"(max-width: 500px) 100vw, 500px\" data-recalc-dims=\"1\" \/><\/a><p id=\"caption-attachment-87192\" class=\"wp-caption-text\">Minas Trend Inverno 2014 :: \u00c1urea Prates<\/p><\/div>\n<div id=\"attachment_87193\" style=\"width: 510px\" class=\"wp-caption aligncenter\"><a href=\"https:\/\/i0.wp.com\/www.agrund.com\/wp-content\/uploads\/sites\/6\/2013\/10\/minas-trend-inverno-2014-aurea-prates-4.jpg\"><img aria-describedby=\"caption-attachment-87193\" data-attachment-id=\"87193\" data-permalink=\"https:\/\/agrund.com\/index.php\/minas-trend-inverno-2014-aurea-prates\/minas-trend-inverno-2014-aurea-prates-4\/\" data-orig-file=\"https:\/\/i0.wp.com\/agrund.com\/wp-content\/uploads\/sites\/6\/2013\/10\/minas-trend-inverno-2014-aurea-prates-4.jpg?fit=500%2C748&amp;ssl=1\" data-orig-size=\"500,748\" data-comments-opened=\"1\" data-image-meta=\"{&quot;aperture&quot;:&quot;0&quot;,&quot;credit&quot;:&quot;&quot;,&quot;camera&quot;:&quot;&quot;,&quot;caption&quot;:&quot;&quot;,&quot;created_timestamp&quot;:&quot;0&quot;,&quot;copyright&quot;:&quot;&quot;,&quot;focal_length&quot;:&quot;0&quot;,&quot;iso&quot;:&quot;0&quot;,&quot;shutter_speed&quot;:&quot;0&quot;,&quot;title&quot;:&quot;&quot;}\" data-image-title=\"minas-trend-inverno-2014-aurea-prates (4)\" data-image-description=\"\" data-image-caption=\"&lt;p&gt;Minas Trend Inverno 2014 :: \u00c1urea Prates&lt;\/p&gt;\n\" data-medium-file=\"https:\/\/i0.wp.com\/agrund.com\/wp-content\/uploads\/sites\/6\/2013\/10\/minas-trend-inverno-2014-aurea-prates-4.jpg?fit=200%2C300&amp;ssl=1\" data-large-file=\"https:\/\/i0.wp.com\/agrund.com\/wp-content\/uploads\/sites\/6\/2013\/10\/minas-trend-inverno-2014-aurea-prates-4.jpg?fit=500%2C748&amp;ssl=1\" decoding=\"async\" loading=\"lazy\" class=\"size-full wp-image-87193\" alt=\"Minas Trend Inverno 2014 :: \u00c1urea Prates\" src=\"https:\/\/i0.wp.com\/www.agrund.com\/wp-content\/uploads\/sites\/6\/2013\/10\/minas-trend-inverno-2014-aurea-prates-4.jpg?resize=500%2C748\" width=\"500\" height=\"748\" srcset=\"https:\/\/i0.wp.com\/agrund.com\/wp-content\/uploads\/sites\/6\/2013\/10\/minas-trend-inverno-2014-aurea-prates-4.jpg?w=500&amp;ssl=1 500w, https:\/\/i0.wp.com\/agrund.com\/wp-content\/uploads\/sites\/6\/2013\/10\/minas-trend-inverno-2014-aurea-prates-4.jpg?resize=200%2C300&amp;ssl=1 200w\" sizes=\"(max-width: 500px) 100vw, 500px\" data-recalc-dims=\"1\" \/><\/a><p id=\"caption-attachment-87193\" class=\"wp-caption-text\">Minas Trend Inverno 2014 :: \u00c1urea Prates<\/p><\/div>\n<div id=\"attachment_87194\" style=\"width: 510px\" class=\"wp-caption aligncenter\"><a href=\"https:\/\/i0.wp.com\/www.agrund.com\/wp-content\/uploads\/sites\/6\/2013\/10\/minas-trend-inverno-2014-aurea-prates-5.jpg\"><img aria-describedby=\"caption-attachment-87194\" data-attachment-id=\"87194\" data-permalink=\"https:\/\/agrund.com\/index.php\/minas-trend-inverno-2014-aurea-prates\/minas-trend-inverno-2014-aurea-prates-5\/\" data-orig-file=\"https:\/\/i0.wp.com\/agrund.com\/wp-content\/uploads\/sites\/6\/2013\/10\/minas-trend-inverno-2014-aurea-prates-5.jpg?fit=500%2C748&amp;ssl=1\" data-orig-size=\"500,748\" data-comments-opened=\"1\" data-image-meta=\"{&quot;aperture&quot;:&quot;0&quot;,&quot;credit&quot;:&quot;&quot;,&quot;camera&quot;:&quot;&quot;,&quot;caption&quot;:&quot;&quot;,&quot;created_timestamp&quot;:&quot;0&quot;,&quot;copyright&quot;:&quot;&quot;,&quot;focal_length&quot;:&quot;0&quot;,&quot;iso&quot;:&quot;0&quot;,&quot;shutter_speed&quot;:&quot;0&quot;,&quot;title&quot;:&quot;&quot;}\" data-image-title=\"minas-trend-inverno-2014-aurea-prates (5)\" data-image-description=\"\" data-image-caption=\"&lt;p&gt;Minas Trend Inverno 2014 :: \u00c1urea Prates&lt;\/p&gt;\n\" data-medium-file=\"https:\/\/i0.wp.com\/agrund.com\/wp-content\/uploads\/sites\/6\/2013\/10\/minas-trend-inverno-2014-aurea-prates-5.jpg?fit=200%2C300&amp;ssl=1\" data-large-file=\"https:\/\/i0.wp.com\/agrund.com\/wp-content\/uploads\/sites\/6\/2013\/10\/minas-trend-inverno-2014-aurea-prates-5.jpg?fit=500%2C748&amp;ssl=1\" decoding=\"async\" loading=\"lazy\" class=\"size-full wp-image-87194\" alt=\"Minas Trend Inverno 2014 :: \u00c1urea Prates\" src=\"https:\/\/i0.wp.com\/www.agrund.com\/wp-content\/uploads\/sites\/6\/2013\/10\/minas-trend-inverno-2014-aurea-prates-5.jpg?resize=500%2C748\" width=\"500\" height=\"748\" srcset=\"https:\/\/i0.wp.com\/agrund.com\/wp-content\/uploads\/sites\/6\/2013\/10\/minas-trend-inverno-2014-aurea-prates-5.jpg?w=500&amp;ssl=1 500w, https:\/\/i0.wp.com\/agrund.com\/wp-content\/uploads\/sites\/6\/2013\/10\/minas-trend-inverno-2014-aurea-prates-5.jpg?resize=200%2C300&amp;ssl=1 200w\" sizes=\"(max-width: 500px) 100vw, 500px\" data-recalc-dims=\"1\" \/><\/a><p id=\"caption-attachment-87194\" class=\"wp-caption-text\">Minas Trend Inverno 2014 :: \u00c1urea Prates<\/p><\/div>\n<div id=\"attachment_87195\" style=\"width: 510px\" class=\"wp-caption aligncenter\"><a href=\"https:\/\/i0.wp.com\/www.agrund.com\/wp-content\/uploads\/sites\/6\/2013\/10\/minas-trend-inverno-2014-aurea-prates-6.jpg\"><img aria-describedby=\"caption-attachment-87195\" data-attachment-id=\"87195\" data-permalink=\"https:\/\/agrund.com\/index.php\/minas-trend-inverno-2014-aurea-prates\/minas-trend-inverno-2014-aurea-prates-6\/\" data-orig-file=\"https:\/\/i0.wp.com\/agrund.com\/wp-content\/uploads\/sites\/6\/2013\/10\/minas-trend-inverno-2014-aurea-prates-6.jpg?fit=500%2C748&amp;ssl=1\" data-orig-size=\"500,748\" data-comments-opened=\"1\" data-image-meta=\"{&quot;aperture&quot;:&quot;0&quot;,&quot;credit&quot;:&quot;&quot;,&quot;camera&quot;:&quot;&quot;,&quot;caption&quot;:&quot;&quot;,&quot;created_timestamp&quot;:&quot;0&quot;,&quot;copyright&quot;:&quot;&quot;,&quot;focal_length&quot;:&quot;0&quot;,&quot;iso&quot;:&quot;0&quot;,&quot;shutter_speed&quot;:&quot;0&quot;,&quot;title&quot;:&quot;&quot;}\" data-image-title=\"minas-trend-inverno-2014-aurea-prates (6)\" data-image-description=\"\" data-image-caption=\"&lt;p&gt;Minas Trend Inverno 2014 :: \u00c1urea Prates&lt;\/p&gt;\n\" data-medium-file=\"https:\/\/i0.wp.com\/agrund.com\/wp-content\/uploads\/sites\/6\/2013\/10\/minas-trend-inverno-2014-aurea-prates-6.jpg?fit=200%2C300&amp;ssl=1\" data-large-file=\"https:\/\/i0.wp.com\/agrund.com\/wp-content\/uploads\/sites\/6\/2013\/10\/minas-trend-inverno-2014-aurea-prates-6.jpg?fit=500%2C748&amp;ssl=1\" decoding=\"async\" loading=\"lazy\" class=\"size-full wp-image-87195\" alt=\"Minas Trend Inverno 2014 :: \u00c1urea Prates\" src=\"https:\/\/i0.wp.com\/www.agrund.com\/wp-content\/uploads\/sites\/6\/2013\/10\/minas-trend-inverno-2014-aurea-prates-6.jpg?resize=500%2C748\" width=\"500\" height=\"748\" srcset=\"https:\/\/i0.wp.com\/agrund.com\/wp-content\/uploads\/sites\/6\/2013\/10\/minas-trend-inverno-2014-aurea-prates-6.jpg?w=500&amp;ssl=1 500w, https:\/\/i0.wp.com\/agrund.com\/wp-content\/uploads\/sites\/6\/2013\/10\/minas-trend-inverno-2014-aurea-prates-6.jpg?resize=200%2C300&amp;ssl=1 200w\" sizes=\"(max-width: 500px) 100vw, 500px\" data-recalc-dims=\"1\" \/><\/a><p id=\"caption-attachment-87195\" class=\"wp-caption-text\">Minas Trend Inverno 2014 :: \u00c1urea Prates<\/p><\/div>\n<div id=\"attachment_87196\" style=\"width: 510px\" class=\"wp-caption aligncenter\"><a href=\"https:\/\/i0.wp.com\/www.agrund.com\/wp-content\/uploads\/sites\/6\/2013\/10\/minas-trend-inverno-2014-aurea-prates-7.jpg\"><img aria-describedby=\"caption-attachment-87196\" data-attachment-id=\"87196\" data-permalink=\"https:\/\/agrund.com\/index.php\/minas-trend-inverno-2014-aurea-prates\/minas-trend-inverno-2014-aurea-prates-7\/\" data-orig-file=\"https:\/\/i0.wp.com\/agrund.com\/wp-content\/uploads\/sites\/6\/2013\/10\/minas-trend-inverno-2014-aurea-prates-7.jpg?fit=500%2C748&amp;ssl=1\" data-orig-size=\"500,748\" data-comments-opened=\"1\" data-image-meta=\"{&quot;aperture&quot;:&quot;0&quot;,&quot;credit&quot;:&quot;&quot;,&quot;camera&quot;:&quot;&quot;,&quot;caption&quot;:&quot;&quot;,&quot;created_timestamp&quot;:&quot;0&quot;,&quot;copyright&quot;:&quot;&quot;,&quot;focal_length&quot;:&quot;0&quot;,&quot;iso&quot;:&quot;0&quot;,&quot;shutter_speed&quot;:&quot;0&quot;,&quot;title&quot;:&quot;&quot;}\" data-image-title=\"minas-trend-inverno-2014-aurea-prates (7)\" data-image-description=\"\" data-image-caption=\"&lt;p&gt;Minas Trend Inverno 2014 :: \u00c1urea Prates&lt;\/p&gt;\n\" data-medium-file=\"https:\/\/i0.wp.com\/agrund.com\/wp-content\/uploads\/sites\/6\/2013\/10\/minas-trend-inverno-2014-aurea-prates-7.jpg?fit=200%2C300&amp;ssl=1\" data-large-file=\"https:\/\/i0.wp.com\/agrund.com\/wp-content\/uploads\/sites\/6\/2013\/10\/minas-trend-inverno-2014-aurea-prates-7.jpg?fit=500%2C748&amp;ssl=1\" decoding=\"async\" loading=\"lazy\" class=\"size-full wp-image-87196\" alt=\"Minas Trend Inverno 2014 :: \u00c1urea Prates\" src=\"https:\/\/i0.wp.com\/www.agrund.com\/wp-content\/uploads\/sites\/6\/2013\/10\/minas-trend-inverno-2014-aurea-prates-7.jpg?resize=500%2C748\" width=\"500\" height=\"748\" srcset=\"https:\/\/i0.wp.com\/agrund.com\/wp-content\/uploads\/sites\/6\/2013\/10\/minas-trend-inverno-2014-aurea-prates-7.jpg?w=500&amp;ssl=1 500w, https:\/\/i0.wp.com\/agrund.com\/wp-content\/uploads\/sites\/6\/2013\/10\/minas-trend-inverno-2014-aurea-prates-7.jpg?resize=200%2C300&amp;ssl=1 200w\" sizes=\"(max-width: 500px) 100vw, 500px\" data-recalc-dims=\"1\" \/><\/a><p id=\"caption-attachment-87196\" class=\"wp-caption-text\">Minas Trend Inverno 2014 :: \u00c1urea Prates<\/p><\/div>\n<div id=\"attachment_87197\" style=\"width: 510px\" class=\"wp-caption aligncenter\"><a href=\"https:\/\/i0.wp.com\/www.agrund.com\/wp-content\/uploads\/sites\/6\/2013\/10\/minas-trend-inverno-2014-aurea-prates-8.jpg\"><img aria-describedby=\"caption-attachment-87197\" data-attachment-id=\"87197\" data-permalink=\"https:\/\/agrund.com\/index.php\/minas-trend-inverno-2014-aurea-prates\/minas-trend-inverno-2014-aurea-prates-8\/\" data-orig-file=\"https:\/\/i0.wp.com\/agrund.com\/wp-content\/uploads\/sites\/6\/2013\/10\/minas-trend-inverno-2014-aurea-prates-8.jpg?fit=500%2C748&amp;ssl=1\" data-orig-size=\"500,748\" data-comments-opened=\"1\" data-image-meta=\"{&quot;aperture&quot;:&quot;0&quot;,&quot;credit&quot;:&quot;&quot;,&quot;camera&quot;:&quot;&quot;,&quot;caption&quot;:&quot;&quot;,&quot;created_timestamp&quot;:&quot;0&quot;,&quot;copyright&quot;:&quot;&quot;,&quot;focal_length&quot;:&quot;0&quot;,&quot;iso&quot;:&quot;0&quot;,&quot;shutter_speed&quot;:&quot;0&quot;,&quot;title&quot;:&quot;&quot;}\" data-image-title=\"minas-trend-inverno-2014-aurea-prates (8)\" data-image-description=\"\" data-image-caption=\"&lt;p&gt;Minas Trend Inverno 2014 :: \u00c1urea Prates&lt;\/p&gt;\n\" data-medium-file=\"https:\/\/i0.wp.com\/agrund.com\/wp-content\/uploads\/sites\/6\/2013\/10\/minas-trend-inverno-2014-aurea-prates-8.jpg?fit=200%2C300&amp;ssl=1\" data-large-file=\"https:\/\/i0.wp.com\/agrund.com\/wp-content\/uploads\/sites\/6\/2013\/10\/minas-trend-inverno-2014-aurea-prates-8.jpg?fit=500%2C748&amp;ssl=1\" decoding=\"async\" loading=\"lazy\" class=\"size-full wp-image-87197\" alt=\"Minas Trend Inverno 2014 :: \u00c1urea Prates\" src=\"https:\/\/i0.wp.com\/www.agrund.com\/wp-content\/uploads\/sites\/6\/2013\/10\/minas-trend-inverno-2014-aurea-prates-8.jpg?resize=500%2C748\" width=\"500\" height=\"748\" srcset=\"https:\/\/i0.wp.com\/agrund.com\/wp-content\/uploads\/sites\/6\/2013\/10\/minas-trend-inverno-2014-aurea-prates-8.jpg?w=500&amp;ssl=1 500w, https:\/\/i0.wp.com\/agrund.com\/wp-content\/uploads\/sites\/6\/2013\/10\/minas-trend-inverno-2014-aurea-prates-8.jpg?resize=200%2C300&amp;ssl=1 200w\" sizes=\"(max-width: 500px) 100vw, 500px\" data-recalc-dims=\"1\" \/><\/a><p id=\"caption-attachment-87197\" class=\"wp-caption-text\">Minas Trend Inverno 2014 :: \u00c1urea Prates<\/p><\/div>\n<div id=\"attachment_87198\" style=\"width: 510px\" class=\"wp-caption aligncenter\"><a href=\"https:\/\/i0.wp.com\/www.agrund.com\/wp-content\/uploads\/sites\/6\/2013\/10\/minas-trend-inverno-2014-aurea-prates-9.jpg\"><img aria-describedby=\"caption-attachment-87198\" data-attachment-id=\"87198\" data-permalink=\"https:\/\/agrund.com\/index.php\/minas-trend-inverno-2014-aurea-prates\/minas-trend-inverno-2014-aurea-prates-9\/\" data-orig-file=\"https:\/\/i0.wp.com\/agrund.com\/wp-content\/uploads\/sites\/6\/2013\/10\/minas-trend-inverno-2014-aurea-prates-9.jpg?fit=500%2C747&amp;ssl=1\" data-orig-size=\"500,747\" data-comments-opened=\"1\" data-image-meta=\"{&quot;aperture&quot;:&quot;0&quot;,&quot;credit&quot;:&quot;&quot;,&quot;camera&quot;:&quot;&quot;,&quot;caption&quot;:&quot;&quot;,&quot;created_timestamp&quot;:&quot;0&quot;,&quot;copyright&quot;:&quot;&quot;,&quot;focal_length&quot;:&quot;0&quot;,&quot;iso&quot;:&quot;0&quot;,&quot;shutter_speed&quot;:&quot;0&quot;,&quot;title&quot;:&quot;&quot;}\" data-image-title=\"minas-trend-inverno-2014-aurea-prates (9)\" data-image-description=\"\" data-image-caption=\"&lt;p&gt;Minas Trend Inverno 2014 :: \u00c1urea Prates&lt;\/p&gt;\n\" data-medium-file=\"https:\/\/i0.wp.com\/agrund.com\/wp-content\/uploads\/sites\/6\/2013\/10\/minas-trend-inverno-2014-aurea-prates-9.jpg?fit=200%2C300&amp;ssl=1\" data-large-file=\"https:\/\/i0.wp.com\/agrund.com\/wp-content\/uploads\/sites\/6\/2013\/10\/minas-trend-inverno-2014-aurea-prates-9.jpg?fit=500%2C747&amp;ssl=1\" decoding=\"async\" loading=\"lazy\" class=\"size-full wp-image-87198\" alt=\"Minas Trend Inverno 2014 :: \u00c1urea Prates\" src=\"https:\/\/i0.wp.com\/www.agrund.com\/wp-content\/uploads\/sites\/6\/2013\/10\/minas-trend-inverno-2014-aurea-prates-9.jpg?resize=500%2C747\" width=\"500\" height=\"747\" srcset=\"https:\/\/i0.wp.com\/agrund.com\/wp-content\/uploads\/sites\/6\/2013\/10\/minas-trend-inverno-2014-aurea-prates-9.jpg?w=500&amp;ssl=1 500w, https:\/\/i0.wp.com\/agrund.com\/wp-content\/uploads\/sites\/6\/2013\/10\/minas-trend-inverno-2014-aurea-prates-9.jpg?resize=200%2C300&amp;ssl=1 200w\" sizes=\"(max-width: 500px) 100vw, 500px\" data-recalc-dims=\"1\" \/><\/a><p id=\"caption-attachment-87198\" class=\"wp-caption-text\">Minas Trend Inverno 2014 :: \u00c1urea Prates<\/p><\/div>\n<div id=\"attachment_87199\" style=\"width: 510px\" class=\"wp-caption aligncenter\"><a href=\"https:\/\/i0.wp.com\/www.agrund.com\/wp-content\/uploads\/sites\/6\/2013\/10\/minas-trend-inverno-2014-aurea-prates-10.jpg\"><img aria-describedby=\"caption-attachment-87199\" data-attachment-id=\"87199\" data-permalink=\"https:\/\/agrund.com\/index.php\/minas-trend-inverno-2014-aurea-prates\/minas-trend-inverno-2014-aurea-prates-10\/\" data-orig-file=\"https:\/\/i0.wp.com\/agrund.com\/wp-content\/uploads\/sites\/6\/2013\/10\/minas-trend-inverno-2014-aurea-prates-10.jpg?fit=500%2C748&amp;ssl=1\" data-orig-size=\"500,748\" data-comments-opened=\"1\" data-image-meta=\"{&quot;aperture&quot;:&quot;0&quot;,&quot;credit&quot;:&quot;&quot;,&quot;camera&quot;:&quot;&quot;,&quot;caption&quot;:&quot;&quot;,&quot;created_timestamp&quot;:&quot;0&quot;,&quot;copyright&quot;:&quot;&quot;,&quot;focal_length&quot;:&quot;0&quot;,&quot;iso&quot;:&quot;0&quot;,&quot;shutter_speed&quot;:&quot;0&quot;,&quot;title&quot;:&quot;&quot;}\" data-image-title=\"minas-trend-inverno-2014-aurea-prates (10)\" data-image-description=\"\" data-image-caption=\"&lt;p&gt;Minas Trend Inverno 2014 :: \u00c1urea Prates&lt;\/p&gt;\n\" data-medium-file=\"https:\/\/i0.wp.com\/agrund.com\/wp-content\/uploads\/sites\/6\/2013\/10\/minas-trend-inverno-2014-aurea-prates-10.jpg?fit=200%2C300&amp;ssl=1\" data-large-file=\"https:\/\/i0.wp.com\/agrund.com\/wp-content\/uploads\/sites\/6\/2013\/10\/minas-trend-inverno-2014-aurea-prates-10.jpg?fit=500%2C748&amp;ssl=1\" decoding=\"async\" loading=\"lazy\" class=\"size-full wp-image-87199\" alt=\"Minas Trend Inverno 2014 :: \u00c1urea Prates\" src=\"https:\/\/i0.wp.com\/www.agrund.com\/wp-content\/uploads\/sites\/6\/2013\/10\/minas-trend-inverno-2014-aurea-prates-10.jpg?resize=500%2C748\" width=\"500\" height=\"748\" srcset=\"https:\/\/i0.wp.com\/agrund.com\/wp-content\/uploads\/sites\/6\/2013\/10\/minas-trend-inverno-2014-aurea-prates-10.jpg?w=500&amp;ssl=1 500w, https:\/\/i0.wp.com\/agrund.com\/wp-content\/uploads\/sites\/6\/2013\/10\/minas-trend-inverno-2014-aurea-prates-10.jpg?resize=200%2C300&amp;ssl=1 200w\" sizes=\"(max-width: 500px) 100vw, 500px\" data-recalc-dims=\"1\" \/><\/a><p id=\"caption-attachment-87199\" class=\"wp-caption-text\">Minas Trend Inverno 2014 :: \u00c1urea Prates<\/p><\/div>\n<div id=\"attachment_87200\" style=\"width: 510px\" class=\"wp-caption aligncenter\"><a href=\"https:\/\/i0.wp.com\/www.agrund.com\/wp-content\/uploads\/sites\/6\/2013\/10\/minas-trend-inverno-2014-aurea-prates-11.jpg\"><img aria-describedby=\"caption-attachment-87200\" data-attachment-id=\"87200\" data-permalink=\"https:\/\/agrund.com\/index.php\/minas-trend-inverno-2014-aurea-prates\/minas-trend-inverno-2014-aurea-prates-11\/\" data-orig-file=\"https:\/\/i0.wp.com\/agrund.com\/wp-content\/uploads\/sites\/6\/2013\/10\/minas-trend-inverno-2014-aurea-prates-11.jpg?fit=500%2C748&amp;ssl=1\" data-orig-size=\"500,748\" data-comments-opened=\"1\" data-image-meta=\"{&quot;aperture&quot;:&quot;0&quot;,&quot;credit&quot;:&quot;&quot;,&quot;camera&quot;:&quot;&quot;,&quot;caption&quot;:&quot;&quot;,&quot;created_timestamp&quot;:&quot;0&quot;,&quot;copyright&quot;:&quot;&quot;,&quot;focal_length&quot;:&quot;0&quot;,&quot;iso&quot;:&quot;0&quot;,&quot;shutter_speed&quot;:&quot;0&quot;,&quot;title&quot;:&quot;&quot;}\" data-image-title=\"minas-trend-inverno-2014-aurea-prates (11)\" data-image-description=\"\" data-image-caption=\"&lt;p&gt;Minas Trend Inverno 2014 :: \u00c1urea Prates&lt;\/p&gt;\n\" data-medium-file=\"https:\/\/i0.wp.com\/agrund.com\/wp-content\/uploads\/sites\/6\/2013\/10\/minas-trend-inverno-2014-aurea-prates-11.jpg?fit=200%2C300&amp;ssl=1\" data-large-file=\"https:\/\/i0.wp.com\/agrund.com\/wp-content\/uploads\/sites\/6\/2013\/10\/minas-trend-inverno-2014-aurea-prates-11.jpg?fit=500%2C748&amp;ssl=1\" decoding=\"async\" loading=\"lazy\" class=\"size-full wp-image-87200\" alt=\"Minas Trend Inverno 2014 :: \u00c1urea Prates\" src=\"https:\/\/i0.wp.com\/www.agrund.com\/wp-content\/uploads\/sites\/6\/2013\/10\/minas-trend-inverno-2014-aurea-prates-11.jpg?resize=500%2C748\" width=\"500\" height=\"748\" srcset=\"https:\/\/i0.wp.com\/agrund.com\/wp-content\/uploads\/sites\/6\/2013\/10\/minas-trend-inverno-2014-aurea-prates-11.jpg?w=500&amp;ssl=1 500w, https:\/\/i0.wp.com\/agrund.com\/wp-content\/uploads\/sites\/6\/2013\/10\/minas-trend-inverno-2014-aurea-prates-11.jpg?resize=200%2C300&amp;ssl=1 200w\" sizes=\"(max-width: 500px) 100vw, 500px\" data-recalc-dims=\"1\" \/><\/a><p id=\"caption-attachment-87200\" class=\"wp-caption-text\">Minas Trend Inverno 2014 :: \u00c1urea Prates<\/p><\/div>\n<p>&nbsp;<\/p>\n","protected":false},"excerpt":{"rendered":"<p>Por Gustavo luz O estilo grunge \u00e9 a aposta da marca para a esta\u00e7\u00e3o, apresentando malhas pesadas em pe\u00e7as que remetem aos moletons dos anos 70. Os shapes reproduzem as formas dessas roupas, priorizando as sweat-shirts com delicados acabamentos tricotados, a jaqueta bomber e as cal\u00e7as jogging bem estruturadas. A composi\u00e7\u00e3o dos looks elege tamb\u00e9m [&hellip;]<\/p>\n","protected":false},"author":1,"featured_media":87201,"comment_status":"open","ping_status":"open","sticky":false,"template":"","format":"standard","meta":{"jetpack_post_was_ever_published":false,"_jetpack_newsletter_access":"","jetpack_publicize_message":"","jetpack_is_tweetstorm":false,"jetpack_publicize_feature_enabled":true,"jetpack_social_post_already_shared":true,"jetpack_social_options":{"image_generator_settings":{"template":"highway","enabled":false}}},"categories":[9,2],"tags":[],"jetpack_publicize_connections":[],"jetpack_featured_media_url":"https:\/\/i0.wp.com\/agrund.com\/wp-content\/uploads\/sites\/6\/2013\/10\/slide74.jpg?fit=960%2C321&ssl=1","jetpack_sharing_enabled":true,"jetpack_shortlink":"https:\/\/wp.me\/p3Hz0n-mGh","jetpack_likes_enabled":true,"_links":{"self":[{"href":"https:\/\/agrund.com\/index.php\/wp-json\/wp\/v2\/posts\/87189"}],"collection":[{"href":"https:\/\/agrund.com\/index.php\/wp-json\/wp\/v2\/posts"}],"about":[{"href":"https:\/\/agrund.com\/index.php\/wp-json\/wp\/v2\/types\/post"}],"author":[{"embeddable":true,"href":"https:\/\/agrund.com\/index.php\/wp-json\/wp\/v2\/users\/1"}],"replies":[{"embeddable":true,"href":"https:\/\/agrund.com\/index.php\/wp-json\/wp\/v2\/comments?post=87189"}],"version-history":[{"count":0,"href":"https:\/\/agrund.com\/index.php\/wp-json\/wp\/v2\/posts\/87189\/revisions"}],"wp:featuredmedia":[{"embeddable":true,"href":"https:\/\/agrund.com\/index.php\/wp-json\/wp\/v2\/media\/87201"}],"wp:attachment":[{"href":"https:\/\/agrund.com\/index.php\/wp-json\/wp\/v2\/media?parent=87189"}],"wp:term":[{"taxonomy":"category","embeddable":true,"href":"https:\/\/agrund.com\/index.php\/wp-json\/wp\/v2\/categories?post=87189"},{"taxonomy":"post_tag","embeddable":true,"href":"https:\/\/agrund.com\/index.php\/wp-json\/wp\/v2\/tags?post=87189"}],"curies":[{"name":"wp","href":"https:\/\/api.w.org\/{rel}","templated":true}]}}