{"id":87090,"date":"2013-10-09T17:00:39","date_gmt":"2013-10-09T20:00:39","guid":{"rendered":"http:\/\/www.agrund.com\/?p=87090"},"modified":"2013-10-09T13:33:00","modified_gmt":"2013-10-09T16:33:00","slug":"minas-trend-beauty-artist-luiz-bicalho-e-theodoro-remigia-falam-para-o-agrund-com","status":"publish","type":"post","link":"https:\/\/agrund.com\/index.php\/minas-trend-beauty-artist-luiz-bicalho-e-theodoro-remigia-falam-para-o-agrund-com\/","title":{"rendered":"Minas Trend :: Beauty Artist Luiz Bicalho e Theodoro Remigia falam para o agrund.com"},"content":{"rendered":"<p style=\"text-align: right;\">Por Gustavo Luz<\/p>\n<p style=\"text-align: right;\">\n<p>Destaques nas equipes de grandes profissionais na \u00e1rea da Beleza, Luiz Bicalho e Theodoro Remigia, que est\u00e3o hoje junto \u00e0 equipe de Beleza que cuida do desfile da grife Vivaz aqui no Minas Trend, receberam o agrund.com para uma r\u00e1pida entrevista.<\/p>\n<div id=\"attachment_87091\" style=\"width: 510px\" class=\"wp-caption aligncenter\"><a href=\"https:\/\/i0.wp.com\/www.agrund.com\/wp-content\/uploads\/sites\/6\/2013\/10\/minas-trend-beauty-artist-luiz-bicalho-e-theodoro-remigia-falam-para-o-agrund-com-1.jpg\"><img aria-describedby=\"caption-attachment-87091\" data-attachment-id=\"87091\" data-permalink=\"https:\/\/agrund.com\/index.php\/minas-trend-beauty-artist-luiz-bicalho-e-theodoro-remigia-falam-para-o-agrund-com\/minas-trend-beauty-artist-luiz-bicalho-e-theodoro-remigia-falam-para-o-agrund-com-1\/\" data-orig-file=\"https:\/\/i0.wp.com\/agrund.com\/wp-content\/uploads\/sites\/6\/2013\/10\/minas-trend-beauty-artist-luiz-bicalho-e-theodoro-remigia-falam-para-o-agrund-com-1.jpg?fit=500%2C388&amp;ssl=1\" data-orig-size=\"500,388\" data-comments-opened=\"1\" data-image-meta=\"{&quot;aperture&quot;:&quot;0&quot;,&quot;credit&quot;:&quot;&quot;,&quot;camera&quot;:&quot;&quot;,&quot;caption&quot;:&quot;&quot;,&quot;created_timestamp&quot;:&quot;0&quot;,&quot;copyright&quot;:&quot;&quot;,&quot;focal_length&quot;:&quot;0&quot;,&quot;iso&quot;:&quot;0&quot;,&quot;shutter_speed&quot;:&quot;0&quot;,&quot;title&quot;:&quot;&quot;}\" data-image-title=\"minas-trend-beauty-artist-luiz-bicalho-e-theodoro-remigia-falam-para-o-agrund-com (1)\" data-image-description=\"\" data-image-caption=\"&lt;p&gt;Minas Trend :: Beauty Artist Luiz Bicalho e Theodoro Remigia falam para o agrund.com&lt;\/p&gt;\n\" data-medium-file=\"https:\/\/i0.wp.com\/agrund.com\/wp-content\/uploads\/sites\/6\/2013\/10\/minas-trend-beauty-artist-luiz-bicalho-e-theodoro-remigia-falam-para-o-agrund-com-1.jpg?fit=300%2C232&amp;ssl=1\" data-large-file=\"https:\/\/i0.wp.com\/agrund.com\/wp-content\/uploads\/sites\/6\/2013\/10\/minas-trend-beauty-artist-luiz-bicalho-e-theodoro-remigia-falam-para-o-agrund-com-1.jpg?fit=500%2C388&amp;ssl=1\" decoding=\"async\" loading=\"lazy\" class=\"size-full wp-image-87091\" alt=\"Minas Trend :: Beauty Artist Luiz Bicalho e Theodoro Remigia falam para o agrund.com\" src=\"https:\/\/i0.wp.com\/www.agrund.com\/wp-content\/uploads\/sites\/6\/2013\/10\/minas-trend-beauty-artist-luiz-bicalho-e-theodoro-remigia-falam-para-o-agrund-com-1.jpg?resize=500%2C388\" width=\"500\" height=\"388\" srcset=\"https:\/\/i0.wp.com\/agrund.com\/wp-content\/uploads\/sites\/6\/2013\/10\/minas-trend-beauty-artist-luiz-bicalho-e-theodoro-remigia-falam-para-o-agrund-com-1.jpg?w=500&amp;ssl=1 500w, https:\/\/i0.wp.com\/agrund.com\/wp-content\/uploads\/sites\/6\/2013\/10\/minas-trend-beauty-artist-luiz-bicalho-e-theodoro-remigia-falam-para-o-agrund-com-1.jpg?resize=300%2C232&amp;ssl=1 300w\" sizes=\"(max-width: 500px) 100vw, 500px\" data-recalc-dims=\"1\" \/><\/a><p id=\"caption-attachment-87091\" class=\"wp-caption-text\">Minas Trend :: Beauty Artist Luiz Bicalho e Theodoro Remigia falam para o agrund.com<\/p><\/div>\n<p>H\u00e1 5 anos \u00e0 frente de grandes produ\u00e7\u00f5es de moda, Luiz Bicalho, rec\u00e9m chegado de NY e Theodoro Remigia, rec\u00e9m chegado de Paris, uniram suas afinidades e passaram a desenvolver em dupla a beleza para os principais canais de moda no pa\u00eds. \u201cDescobrimos nossas afinidades, j\u00e1 que anteriormente trabalhamos tamb\u00e9m com beleza para cat\u00e1logos, books e publicidade. Desde ent\u00e3o, trabalhamos nas semanas de moda de Minas Gerais, S\u00e3o Paulo e Rio de Janeiro como membros das equipes de Beleza de importantes desfiles com renomados profissionais da \u00e1rea como Ricardo dos Anjos, Robert Estev\u00e3o, Max Weber, Fernando Torquato, entre outros&#8221;, diz Luiz Bicalho.<\/p>\n<p>GL agrund.com: O que n\u00e3o pode faltar em um bom profissional de beleza?<\/p>\n<p>LB e TR: Em nossa opini\u00e3o, o que n\u00e3o pode faltar em um profissional de beleza: pontualidade, profissionalismo, humildade e disposi\u00e7\u00e3o constante para o aprendizado.<\/p>\n<p>GL agrund.com: Quais s\u00e3o as refer\u00eancias que te inspiram?<\/p>\n<p>LB e TR: Nossas maiores fontes de inspira\u00e7\u00e3o s\u00e3o as artes dos per\u00edodos renascentista e impressionista, tentando exaltar a beleza feminina.<\/p>\n<p>GL agrund.com: O que voc\u00ea acha do cen\u00e1rio atual da moda brasileira?<\/p>\n<p>LB e TR: A atual fase de destaque que o Brasil tem tido no cen\u00e1rio mundial, considerado hoje uma das maiores economias do mundo, tem atra\u00eddo diversas marcas internacionais investindo no pa\u00eds, confiantes no lucro certo e atendendo a demanda do cliente cada dia mais \u00e1vido por novidades. O mercado est\u00e1 passando por mudan\u00e7as e a moda se tornando mais democr\u00e1tica. Como o Brasil alcan\u00e7ou um patamar de visibilidade jamais visto, isso nos proporciona a oportunidade de apresentar trabalhos autorais e uma identidade nacional muito bem formatada e diferenciada, onde o mercado internacional tamb\u00e9m passa a enxergar o Brasil. A moda brasileira atualmente encontra-se em um cen\u00e1rio favor\u00e1vel \u00e0s marcas. O termo \u201ctend\u00eancia\u201d j\u00e1 n\u00e3o faz tanto sentido numa \u00e9poca onde a informa\u00e7\u00e3o de moda se tornou mais acess\u00edvel. O acesso \u00e0 informa\u00e7\u00e3o, em tempo real, modificou o comportamento do consumidor, que acompanha lan\u00e7amentos de esta\u00e7\u00f5es futuras praticamente ao mesmo tempo em que as marcas disponibilizam seus produtos para atender a esta\u00e7\u00e3o vigente. Atrav\u00e9s de diversas refer\u00eancias encontradas no nosso pr\u00f3prio pa\u00eds, conseguimos produzir conte\u00fado de moda suficiente para nos diferenciar e destacar nas cria\u00e7\u00f5es. Assim, por outro lado, o processo criativo sofre o stress da demanda por rapidez do artista. Vamos em frente!!!<\/p>\n<p>GL agrund.com: Quais s\u00e3o suas dicas para quem est\u00e1 iniciando na profiss\u00e3o?<\/p>\n<p>LB e TR: Dicas para quem est\u00e1 entrando na profiss\u00e3o: persist\u00eancia e pesquisa constante por fontes de inspira\u00e7\u00e3o e conhecimento.<\/p>\n<p>Abaixo, um resumo fotogr\u00e1fico dos principais trabalhos criados pela dupla:<\/p>\n<div id=\"attachment_87092\" style=\"width: 510px\" class=\"wp-caption aligncenter\"><a href=\"https:\/\/i0.wp.com\/www.agrund.com\/wp-content\/uploads\/sites\/6\/2013\/10\/minas-trend-beauty-artist-luiz-bicalho-e-theodoro-remigia-falam-para-o-agrund-com-2.jpg\"><img aria-describedby=\"caption-attachment-87092\" data-attachment-id=\"87092\" data-permalink=\"https:\/\/agrund.com\/index.php\/minas-trend-beauty-artist-luiz-bicalho-e-theodoro-remigia-falam-para-o-agrund-com\/minas-trend-beauty-artist-luiz-bicalho-e-theodoro-remigia-falam-para-o-agrund-com-2\/\" data-orig-file=\"https:\/\/i0.wp.com\/agrund.com\/wp-content\/uploads\/sites\/6\/2013\/10\/minas-trend-beauty-artist-luiz-bicalho-e-theodoro-remigia-falam-para-o-agrund-com-2.jpg?fit=500%2C750&amp;ssl=1\" data-orig-size=\"500,750\" data-comments-opened=\"1\" data-image-meta=\"{&quot;aperture&quot;:&quot;0&quot;,&quot;credit&quot;:&quot;&quot;,&quot;camera&quot;:&quot;&quot;,&quot;caption&quot;:&quot;&quot;,&quot;created_timestamp&quot;:&quot;0&quot;,&quot;copyright&quot;:&quot;&quot;,&quot;focal_length&quot;:&quot;0&quot;,&quot;iso&quot;:&quot;0&quot;,&quot;shutter_speed&quot;:&quot;0&quot;,&quot;title&quot;:&quot;&quot;}\" data-image-title=\"minas-trend-beauty-artist-luiz-bicalho-e-theodoro-remigia-falam-para-o-agrund-com (2)\" data-image-description=\"\" data-image-caption=\"&lt;p&gt;Minas Trend :: Beauty Artist Luiz Bicalho e Theodoro Remigia falam para o agrund.com&lt;\/p&gt;\n\" data-medium-file=\"https:\/\/i0.wp.com\/agrund.com\/wp-content\/uploads\/sites\/6\/2013\/10\/minas-trend-beauty-artist-luiz-bicalho-e-theodoro-remigia-falam-para-o-agrund-com-2.jpg?fit=200%2C300&amp;ssl=1\" data-large-file=\"https:\/\/i0.wp.com\/agrund.com\/wp-content\/uploads\/sites\/6\/2013\/10\/minas-trend-beauty-artist-luiz-bicalho-e-theodoro-remigia-falam-para-o-agrund-com-2.jpg?fit=500%2C750&amp;ssl=1\" decoding=\"async\" loading=\"lazy\" class=\"size-full wp-image-87092\" alt=\"Minas Trend :: Beauty Artist Luiz Bicalho e Theodoro Remigia falam para o agrund.com\" src=\"https:\/\/i0.wp.com\/www.agrund.com\/wp-content\/uploads\/sites\/6\/2013\/10\/minas-trend-beauty-artist-luiz-bicalho-e-theodoro-remigia-falam-para-o-agrund-com-2.jpg?resize=500%2C750\" width=\"500\" height=\"750\" srcset=\"https:\/\/i0.wp.com\/agrund.com\/wp-content\/uploads\/sites\/6\/2013\/10\/minas-trend-beauty-artist-luiz-bicalho-e-theodoro-remigia-falam-para-o-agrund-com-2.jpg?w=500&amp;ssl=1 500w, https:\/\/i0.wp.com\/agrund.com\/wp-content\/uploads\/sites\/6\/2013\/10\/minas-trend-beauty-artist-luiz-bicalho-e-theodoro-remigia-falam-para-o-agrund-com-2.jpg?resize=200%2C300&amp;ssl=1 200w\" sizes=\"(max-width: 500px) 100vw, 500px\" data-recalc-dims=\"1\" \/><\/a><p id=\"caption-attachment-87092\" class=\"wp-caption-text\">Minas Trend :: Beauty Artist Luiz Bicalho e Theodoro Remigia falam para o agrund.com<\/p><\/div>\n<div id=\"attachment_87093\" style=\"width: 510px\" class=\"wp-caption aligncenter\"><a href=\"https:\/\/i0.wp.com\/www.agrund.com\/wp-content\/uploads\/sites\/6\/2013\/10\/minas-trend-beauty-artist-luiz-bicalho-e-theodoro-remigia-falam-para-o-agrund-com-3.jpg\"><img aria-describedby=\"caption-attachment-87093\" data-attachment-id=\"87093\" data-permalink=\"https:\/\/agrund.com\/index.php\/minas-trend-beauty-artist-luiz-bicalho-e-theodoro-remigia-falam-para-o-agrund-com\/minas-trend-beauty-artist-luiz-bicalho-e-theodoro-remigia-falam-para-o-agrund-com-3\/\" data-orig-file=\"https:\/\/i0.wp.com\/agrund.com\/wp-content\/uploads\/sites\/6\/2013\/10\/minas-trend-beauty-artist-luiz-bicalho-e-theodoro-remigia-falam-para-o-agrund-com-3.jpg?fit=500%2C750&amp;ssl=1\" data-orig-size=\"500,750\" data-comments-opened=\"1\" data-image-meta=\"{&quot;aperture&quot;:&quot;0&quot;,&quot;credit&quot;:&quot;&quot;,&quot;camera&quot;:&quot;&quot;,&quot;caption&quot;:&quot;&quot;,&quot;created_timestamp&quot;:&quot;0&quot;,&quot;copyright&quot;:&quot;&quot;,&quot;focal_length&quot;:&quot;0&quot;,&quot;iso&quot;:&quot;0&quot;,&quot;shutter_speed&quot;:&quot;0&quot;,&quot;title&quot;:&quot;&quot;}\" data-image-title=\"minas-trend-beauty-artist-luiz-bicalho-e-theodoro-remigia-falam-para-o-agrund-com (3)\" data-image-description=\"\" data-image-caption=\"&lt;p&gt;Minas Trend :: Beauty Artist Luiz Bicalho e Theodoro Remigia falam para o agrund.com&lt;\/p&gt;\n\" data-medium-file=\"https:\/\/i0.wp.com\/agrund.com\/wp-content\/uploads\/sites\/6\/2013\/10\/minas-trend-beauty-artist-luiz-bicalho-e-theodoro-remigia-falam-para-o-agrund-com-3.jpg?fit=200%2C300&amp;ssl=1\" data-large-file=\"https:\/\/i0.wp.com\/agrund.com\/wp-content\/uploads\/sites\/6\/2013\/10\/minas-trend-beauty-artist-luiz-bicalho-e-theodoro-remigia-falam-para-o-agrund-com-3.jpg?fit=500%2C750&amp;ssl=1\" decoding=\"async\" loading=\"lazy\" class=\"size-full wp-image-87093\" alt=\"Minas Trend :: Beauty Artist Luiz Bicalho e Theodoro Remigia falam para o agrund.com\" src=\"https:\/\/i0.wp.com\/www.agrund.com\/wp-content\/uploads\/sites\/6\/2013\/10\/minas-trend-beauty-artist-luiz-bicalho-e-theodoro-remigia-falam-para-o-agrund-com-3.jpg?resize=500%2C750\" width=\"500\" height=\"750\" srcset=\"https:\/\/i0.wp.com\/agrund.com\/wp-content\/uploads\/sites\/6\/2013\/10\/minas-trend-beauty-artist-luiz-bicalho-e-theodoro-remigia-falam-para-o-agrund-com-3.jpg?w=500&amp;ssl=1 500w, https:\/\/i0.wp.com\/agrund.com\/wp-content\/uploads\/sites\/6\/2013\/10\/minas-trend-beauty-artist-luiz-bicalho-e-theodoro-remigia-falam-para-o-agrund-com-3.jpg?resize=200%2C300&amp;ssl=1 200w\" sizes=\"(max-width: 500px) 100vw, 500px\" data-recalc-dims=\"1\" \/><\/a><p id=\"caption-attachment-87093\" class=\"wp-caption-text\">Minas Trend :: Beauty Artist Luiz Bicalho e Theodoro Remigia falam para o agrund.com<\/p><\/div>\n<div id=\"attachment_87094\" style=\"width: 510px\" class=\"wp-caption aligncenter\"><a href=\"https:\/\/i0.wp.com\/www.agrund.com\/wp-content\/uploads\/sites\/6\/2013\/10\/minas-trend-beauty-artist-luiz-bicalho-e-theodoro-remigia-falam-para-o-agrund-com-4.jpg\"><img aria-describedby=\"caption-attachment-87094\" data-attachment-id=\"87094\" data-permalink=\"https:\/\/agrund.com\/index.php\/minas-trend-beauty-artist-luiz-bicalho-e-theodoro-remigia-falam-para-o-agrund-com\/minas-trend-beauty-artist-luiz-bicalho-e-theodoro-remigia-falam-para-o-agrund-com-4\/\" data-orig-file=\"https:\/\/i0.wp.com\/agrund.com\/wp-content\/uploads\/sites\/6\/2013\/10\/minas-trend-beauty-artist-luiz-bicalho-e-theodoro-remigia-falam-para-o-agrund-com-4.jpg?fit=500%2C750&amp;ssl=1\" data-orig-size=\"500,750\" data-comments-opened=\"1\" data-image-meta=\"{&quot;aperture&quot;:&quot;0&quot;,&quot;credit&quot;:&quot;&quot;,&quot;camera&quot;:&quot;&quot;,&quot;caption&quot;:&quot;&quot;,&quot;created_timestamp&quot;:&quot;0&quot;,&quot;copyright&quot;:&quot;&quot;,&quot;focal_length&quot;:&quot;0&quot;,&quot;iso&quot;:&quot;0&quot;,&quot;shutter_speed&quot;:&quot;0&quot;,&quot;title&quot;:&quot;&quot;}\" data-image-title=\"minas-trend-beauty-artist-luiz-bicalho-e-theodoro-remigia-falam-para-o-agrund-com (4)\" data-image-description=\"\" data-image-caption=\"&lt;p&gt;Minas Trend :: Beauty Artist Luiz Bicalho e Theodoro Remigia falam para o agrund.com&lt;\/p&gt;\n\" data-medium-file=\"https:\/\/i0.wp.com\/agrund.com\/wp-content\/uploads\/sites\/6\/2013\/10\/minas-trend-beauty-artist-luiz-bicalho-e-theodoro-remigia-falam-para-o-agrund-com-4.jpg?fit=200%2C300&amp;ssl=1\" data-large-file=\"https:\/\/i0.wp.com\/agrund.com\/wp-content\/uploads\/sites\/6\/2013\/10\/minas-trend-beauty-artist-luiz-bicalho-e-theodoro-remigia-falam-para-o-agrund-com-4.jpg?fit=500%2C750&amp;ssl=1\" decoding=\"async\" loading=\"lazy\" class=\"size-full wp-image-87094\" alt=\"Minas Trend :: Beauty Artist Luiz Bicalho e Theodoro Remigia falam para o agrund.com\" src=\"https:\/\/i0.wp.com\/www.agrund.com\/wp-content\/uploads\/sites\/6\/2013\/10\/minas-trend-beauty-artist-luiz-bicalho-e-theodoro-remigia-falam-para-o-agrund-com-4.jpg?resize=500%2C750\" width=\"500\" height=\"750\" srcset=\"https:\/\/i0.wp.com\/agrund.com\/wp-content\/uploads\/sites\/6\/2013\/10\/minas-trend-beauty-artist-luiz-bicalho-e-theodoro-remigia-falam-para-o-agrund-com-4.jpg?w=500&amp;ssl=1 500w, https:\/\/i0.wp.com\/agrund.com\/wp-content\/uploads\/sites\/6\/2013\/10\/minas-trend-beauty-artist-luiz-bicalho-e-theodoro-remigia-falam-para-o-agrund-com-4.jpg?resize=200%2C300&amp;ssl=1 200w\" sizes=\"(max-width: 500px) 100vw, 500px\" data-recalc-dims=\"1\" \/><\/a><p id=\"caption-attachment-87094\" class=\"wp-caption-text\">Minas Trend :: Beauty Artist Luiz Bicalho e Theodoro Remigia falam para o agrund.com<\/p><\/div>\n<div id=\"attachment_87095\" style=\"width: 510px\" class=\"wp-caption aligncenter\"><a href=\"https:\/\/i0.wp.com\/www.agrund.com\/wp-content\/uploads\/sites\/6\/2013\/10\/minas-trend-beauty-artist-luiz-bicalho-e-theodoro-remigia-falam-para-o-agrund-com-5.jpg\"><img aria-describedby=\"caption-attachment-87095\" data-attachment-id=\"87095\" data-permalink=\"https:\/\/agrund.com\/index.php\/minas-trend-beauty-artist-luiz-bicalho-e-theodoro-remigia-falam-para-o-agrund-com\/minas-trend-beauty-artist-luiz-bicalho-e-theodoro-remigia-falam-para-o-agrund-com-5\/\" data-orig-file=\"https:\/\/i0.wp.com\/agrund.com\/wp-content\/uploads\/sites\/6\/2013\/10\/minas-trend-beauty-artist-luiz-bicalho-e-theodoro-remigia-falam-para-o-agrund-com-5.jpg?fit=500%2C752&amp;ssl=1\" data-orig-size=\"500,752\" data-comments-opened=\"1\" data-image-meta=\"{&quot;aperture&quot;:&quot;0&quot;,&quot;credit&quot;:&quot;&quot;,&quot;camera&quot;:&quot;&quot;,&quot;caption&quot;:&quot;&quot;,&quot;created_timestamp&quot;:&quot;0&quot;,&quot;copyright&quot;:&quot;&quot;,&quot;focal_length&quot;:&quot;0&quot;,&quot;iso&quot;:&quot;0&quot;,&quot;shutter_speed&quot;:&quot;0&quot;,&quot;title&quot;:&quot;&quot;}\" data-image-title=\"minas-trend-beauty-artist-luiz-bicalho-e-theodoro-remigia-falam-para-o-agrund-com (5)\" data-image-description=\"\" data-image-caption=\"&lt;p&gt;Minas Trend :: Beauty Artist Luiz Bicalho e Theodoro Remigia falam para o agrund.com&lt;\/p&gt;\n\" data-medium-file=\"https:\/\/i0.wp.com\/agrund.com\/wp-content\/uploads\/sites\/6\/2013\/10\/minas-trend-beauty-artist-luiz-bicalho-e-theodoro-remigia-falam-para-o-agrund-com-5.jpg?fit=199%2C300&amp;ssl=1\" data-large-file=\"https:\/\/i0.wp.com\/agrund.com\/wp-content\/uploads\/sites\/6\/2013\/10\/minas-trend-beauty-artist-luiz-bicalho-e-theodoro-remigia-falam-para-o-agrund-com-5.jpg?fit=500%2C752&amp;ssl=1\" decoding=\"async\" loading=\"lazy\" class=\"size-full wp-image-87095\" alt=\"Minas Trend :: Beauty Artist Luiz Bicalho e Theodoro Remigia falam para o agrund.com\" src=\"https:\/\/i0.wp.com\/www.agrund.com\/wp-content\/uploads\/sites\/6\/2013\/10\/minas-trend-beauty-artist-luiz-bicalho-e-theodoro-remigia-falam-para-o-agrund-com-5.jpg?resize=500%2C752\" width=\"500\" height=\"752\" srcset=\"https:\/\/i0.wp.com\/agrund.com\/wp-content\/uploads\/sites\/6\/2013\/10\/minas-trend-beauty-artist-luiz-bicalho-e-theodoro-remigia-falam-para-o-agrund-com-5.jpg?w=500&amp;ssl=1 500w, https:\/\/i0.wp.com\/agrund.com\/wp-content\/uploads\/sites\/6\/2013\/10\/minas-trend-beauty-artist-luiz-bicalho-e-theodoro-remigia-falam-para-o-agrund-com-5.jpg?resize=199%2C300&amp;ssl=1 199w\" sizes=\"(max-width: 500px) 100vw, 500px\" data-recalc-dims=\"1\" \/><\/a><p id=\"caption-attachment-87095\" class=\"wp-caption-text\">Minas Trend :: Beauty Artist Luiz Bicalho e Theodoro Remigia falam para o agrund.com<\/p><\/div>\n<div id=\"attachment_87096\" style=\"width: 510px\" class=\"wp-caption aligncenter\"><a href=\"https:\/\/i0.wp.com\/www.agrund.com\/wp-content\/uploads\/sites\/6\/2013\/10\/minas-trend-beauty-artist-luiz-bicalho-e-theodoro-remigia-falam-para-o-agrund-com-6.jpg\"><img aria-describedby=\"caption-attachment-87096\" data-attachment-id=\"87096\" data-permalink=\"https:\/\/agrund.com\/index.php\/minas-trend-beauty-artist-luiz-bicalho-e-theodoro-remigia-falam-para-o-agrund-com\/minas-trend-beauty-artist-luiz-bicalho-e-theodoro-remigia-falam-para-o-agrund-com-6\/\" data-orig-file=\"https:\/\/i0.wp.com\/agrund.com\/wp-content\/uploads\/sites\/6\/2013\/10\/minas-trend-beauty-artist-luiz-bicalho-e-theodoro-remigia-falam-para-o-agrund-com-6.jpg?fit=500%2C370&amp;ssl=1\" data-orig-size=\"500,370\" data-comments-opened=\"1\" data-image-meta=\"{&quot;aperture&quot;:&quot;0&quot;,&quot;credit&quot;:&quot;&quot;,&quot;camera&quot;:&quot;&quot;,&quot;caption&quot;:&quot;&quot;,&quot;created_timestamp&quot;:&quot;0&quot;,&quot;copyright&quot;:&quot;&quot;,&quot;focal_length&quot;:&quot;0&quot;,&quot;iso&quot;:&quot;0&quot;,&quot;shutter_speed&quot;:&quot;0&quot;,&quot;title&quot;:&quot;&quot;}\" data-image-title=\"minas-trend-beauty-artist-luiz-bicalho-e-theodoro-remigia-falam-para-o-agrund-com (6)\" data-image-description=\"\" data-image-caption=\"&lt;p&gt;Minas Trend :: Beauty Artist Luiz Bicalho e Theodoro Remigia falam para o agrund.com&lt;\/p&gt;\n\" data-medium-file=\"https:\/\/i0.wp.com\/agrund.com\/wp-content\/uploads\/sites\/6\/2013\/10\/minas-trend-beauty-artist-luiz-bicalho-e-theodoro-remigia-falam-para-o-agrund-com-6.jpg?fit=300%2C222&amp;ssl=1\" data-large-file=\"https:\/\/i0.wp.com\/agrund.com\/wp-content\/uploads\/sites\/6\/2013\/10\/minas-trend-beauty-artist-luiz-bicalho-e-theodoro-remigia-falam-para-o-agrund-com-6.jpg?fit=500%2C370&amp;ssl=1\" decoding=\"async\" loading=\"lazy\" class=\"size-full wp-image-87096\" alt=\"Minas Trend :: Beauty Artist Luiz Bicalho e Theodoro Remigia falam para o agrund.com\" src=\"https:\/\/i0.wp.com\/www.agrund.com\/wp-content\/uploads\/sites\/6\/2013\/10\/minas-trend-beauty-artist-luiz-bicalho-e-theodoro-remigia-falam-para-o-agrund-com-6.jpg?resize=500%2C370\" width=\"500\" height=\"370\" srcset=\"https:\/\/i0.wp.com\/agrund.com\/wp-content\/uploads\/sites\/6\/2013\/10\/minas-trend-beauty-artist-luiz-bicalho-e-theodoro-remigia-falam-para-o-agrund-com-6.jpg?w=500&amp;ssl=1 500w, https:\/\/i0.wp.com\/agrund.com\/wp-content\/uploads\/sites\/6\/2013\/10\/minas-trend-beauty-artist-luiz-bicalho-e-theodoro-remigia-falam-para-o-agrund-com-6.jpg?resize=300%2C222&amp;ssl=1 300w\" sizes=\"(max-width: 500px) 100vw, 500px\" data-recalc-dims=\"1\" \/><\/a><p id=\"caption-attachment-87096\" class=\"wp-caption-text\">Minas Trend :: Beauty Artist Luiz Bicalho e Theodoro Remigia falam para o agrund.com<\/p><\/div>\n<div id=\"attachment_87097\" style=\"width: 510px\" class=\"wp-caption aligncenter\"><a href=\"https:\/\/i0.wp.com\/www.agrund.com\/wp-content\/uploads\/sites\/6\/2013\/10\/minas-trend-beauty-artist-luiz-bicalho-e-theodoro-remigia-falam-para-o-agrund-com-7.jpg\"><img aria-describedby=\"caption-attachment-87097\" data-attachment-id=\"87097\" data-permalink=\"https:\/\/agrund.com\/index.php\/minas-trend-beauty-artist-luiz-bicalho-e-theodoro-remigia-falam-para-o-agrund-com\/minas-trend-beauty-artist-luiz-bicalho-e-theodoro-remigia-falam-para-o-agrund-com-7\/\" data-orig-file=\"https:\/\/i0.wp.com\/agrund.com\/wp-content\/uploads\/sites\/6\/2013\/10\/minas-trend-beauty-artist-luiz-bicalho-e-theodoro-remigia-falam-para-o-agrund-com-7.jpg?fit=500%2C647&amp;ssl=1\" data-orig-size=\"500,647\" data-comments-opened=\"1\" data-image-meta=\"{&quot;aperture&quot;:&quot;0&quot;,&quot;credit&quot;:&quot;&quot;,&quot;camera&quot;:&quot;&quot;,&quot;caption&quot;:&quot;&quot;,&quot;created_timestamp&quot;:&quot;0&quot;,&quot;copyright&quot;:&quot;&quot;,&quot;focal_length&quot;:&quot;0&quot;,&quot;iso&quot;:&quot;0&quot;,&quot;shutter_speed&quot;:&quot;0&quot;,&quot;title&quot;:&quot;&quot;}\" data-image-title=\"minas-trend-beauty-artist-luiz-bicalho-e-theodoro-remigia-falam-para-o-agrund-com (7)\" data-image-description=\"\" data-image-caption=\"&lt;p&gt;Minas Trend :: Beauty Artist Luiz Bicalho e Theodoro Remigia falam para o agrund.com&lt;\/p&gt;\n\" data-medium-file=\"https:\/\/i0.wp.com\/agrund.com\/wp-content\/uploads\/sites\/6\/2013\/10\/minas-trend-beauty-artist-luiz-bicalho-e-theodoro-remigia-falam-para-o-agrund-com-7.jpg?fit=231%2C300&amp;ssl=1\" data-large-file=\"https:\/\/i0.wp.com\/agrund.com\/wp-content\/uploads\/sites\/6\/2013\/10\/minas-trend-beauty-artist-luiz-bicalho-e-theodoro-remigia-falam-para-o-agrund-com-7.jpg?fit=500%2C647&amp;ssl=1\" decoding=\"async\" loading=\"lazy\" class=\"size-full wp-image-87097\" alt=\"Minas Trend :: Beauty Artist Luiz Bicalho e Theodoro Remigia falam para o agrund.com\" src=\"https:\/\/i0.wp.com\/www.agrund.com\/wp-content\/uploads\/sites\/6\/2013\/10\/minas-trend-beauty-artist-luiz-bicalho-e-theodoro-remigia-falam-para-o-agrund-com-7.jpg?resize=500%2C647\" width=\"500\" height=\"647\" srcset=\"https:\/\/i0.wp.com\/agrund.com\/wp-content\/uploads\/sites\/6\/2013\/10\/minas-trend-beauty-artist-luiz-bicalho-e-theodoro-remigia-falam-para-o-agrund-com-7.jpg?w=500&amp;ssl=1 500w, https:\/\/i0.wp.com\/agrund.com\/wp-content\/uploads\/sites\/6\/2013\/10\/minas-trend-beauty-artist-luiz-bicalho-e-theodoro-remigia-falam-para-o-agrund-com-7.jpg?resize=231%2C300&amp;ssl=1 231w\" sizes=\"(max-width: 500px) 100vw, 500px\" data-recalc-dims=\"1\" \/><\/a><p id=\"caption-attachment-87097\" class=\"wp-caption-text\">Minas Trend :: Beauty Artist Luiz Bicalho e Theodoro Remigia falam para o agrund.com<\/p><\/div>\n<div id=\"attachment_87098\" style=\"width: 510px\" class=\"wp-caption aligncenter\"><a href=\"https:\/\/i0.wp.com\/www.agrund.com\/wp-content\/uploads\/sites\/6\/2013\/10\/minas-trend-beauty-artist-luiz-bicalho-e-theodoro-remigia-falam-para-o-agrund-com-8.jpg\"><img aria-describedby=\"caption-attachment-87098\" data-attachment-id=\"87098\" data-permalink=\"https:\/\/agrund.com\/index.php\/minas-trend-beauty-artist-luiz-bicalho-e-theodoro-remigia-falam-para-o-agrund-com\/minas-trend-beauty-artist-luiz-bicalho-e-theodoro-remigia-falam-para-o-agrund-com-8\/\" data-orig-file=\"https:\/\/i0.wp.com\/agrund.com\/wp-content\/uploads\/sites\/6\/2013\/10\/minas-trend-beauty-artist-luiz-bicalho-e-theodoro-remigia-falam-para-o-agrund-com-8.jpg?fit=500%2C787&amp;ssl=1\" data-orig-size=\"500,787\" data-comments-opened=\"1\" data-image-meta=\"{&quot;aperture&quot;:&quot;0&quot;,&quot;credit&quot;:&quot;&quot;,&quot;camera&quot;:&quot;&quot;,&quot;caption&quot;:&quot;&quot;,&quot;created_timestamp&quot;:&quot;0&quot;,&quot;copyright&quot;:&quot;&quot;,&quot;focal_length&quot;:&quot;0&quot;,&quot;iso&quot;:&quot;0&quot;,&quot;shutter_speed&quot;:&quot;0&quot;,&quot;title&quot;:&quot;&quot;}\" data-image-title=\"minas-trend-beauty-artist-luiz-bicalho-e-theodoro-remigia-falam-para-o-agrund-com (8)\" data-image-description=\"\" data-image-caption=\"&lt;p&gt;Minas Trend :: Beauty Artist Luiz Bicalho e Theodoro Remigia falam para o agrund.com&lt;\/p&gt;\n\" data-medium-file=\"https:\/\/i0.wp.com\/agrund.com\/wp-content\/uploads\/sites\/6\/2013\/10\/minas-trend-beauty-artist-luiz-bicalho-e-theodoro-remigia-falam-para-o-agrund-com-8.jpg?fit=190%2C300&amp;ssl=1\" data-large-file=\"https:\/\/i0.wp.com\/agrund.com\/wp-content\/uploads\/sites\/6\/2013\/10\/minas-trend-beauty-artist-luiz-bicalho-e-theodoro-remigia-falam-para-o-agrund-com-8.jpg?fit=500%2C787&amp;ssl=1\" decoding=\"async\" loading=\"lazy\" class=\"size-full wp-image-87098\" alt=\"Minas Trend :: Beauty Artist Luiz Bicalho e Theodoro Remigia falam para o agrund.com\" src=\"https:\/\/i0.wp.com\/www.agrund.com\/wp-content\/uploads\/sites\/6\/2013\/10\/minas-trend-beauty-artist-luiz-bicalho-e-theodoro-remigia-falam-para-o-agrund-com-8.jpg?resize=500%2C787\" width=\"500\" height=\"787\" srcset=\"https:\/\/i0.wp.com\/agrund.com\/wp-content\/uploads\/sites\/6\/2013\/10\/minas-trend-beauty-artist-luiz-bicalho-e-theodoro-remigia-falam-para-o-agrund-com-8.jpg?w=500&amp;ssl=1 500w, https:\/\/i0.wp.com\/agrund.com\/wp-content\/uploads\/sites\/6\/2013\/10\/minas-trend-beauty-artist-luiz-bicalho-e-theodoro-remigia-falam-para-o-agrund-com-8.jpg?resize=190%2C300&amp;ssl=1 190w\" sizes=\"(max-width: 500px) 100vw, 500px\" data-recalc-dims=\"1\" \/><\/a><p id=\"caption-attachment-87098\" class=\"wp-caption-text\">Minas Trend :: Beauty Artist Luiz Bicalho e Theodoro Remigia falam para o agrund.com<\/p><\/div>\n","protected":false},"excerpt":{"rendered":"<p>Por Gustavo Luz Destaques nas equipes de grandes profissionais na \u00e1rea da Beleza, Luiz Bicalho e Theodoro Remigia, que est\u00e3o hoje junto \u00e0 equipe de Beleza que cuida do desfile da grife Vivaz aqui no Minas Trend, receberam o agrund.com para uma r\u00e1pida entrevista. H\u00e1 5 anos \u00e0 frente de grandes produ\u00e7\u00f5es de moda, Luiz [&hellip;]<\/p>\n","protected":false},"author":1,"featured_media":87099,"comment_status":"open","ping_status":"open","sticky":false,"template":"","format":"standard","meta":{"jetpack_post_was_ever_published":false,"_jetpack_newsletter_access":"","jetpack_publicize_message":"","jetpack_is_tweetstorm":false,"jetpack_publicize_feature_enabled":true,"jetpack_social_post_already_shared":true,"jetpack_social_options":{"image_generator_settings":{"template":"highway","enabled":false}}},"categories":[9,2],"tags":[],"jetpack_publicize_connections":[],"jetpack_featured_media_url":"https:\/\/i0.wp.com\/agrund.com\/wp-content\/uploads\/sites\/6\/2013\/10\/slide70.jpg?fit=960%2C332&ssl=1","jetpack_sharing_enabled":true,"jetpack_shortlink":"https:\/\/wp.me\/p3Hz0n-mEG","jetpack_likes_enabled":true,"_links":{"self":[{"href":"https:\/\/agrund.com\/index.php\/wp-json\/wp\/v2\/posts\/87090"}],"collection":[{"href":"https:\/\/agrund.com\/index.php\/wp-json\/wp\/v2\/posts"}],"about":[{"href":"https:\/\/agrund.com\/index.php\/wp-json\/wp\/v2\/types\/post"}],"author":[{"embeddable":true,"href":"https:\/\/agrund.com\/index.php\/wp-json\/wp\/v2\/users\/1"}],"replies":[{"embeddable":true,"href":"https:\/\/agrund.com\/index.php\/wp-json\/wp\/v2\/comments?post=87090"}],"version-history":[{"count":0,"href":"https:\/\/agrund.com\/index.php\/wp-json\/wp\/v2\/posts\/87090\/revisions"}],"wp:featuredmedia":[{"embeddable":true,"href":"https:\/\/agrund.com\/index.php\/wp-json\/wp\/v2\/media\/87099"}],"wp:attachment":[{"href":"https:\/\/agrund.com\/index.php\/wp-json\/wp\/v2\/media?parent=87090"}],"wp:term":[{"taxonomy":"category","embeddable":true,"href":"https:\/\/agrund.com\/index.php\/wp-json\/wp\/v2\/categories?post=87090"},{"taxonomy":"post_tag","embeddable":true,"href":"https:\/\/agrund.com\/index.php\/wp-json\/wp\/v2\/tags?post=87090"}],"curies":[{"name":"wp","href":"https:\/\/api.w.org\/{rel}","templated":true}]}}