{"id":87042,"date":"2013-10-09T11:30:15","date_gmt":"2013-10-09T14:30:15","guid":{"rendered":"http:\/\/www.agrund.com\/?p=87042"},"modified":"2013-10-09T11:07:47","modified_gmt":"2013-10-09T14:07:47","slug":"minas-trend-inverno-2014-plural-vicenza","status":"publish","type":"post","link":"https:\/\/agrund.com\/index.php\/minas-trend-inverno-2014-plural-vicenza\/","title":{"rendered":"Minas Trend Inverno 2014 :: Plural \/ Vicenza"},"content":{"rendered":"<p>Por Gustavo luz<\/p>\n<p>A cole\u00e7\u00e3o de Inverno 2014 da Plural tem como inspira\u00e7\u00e3o o Parque Nacional de Yosemit, localizado nas montanhas da Serra Nevada, na Calif\u00f3rnia. O tema aparece nas estampas da cole\u00e7\u00e3o, que representam a flora e fauna do parque, e nas cores escolhidas para a cartela.<\/p>\n<p>Os tecidos utilizados variam entre neoprene, moletom, crepe, tric\u00f4 georgete e couro ecol\u00f3gico. O neoprene e o moletom comp\u00f5em formas estruturadas, que contrastam com pe\u00e7as leves e fluidas de crepe e georgete. A saia midi \u00e9 uma aposta, assim como as t-shirts em alfaiataria e os casacos 7\/8.<\/p>\n<p>Para traduzir a biodiversidade do parque, estampas de sequoias, o urso negro e o veado. O xadrez, padronagem tradicional j\u00e1 consolidada, vem combinado \u00e0s estampas localizadas e ganha releituras que enfatizam seu efeito gr\u00e1fico.<\/p>\n<p>Para arrematar as produ\u00e7\u00f5es, a Vicenza desenvolveu as sand\u00e1lias usadas no desfile. Assim, a Plural apresenta uma cole\u00e7\u00e3o feminina e urbana, trabalhada sob contrastes que definem a silhueta da mulher contempor\u00e2nea.<\/p>\n<div id=\"attachment_87043\" style=\"width: 510px\" class=\"wp-caption aligncenter\"><a href=\"https:\/\/i0.wp.com\/www.agrund.com\/wp-content\/uploads\/sites\/6\/2013\/10\/minas-trend-inverno-2014-plural-vicenza-1.jpg\"><img aria-describedby=\"caption-attachment-87043\" data-attachment-id=\"87043\" data-permalink=\"https:\/\/agrund.com\/index.php\/minas-trend-inverno-2014-plural-vicenza\/minas-trend-inverno-2014-plural-vicenza-1\/\" data-orig-file=\"https:\/\/i0.wp.com\/agrund.com\/wp-content\/uploads\/sites\/6\/2013\/10\/minas-trend-inverno-2014-plural-vicenza-1.jpg?fit=500%2C748&amp;ssl=1\" data-orig-size=\"500,748\" data-comments-opened=\"1\" data-image-meta=\"{&quot;aperture&quot;:&quot;0&quot;,&quot;credit&quot;:&quot;&quot;,&quot;camera&quot;:&quot;&quot;,&quot;caption&quot;:&quot;&quot;,&quot;created_timestamp&quot;:&quot;0&quot;,&quot;copyright&quot;:&quot;&quot;,&quot;focal_length&quot;:&quot;0&quot;,&quot;iso&quot;:&quot;0&quot;,&quot;shutter_speed&quot;:&quot;0&quot;,&quot;title&quot;:&quot;&quot;}\" data-image-title=\"minas-trend-inverno-2014-plural-vicenza (1)\" data-image-description=\"\" data-image-caption=\"&lt;p&gt;Minas Trend Inverno 2014 :: Plural \/ Vicenza&lt;\/p&gt;\n\" data-medium-file=\"https:\/\/i0.wp.com\/agrund.com\/wp-content\/uploads\/sites\/6\/2013\/10\/minas-trend-inverno-2014-plural-vicenza-1.jpg?fit=200%2C300&amp;ssl=1\" data-large-file=\"https:\/\/i0.wp.com\/agrund.com\/wp-content\/uploads\/sites\/6\/2013\/10\/minas-trend-inverno-2014-plural-vicenza-1.jpg?fit=500%2C748&amp;ssl=1\" decoding=\"async\" loading=\"lazy\" class=\"size-full wp-image-87043\" alt=\"Minas Trend Inverno 2014 :: Plural \/ Vicenza\" src=\"https:\/\/i0.wp.com\/www.agrund.com\/wp-content\/uploads\/sites\/6\/2013\/10\/minas-trend-inverno-2014-plural-vicenza-1.jpg?resize=500%2C748\" width=\"500\" height=\"748\" srcset=\"https:\/\/i0.wp.com\/agrund.com\/wp-content\/uploads\/sites\/6\/2013\/10\/minas-trend-inverno-2014-plural-vicenza-1.jpg?w=500&amp;ssl=1 500w, https:\/\/i0.wp.com\/agrund.com\/wp-content\/uploads\/sites\/6\/2013\/10\/minas-trend-inverno-2014-plural-vicenza-1.jpg?resize=200%2C300&amp;ssl=1 200w\" sizes=\"(max-width: 500px) 100vw, 500px\" data-recalc-dims=\"1\" \/><\/a><p id=\"caption-attachment-87043\" class=\"wp-caption-text\">Minas Trend Inverno 2014 :: Plural \/ Vicenza<\/p><\/div>\n<div id=\"attachment_87044\" style=\"width: 510px\" class=\"wp-caption aligncenter\"><a href=\"https:\/\/i0.wp.com\/www.agrund.com\/wp-content\/uploads\/sites\/6\/2013\/10\/minas-trend-inverno-2014-plural-vicenza-2.jpg\"><img aria-describedby=\"caption-attachment-87044\" data-attachment-id=\"87044\" data-permalink=\"https:\/\/agrund.com\/index.php\/minas-trend-inverno-2014-plural-vicenza\/minas-trend-inverno-2014-plural-vicenza-2\/\" data-orig-file=\"https:\/\/i0.wp.com\/agrund.com\/wp-content\/uploads\/sites\/6\/2013\/10\/minas-trend-inverno-2014-plural-vicenza-2.jpg?fit=500%2C748&amp;ssl=1\" data-orig-size=\"500,748\" data-comments-opened=\"1\" data-image-meta=\"{&quot;aperture&quot;:&quot;0&quot;,&quot;credit&quot;:&quot;&quot;,&quot;camera&quot;:&quot;&quot;,&quot;caption&quot;:&quot;&quot;,&quot;created_timestamp&quot;:&quot;0&quot;,&quot;copyright&quot;:&quot;&quot;,&quot;focal_length&quot;:&quot;0&quot;,&quot;iso&quot;:&quot;0&quot;,&quot;shutter_speed&quot;:&quot;0&quot;,&quot;title&quot;:&quot;&quot;}\" data-image-title=\"minas-trend-inverno-2014-plural-vicenza (2)\" data-image-description=\"\" data-image-caption=\"&lt;p&gt;Minas Trend Inverno 2014 :: Plural \/ Vicenza&lt;\/p&gt;\n\" data-medium-file=\"https:\/\/i0.wp.com\/agrund.com\/wp-content\/uploads\/sites\/6\/2013\/10\/minas-trend-inverno-2014-plural-vicenza-2.jpg?fit=200%2C300&amp;ssl=1\" data-large-file=\"https:\/\/i0.wp.com\/agrund.com\/wp-content\/uploads\/sites\/6\/2013\/10\/minas-trend-inverno-2014-plural-vicenza-2.jpg?fit=500%2C748&amp;ssl=1\" decoding=\"async\" loading=\"lazy\" class=\"size-full wp-image-87044\" alt=\"Minas Trend Inverno 2014 :: Plural \/ Vicenza\" src=\"https:\/\/i0.wp.com\/www.agrund.com\/wp-content\/uploads\/sites\/6\/2013\/10\/minas-trend-inverno-2014-plural-vicenza-2.jpg?resize=500%2C748\" width=\"500\" height=\"748\" srcset=\"https:\/\/i0.wp.com\/agrund.com\/wp-content\/uploads\/sites\/6\/2013\/10\/minas-trend-inverno-2014-plural-vicenza-2.jpg?w=500&amp;ssl=1 500w, https:\/\/i0.wp.com\/agrund.com\/wp-content\/uploads\/sites\/6\/2013\/10\/minas-trend-inverno-2014-plural-vicenza-2.jpg?resize=200%2C300&amp;ssl=1 200w\" sizes=\"(max-width: 500px) 100vw, 500px\" data-recalc-dims=\"1\" \/><\/a><p id=\"caption-attachment-87044\" class=\"wp-caption-text\">Minas Trend Inverno 2014 :: Plural \/ Vicenza<\/p><\/div>\n<div id=\"attachment_87045\" style=\"width: 510px\" class=\"wp-caption aligncenter\"><a href=\"https:\/\/i0.wp.com\/www.agrund.com\/wp-content\/uploads\/sites\/6\/2013\/10\/minas-trend-inverno-2014-plural-vicenza-3.jpg\"><img aria-describedby=\"caption-attachment-87045\" data-attachment-id=\"87045\" data-permalink=\"https:\/\/agrund.com\/index.php\/minas-trend-inverno-2014-plural-vicenza\/minas-trend-inverno-2014-plural-vicenza-3\/\" data-orig-file=\"https:\/\/i0.wp.com\/agrund.com\/wp-content\/uploads\/sites\/6\/2013\/10\/minas-trend-inverno-2014-plural-vicenza-3.jpg?fit=500%2C748&amp;ssl=1\" data-orig-size=\"500,748\" data-comments-opened=\"1\" data-image-meta=\"{&quot;aperture&quot;:&quot;0&quot;,&quot;credit&quot;:&quot;&quot;,&quot;camera&quot;:&quot;&quot;,&quot;caption&quot;:&quot;&quot;,&quot;created_timestamp&quot;:&quot;0&quot;,&quot;copyright&quot;:&quot;&quot;,&quot;focal_length&quot;:&quot;0&quot;,&quot;iso&quot;:&quot;0&quot;,&quot;shutter_speed&quot;:&quot;0&quot;,&quot;title&quot;:&quot;&quot;}\" data-image-title=\"minas-trend-inverno-2014-plural-vicenza (3)\" data-image-description=\"\" data-image-caption=\"&lt;p&gt;Minas Trend Inverno 2014 :: Plural \/ Vicenza&lt;\/p&gt;\n\" data-medium-file=\"https:\/\/i0.wp.com\/agrund.com\/wp-content\/uploads\/sites\/6\/2013\/10\/minas-trend-inverno-2014-plural-vicenza-3.jpg?fit=200%2C300&amp;ssl=1\" data-large-file=\"https:\/\/i0.wp.com\/agrund.com\/wp-content\/uploads\/sites\/6\/2013\/10\/minas-trend-inverno-2014-plural-vicenza-3.jpg?fit=500%2C748&amp;ssl=1\" decoding=\"async\" loading=\"lazy\" class=\"size-full wp-image-87045\" alt=\"Minas Trend Inverno 2014 :: Plural \/ Vicenza\" src=\"https:\/\/i0.wp.com\/www.agrund.com\/wp-content\/uploads\/sites\/6\/2013\/10\/minas-trend-inverno-2014-plural-vicenza-3.jpg?resize=500%2C748\" width=\"500\" height=\"748\" srcset=\"https:\/\/i0.wp.com\/agrund.com\/wp-content\/uploads\/sites\/6\/2013\/10\/minas-trend-inverno-2014-plural-vicenza-3.jpg?w=500&amp;ssl=1 500w, https:\/\/i0.wp.com\/agrund.com\/wp-content\/uploads\/sites\/6\/2013\/10\/minas-trend-inverno-2014-plural-vicenza-3.jpg?resize=200%2C300&amp;ssl=1 200w\" sizes=\"(max-width: 500px) 100vw, 500px\" data-recalc-dims=\"1\" \/><\/a><p id=\"caption-attachment-87045\" class=\"wp-caption-text\">Minas Trend Inverno 2014 :: Plural \/ Vicenza<\/p><\/div>\n<div id=\"attachment_87046\" style=\"width: 510px\" class=\"wp-caption aligncenter\"><a href=\"https:\/\/i0.wp.com\/www.agrund.com\/wp-content\/uploads\/sites\/6\/2013\/10\/minas-trend-inverno-2014-plural-vicenza-4.jpg\"><img aria-describedby=\"caption-attachment-87046\" data-attachment-id=\"87046\" data-permalink=\"https:\/\/agrund.com\/index.php\/minas-trend-inverno-2014-plural-vicenza\/minas-trend-inverno-2014-plural-vicenza-4\/\" data-orig-file=\"https:\/\/i0.wp.com\/agrund.com\/wp-content\/uploads\/sites\/6\/2013\/10\/minas-trend-inverno-2014-plural-vicenza-4.jpg?fit=500%2C748&amp;ssl=1\" data-orig-size=\"500,748\" data-comments-opened=\"1\" data-image-meta=\"{&quot;aperture&quot;:&quot;0&quot;,&quot;credit&quot;:&quot;&quot;,&quot;camera&quot;:&quot;&quot;,&quot;caption&quot;:&quot;&quot;,&quot;created_timestamp&quot;:&quot;0&quot;,&quot;copyright&quot;:&quot;&quot;,&quot;focal_length&quot;:&quot;0&quot;,&quot;iso&quot;:&quot;0&quot;,&quot;shutter_speed&quot;:&quot;0&quot;,&quot;title&quot;:&quot;&quot;}\" data-image-title=\"minas-trend-inverno-2014-plural-vicenza (4)\" data-image-description=\"\" data-image-caption=\"&lt;p&gt;Minas Trend Inverno 2014 :: Plural \/ Vicenza&lt;\/p&gt;\n\" data-medium-file=\"https:\/\/i0.wp.com\/agrund.com\/wp-content\/uploads\/sites\/6\/2013\/10\/minas-trend-inverno-2014-plural-vicenza-4.jpg?fit=200%2C300&amp;ssl=1\" data-large-file=\"https:\/\/i0.wp.com\/agrund.com\/wp-content\/uploads\/sites\/6\/2013\/10\/minas-trend-inverno-2014-plural-vicenza-4.jpg?fit=500%2C748&amp;ssl=1\" decoding=\"async\" loading=\"lazy\" class=\"size-full wp-image-87046\" alt=\"Minas Trend Inverno 2014 :: Plural \/ Vicenza\" src=\"https:\/\/i0.wp.com\/www.agrund.com\/wp-content\/uploads\/sites\/6\/2013\/10\/minas-trend-inverno-2014-plural-vicenza-4.jpg?resize=500%2C748\" width=\"500\" height=\"748\" srcset=\"https:\/\/i0.wp.com\/agrund.com\/wp-content\/uploads\/sites\/6\/2013\/10\/minas-trend-inverno-2014-plural-vicenza-4.jpg?w=500&amp;ssl=1 500w, https:\/\/i0.wp.com\/agrund.com\/wp-content\/uploads\/sites\/6\/2013\/10\/minas-trend-inverno-2014-plural-vicenza-4.jpg?resize=200%2C300&amp;ssl=1 200w\" sizes=\"(max-width: 500px) 100vw, 500px\" data-recalc-dims=\"1\" \/><\/a><p id=\"caption-attachment-87046\" class=\"wp-caption-text\">Minas Trend Inverno 2014 :: Plural \/ Vicenza<\/p><\/div>\n<div id=\"attachment_87047\" style=\"width: 510px\" class=\"wp-caption aligncenter\"><a href=\"https:\/\/i0.wp.com\/www.agrund.com\/wp-content\/uploads\/sites\/6\/2013\/10\/minas-trend-inverno-2014-plural-vicenza-5.jpg\"><img aria-describedby=\"caption-attachment-87047\" data-attachment-id=\"87047\" data-permalink=\"https:\/\/agrund.com\/index.php\/minas-trend-inverno-2014-plural-vicenza\/minas-trend-inverno-2014-plural-vicenza-5\/\" data-orig-file=\"https:\/\/i0.wp.com\/agrund.com\/wp-content\/uploads\/sites\/6\/2013\/10\/minas-trend-inverno-2014-plural-vicenza-5.jpg?fit=500%2C748&amp;ssl=1\" data-orig-size=\"500,748\" data-comments-opened=\"1\" data-image-meta=\"{&quot;aperture&quot;:&quot;0&quot;,&quot;credit&quot;:&quot;&quot;,&quot;camera&quot;:&quot;&quot;,&quot;caption&quot;:&quot;&quot;,&quot;created_timestamp&quot;:&quot;0&quot;,&quot;copyright&quot;:&quot;&quot;,&quot;focal_length&quot;:&quot;0&quot;,&quot;iso&quot;:&quot;0&quot;,&quot;shutter_speed&quot;:&quot;0&quot;,&quot;title&quot;:&quot;&quot;}\" data-image-title=\"minas-trend-inverno-2014-plural-vicenza (5)\" data-image-description=\"\" data-image-caption=\"&lt;p&gt;Minas Trend Inverno 2014 :: Plural \/ Vicenza&lt;\/p&gt;\n\" data-medium-file=\"https:\/\/i0.wp.com\/agrund.com\/wp-content\/uploads\/sites\/6\/2013\/10\/minas-trend-inverno-2014-plural-vicenza-5.jpg?fit=200%2C300&amp;ssl=1\" data-large-file=\"https:\/\/i0.wp.com\/agrund.com\/wp-content\/uploads\/sites\/6\/2013\/10\/minas-trend-inverno-2014-plural-vicenza-5.jpg?fit=500%2C748&amp;ssl=1\" decoding=\"async\" loading=\"lazy\" class=\"size-full wp-image-87047\" alt=\"Minas Trend Inverno 2014 :: Plural \/ Vicenza\" src=\"https:\/\/i0.wp.com\/www.agrund.com\/wp-content\/uploads\/sites\/6\/2013\/10\/minas-trend-inverno-2014-plural-vicenza-5.jpg?resize=500%2C748\" width=\"500\" height=\"748\" srcset=\"https:\/\/i0.wp.com\/agrund.com\/wp-content\/uploads\/sites\/6\/2013\/10\/minas-trend-inverno-2014-plural-vicenza-5.jpg?w=500&amp;ssl=1 500w, https:\/\/i0.wp.com\/agrund.com\/wp-content\/uploads\/sites\/6\/2013\/10\/minas-trend-inverno-2014-plural-vicenza-5.jpg?resize=200%2C300&amp;ssl=1 200w\" sizes=\"(max-width: 500px) 100vw, 500px\" data-recalc-dims=\"1\" \/><\/a><p id=\"caption-attachment-87047\" class=\"wp-caption-text\">Minas Trend Inverno 2014 :: Plural \/ Vicenza<\/p><\/div>\n<div id=\"attachment_87048\" style=\"width: 510px\" class=\"wp-caption aligncenter\"><a href=\"https:\/\/i0.wp.com\/www.agrund.com\/wp-content\/uploads\/sites\/6\/2013\/10\/minas-trend-inverno-2014-plural-vicenza-6.jpg\"><img aria-describedby=\"caption-attachment-87048\" data-attachment-id=\"87048\" data-permalink=\"https:\/\/agrund.com\/index.php\/minas-trend-inverno-2014-plural-vicenza\/minas-trend-inverno-2014-plural-vicenza-6\/\" data-orig-file=\"https:\/\/i0.wp.com\/agrund.com\/wp-content\/uploads\/sites\/6\/2013\/10\/minas-trend-inverno-2014-plural-vicenza-6.jpg?fit=500%2C748&amp;ssl=1\" data-orig-size=\"500,748\" data-comments-opened=\"1\" data-image-meta=\"{&quot;aperture&quot;:&quot;0&quot;,&quot;credit&quot;:&quot;&quot;,&quot;camera&quot;:&quot;&quot;,&quot;caption&quot;:&quot;&quot;,&quot;created_timestamp&quot;:&quot;0&quot;,&quot;copyright&quot;:&quot;&quot;,&quot;focal_length&quot;:&quot;0&quot;,&quot;iso&quot;:&quot;0&quot;,&quot;shutter_speed&quot;:&quot;0&quot;,&quot;title&quot;:&quot;&quot;}\" data-image-title=\"minas-trend-inverno-2014-plural-vicenza (6)\" data-image-description=\"\" data-image-caption=\"&lt;p&gt;Minas Trend Inverno 2014 :: Plural \/ Vicenza&lt;\/p&gt;\n\" data-medium-file=\"https:\/\/i0.wp.com\/agrund.com\/wp-content\/uploads\/sites\/6\/2013\/10\/minas-trend-inverno-2014-plural-vicenza-6.jpg?fit=200%2C300&amp;ssl=1\" data-large-file=\"https:\/\/i0.wp.com\/agrund.com\/wp-content\/uploads\/sites\/6\/2013\/10\/minas-trend-inverno-2014-plural-vicenza-6.jpg?fit=500%2C748&amp;ssl=1\" decoding=\"async\" loading=\"lazy\" class=\"size-full wp-image-87048\" alt=\"Minas Trend Inverno 2014 :: Plural \/ Vicenza\" src=\"https:\/\/i0.wp.com\/www.agrund.com\/wp-content\/uploads\/sites\/6\/2013\/10\/minas-trend-inverno-2014-plural-vicenza-6.jpg?resize=500%2C748\" width=\"500\" height=\"748\" srcset=\"https:\/\/i0.wp.com\/agrund.com\/wp-content\/uploads\/sites\/6\/2013\/10\/minas-trend-inverno-2014-plural-vicenza-6.jpg?w=500&amp;ssl=1 500w, https:\/\/i0.wp.com\/agrund.com\/wp-content\/uploads\/sites\/6\/2013\/10\/minas-trend-inverno-2014-plural-vicenza-6.jpg?resize=200%2C300&amp;ssl=1 200w\" sizes=\"(max-width: 500px) 100vw, 500px\" data-recalc-dims=\"1\" \/><\/a><p id=\"caption-attachment-87048\" class=\"wp-caption-text\">Minas Trend Inverno 2014 :: Plural \/ Vicenza<\/p><\/div>\n<div id=\"attachment_87049\" style=\"width: 510px\" class=\"wp-caption aligncenter\"><a href=\"https:\/\/i0.wp.com\/www.agrund.com\/wp-content\/uploads\/sites\/6\/2013\/10\/minas-trend-inverno-2014-plural-vicenza-7.jpg\"><img aria-describedby=\"caption-attachment-87049\" data-attachment-id=\"87049\" data-permalink=\"https:\/\/agrund.com\/index.php\/minas-trend-inverno-2014-plural-vicenza\/minas-trend-inverno-2014-plural-vicenza-7\/\" data-orig-file=\"https:\/\/i0.wp.com\/agrund.com\/wp-content\/uploads\/sites\/6\/2013\/10\/minas-trend-inverno-2014-plural-vicenza-7.jpg?fit=500%2C748&amp;ssl=1\" data-orig-size=\"500,748\" data-comments-opened=\"1\" data-image-meta=\"{&quot;aperture&quot;:&quot;0&quot;,&quot;credit&quot;:&quot;&quot;,&quot;camera&quot;:&quot;&quot;,&quot;caption&quot;:&quot;&quot;,&quot;created_timestamp&quot;:&quot;0&quot;,&quot;copyright&quot;:&quot;&quot;,&quot;focal_length&quot;:&quot;0&quot;,&quot;iso&quot;:&quot;0&quot;,&quot;shutter_speed&quot;:&quot;0&quot;,&quot;title&quot;:&quot;&quot;}\" data-image-title=\"minas-trend-inverno-2014-plural-vicenza (7)\" data-image-description=\"\" data-image-caption=\"&lt;p&gt;Minas Trend Inverno 2014 :: Plural \/ Vicenza&lt;\/p&gt;\n\" data-medium-file=\"https:\/\/i0.wp.com\/agrund.com\/wp-content\/uploads\/sites\/6\/2013\/10\/minas-trend-inverno-2014-plural-vicenza-7.jpg?fit=200%2C300&amp;ssl=1\" data-large-file=\"https:\/\/i0.wp.com\/agrund.com\/wp-content\/uploads\/sites\/6\/2013\/10\/minas-trend-inverno-2014-plural-vicenza-7.jpg?fit=500%2C748&amp;ssl=1\" decoding=\"async\" loading=\"lazy\" class=\"size-full wp-image-87049\" alt=\"Minas Trend Inverno 2014 :: Plural \/ Vicenza\" src=\"https:\/\/i0.wp.com\/www.agrund.com\/wp-content\/uploads\/sites\/6\/2013\/10\/minas-trend-inverno-2014-plural-vicenza-7.jpg?resize=500%2C748\" width=\"500\" height=\"748\" srcset=\"https:\/\/i0.wp.com\/agrund.com\/wp-content\/uploads\/sites\/6\/2013\/10\/minas-trend-inverno-2014-plural-vicenza-7.jpg?w=500&amp;ssl=1 500w, https:\/\/i0.wp.com\/agrund.com\/wp-content\/uploads\/sites\/6\/2013\/10\/minas-trend-inverno-2014-plural-vicenza-7.jpg?resize=200%2C300&amp;ssl=1 200w\" sizes=\"(max-width: 500px) 100vw, 500px\" data-recalc-dims=\"1\" \/><\/a><p id=\"caption-attachment-87049\" class=\"wp-caption-text\">Minas Trend Inverno 2014 :: Plural \/ Vicenza<\/p><\/div>\n<div id=\"attachment_87050\" style=\"width: 510px\" class=\"wp-caption aligncenter\"><a href=\"https:\/\/i0.wp.com\/www.agrund.com\/wp-content\/uploads\/sites\/6\/2013\/10\/minas-trend-inverno-2014-plural-vicenza-8.jpg\"><img aria-describedby=\"caption-attachment-87050\" data-attachment-id=\"87050\" data-permalink=\"https:\/\/agrund.com\/index.php\/minas-trend-inverno-2014-plural-vicenza\/minas-trend-inverno-2014-plural-vicenza-8\/\" data-orig-file=\"https:\/\/i0.wp.com\/agrund.com\/wp-content\/uploads\/sites\/6\/2013\/10\/minas-trend-inverno-2014-plural-vicenza-8.jpg?fit=500%2C748&amp;ssl=1\" data-orig-size=\"500,748\" data-comments-opened=\"1\" data-image-meta=\"{&quot;aperture&quot;:&quot;0&quot;,&quot;credit&quot;:&quot;&quot;,&quot;camera&quot;:&quot;&quot;,&quot;caption&quot;:&quot;&quot;,&quot;created_timestamp&quot;:&quot;0&quot;,&quot;copyright&quot;:&quot;&quot;,&quot;focal_length&quot;:&quot;0&quot;,&quot;iso&quot;:&quot;0&quot;,&quot;shutter_speed&quot;:&quot;0&quot;,&quot;title&quot;:&quot;&quot;}\" data-image-title=\"minas-trend-inverno-2014-plural-vicenza (8)\" data-image-description=\"\" data-image-caption=\"&lt;p&gt;Minas Trend Inverno 2014 :: Plural \/ Vicenza&lt;\/p&gt;\n\" data-medium-file=\"https:\/\/i0.wp.com\/agrund.com\/wp-content\/uploads\/sites\/6\/2013\/10\/minas-trend-inverno-2014-plural-vicenza-8.jpg?fit=200%2C300&amp;ssl=1\" data-large-file=\"https:\/\/i0.wp.com\/agrund.com\/wp-content\/uploads\/sites\/6\/2013\/10\/minas-trend-inverno-2014-plural-vicenza-8.jpg?fit=500%2C748&amp;ssl=1\" decoding=\"async\" loading=\"lazy\" class=\"size-full wp-image-87050\" alt=\"Minas Trend Inverno 2014 :: Plural \/ Vicenza\" src=\"https:\/\/i0.wp.com\/www.agrund.com\/wp-content\/uploads\/sites\/6\/2013\/10\/minas-trend-inverno-2014-plural-vicenza-8.jpg?resize=500%2C748\" width=\"500\" height=\"748\" srcset=\"https:\/\/i0.wp.com\/agrund.com\/wp-content\/uploads\/sites\/6\/2013\/10\/minas-trend-inverno-2014-plural-vicenza-8.jpg?w=500&amp;ssl=1 500w, https:\/\/i0.wp.com\/agrund.com\/wp-content\/uploads\/sites\/6\/2013\/10\/minas-trend-inverno-2014-plural-vicenza-8.jpg?resize=200%2C300&amp;ssl=1 200w\" sizes=\"(max-width: 500px) 100vw, 500px\" data-recalc-dims=\"1\" \/><\/a><p id=\"caption-attachment-87050\" class=\"wp-caption-text\">Minas Trend Inverno 2014 :: Plural \/ Vicenza<\/p><\/div>\n<div id=\"attachment_87051\" style=\"width: 510px\" class=\"wp-caption aligncenter\"><a href=\"https:\/\/i0.wp.com\/www.agrund.com\/wp-content\/uploads\/sites\/6\/2013\/10\/minas-trend-inverno-2014-plural-vicenza-9.jpg\"><img aria-describedby=\"caption-attachment-87051\" data-attachment-id=\"87051\" data-permalink=\"https:\/\/agrund.com\/index.php\/minas-trend-inverno-2014-plural-vicenza\/minas-trend-inverno-2014-plural-vicenza-9\/\" data-orig-file=\"https:\/\/i0.wp.com\/agrund.com\/wp-content\/uploads\/sites\/6\/2013\/10\/minas-trend-inverno-2014-plural-vicenza-9.jpg?fit=500%2C748&amp;ssl=1\" data-orig-size=\"500,748\" data-comments-opened=\"1\" data-image-meta=\"{&quot;aperture&quot;:&quot;0&quot;,&quot;credit&quot;:&quot;&quot;,&quot;camera&quot;:&quot;&quot;,&quot;caption&quot;:&quot;&quot;,&quot;created_timestamp&quot;:&quot;0&quot;,&quot;copyright&quot;:&quot;&quot;,&quot;focal_length&quot;:&quot;0&quot;,&quot;iso&quot;:&quot;0&quot;,&quot;shutter_speed&quot;:&quot;0&quot;,&quot;title&quot;:&quot;&quot;}\" data-image-title=\"minas-trend-inverno-2014-plural-vicenza (9)\" data-image-description=\"\" data-image-caption=\"&lt;p&gt;Minas Trend Inverno 2014 :: Plural \/ Vicenza&lt;\/p&gt;\n\" data-medium-file=\"https:\/\/i0.wp.com\/agrund.com\/wp-content\/uploads\/sites\/6\/2013\/10\/minas-trend-inverno-2014-plural-vicenza-9.jpg?fit=200%2C300&amp;ssl=1\" data-large-file=\"https:\/\/i0.wp.com\/agrund.com\/wp-content\/uploads\/sites\/6\/2013\/10\/minas-trend-inverno-2014-plural-vicenza-9.jpg?fit=500%2C748&amp;ssl=1\" decoding=\"async\" loading=\"lazy\" class=\"size-full wp-image-87051\" alt=\"Minas Trend Inverno 2014 :: Plural \/ Vicenza\" src=\"https:\/\/i0.wp.com\/www.agrund.com\/wp-content\/uploads\/sites\/6\/2013\/10\/minas-trend-inverno-2014-plural-vicenza-9.jpg?resize=500%2C748\" width=\"500\" height=\"748\" srcset=\"https:\/\/i0.wp.com\/agrund.com\/wp-content\/uploads\/sites\/6\/2013\/10\/minas-trend-inverno-2014-plural-vicenza-9.jpg?w=500&amp;ssl=1 500w, https:\/\/i0.wp.com\/agrund.com\/wp-content\/uploads\/sites\/6\/2013\/10\/minas-trend-inverno-2014-plural-vicenza-9.jpg?resize=200%2C300&amp;ssl=1 200w\" sizes=\"(max-width: 500px) 100vw, 500px\" data-recalc-dims=\"1\" \/><\/a><p id=\"caption-attachment-87051\" class=\"wp-caption-text\">Minas Trend Inverno 2014 :: Plural \/ Vicenza<\/p><\/div>\n<div id=\"attachment_87052\" style=\"width: 510px\" class=\"wp-caption aligncenter\"><a href=\"https:\/\/i0.wp.com\/www.agrund.com\/wp-content\/uploads\/sites\/6\/2013\/10\/minas-trend-inverno-2014-plural-vicenza-10.jpg\"><img aria-describedby=\"caption-attachment-87052\" data-attachment-id=\"87052\" data-permalink=\"https:\/\/agrund.com\/index.php\/minas-trend-inverno-2014-plural-vicenza\/minas-trend-inverno-2014-plural-vicenza-10\/\" data-orig-file=\"https:\/\/i0.wp.com\/agrund.com\/wp-content\/uploads\/sites\/6\/2013\/10\/minas-trend-inverno-2014-plural-vicenza-10.jpg?fit=500%2C748&amp;ssl=1\" data-orig-size=\"500,748\" data-comments-opened=\"1\" data-image-meta=\"{&quot;aperture&quot;:&quot;0&quot;,&quot;credit&quot;:&quot;&quot;,&quot;camera&quot;:&quot;&quot;,&quot;caption&quot;:&quot;&quot;,&quot;created_timestamp&quot;:&quot;0&quot;,&quot;copyright&quot;:&quot;&quot;,&quot;focal_length&quot;:&quot;0&quot;,&quot;iso&quot;:&quot;0&quot;,&quot;shutter_speed&quot;:&quot;0&quot;,&quot;title&quot;:&quot;&quot;}\" data-image-title=\"minas-trend-inverno-2014-plural-vicenza (10)\" data-image-description=\"\" data-image-caption=\"&lt;p&gt;Minas Trend Inverno 2014 :: Plural \/ Vicenza&lt;\/p&gt;\n\" data-medium-file=\"https:\/\/i0.wp.com\/agrund.com\/wp-content\/uploads\/sites\/6\/2013\/10\/minas-trend-inverno-2014-plural-vicenza-10.jpg?fit=200%2C300&amp;ssl=1\" data-large-file=\"https:\/\/i0.wp.com\/agrund.com\/wp-content\/uploads\/sites\/6\/2013\/10\/minas-trend-inverno-2014-plural-vicenza-10.jpg?fit=500%2C748&amp;ssl=1\" decoding=\"async\" loading=\"lazy\" class=\"size-full wp-image-87052\" alt=\"Minas Trend Inverno 2014 :: Plural \/ Vicenza\" src=\"https:\/\/i0.wp.com\/www.agrund.com\/wp-content\/uploads\/sites\/6\/2013\/10\/minas-trend-inverno-2014-plural-vicenza-10.jpg?resize=500%2C748\" width=\"500\" height=\"748\" srcset=\"https:\/\/i0.wp.com\/agrund.com\/wp-content\/uploads\/sites\/6\/2013\/10\/minas-trend-inverno-2014-plural-vicenza-10.jpg?w=500&amp;ssl=1 500w, https:\/\/i0.wp.com\/agrund.com\/wp-content\/uploads\/sites\/6\/2013\/10\/minas-trend-inverno-2014-plural-vicenza-10.jpg?resize=200%2C300&amp;ssl=1 200w\" sizes=\"(max-width: 500px) 100vw, 500px\" data-recalc-dims=\"1\" \/><\/a><p id=\"caption-attachment-87052\" class=\"wp-caption-text\">Minas Trend Inverno 2014 :: Plural \/ Vicenza<\/p><\/div>\n<div id=\"attachment_87053\" style=\"width: 510px\" class=\"wp-caption aligncenter\"><a href=\"https:\/\/i0.wp.com\/www.agrund.com\/wp-content\/uploads\/sites\/6\/2013\/10\/minas-trend-inverno-2014-plural-vicenza-11.jpg\"><img aria-describedby=\"caption-attachment-87053\" data-attachment-id=\"87053\" data-permalink=\"https:\/\/agrund.com\/index.php\/minas-trend-inverno-2014-plural-vicenza\/minas-trend-inverno-2014-plural-vicenza-11\/\" data-orig-file=\"https:\/\/i0.wp.com\/agrund.com\/wp-content\/uploads\/sites\/6\/2013\/10\/minas-trend-inverno-2014-plural-vicenza-11.jpg?fit=500%2C748&amp;ssl=1\" data-orig-size=\"500,748\" data-comments-opened=\"1\" data-image-meta=\"{&quot;aperture&quot;:&quot;0&quot;,&quot;credit&quot;:&quot;&quot;,&quot;camera&quot;:&quot;&quot;,&quot;caption&quot;:&quot;&quot;,&quot;created_timestamp&quot;:&quot;0&quot;,&quot;copyright&quot;:&quot;&quot;,&quot;focal_length&quot;:&quot;0&quot;,&quot;iso&quot;:&quot;0&quot;,&quot;shutter_speed&quot;:&quot;0&quot;,&quot;title&quot;:&quot;&quot;}\" data-image-title=\"minas-trend-inverno-2014-plural-vicenza (11)\" data-image-description=\"\" data-image-caption=\"&lt;p&gt;Minas Trend Inverno 2014 :: Plural \/ Vicenza&lt;\/p&gt;\n\" data-medium-file=\"https:\/\/i0.wp.com\/agrund.com\/wp-content\/uploads\/sites\/6\/2013\/10\/minas-trend-inverno-2014-plural-vicenza-11.jpg?fit=200%2C300&amp;ssl=1\" data-large-file=\"https:\/\/i0.wp.com\/agrund.com\/wp-content\/uploads\/sites\/6\/2013\/10\/minas-trend-inverno-2014-plural-vicenza-11.jpg?fit=500%2C748&amp;ssl=1\" decoding=\"async\" loading=\"lazy\" class=\"size-full wp-image-87053\" alt=\"Minas Trend Inverno 2014 :: Plural \/ Vicenza\" src=\"https:\/\/i0.wp.com\/www.agrund.com\/wp-content\/uploads\/sites\/6\/2013\/10\/minas-trend-inverno-2014-plural-vicenza-11.jpg?resize=500%2C748\" width=\"500\" height=\"748\" srcset=\"https:\/\/i0.wp.com\/agrund.com\/wp-content\/uploads\/sites\/6\/2013\/10\/minas-trend-inverno-2014-plural-vicenza-11.jpg?w=500&amp;ssl=1 500w, https:\/\/i0.wp.com\/agrund.com\/wp-content\/uploads\/sites\/6\/2013\/10\/minas-trend-inverno-2014-plural-vicenza-11.jpg?resize=200%2C300&amp;ssl=1 200w\" sizes=\"(max-width: 500px) 100vw, 500px\" data-recalc-dims=\"1\" \/><\/a><p id=\"caption-attachment-87053\" class=\"wp-caption-text\">Minas Trend Inverno 2014 :: Plural \/ Vicenza<\/p><\/div>\n<div id=\"attachment_87054\" style=\"width: 510px\" class=\"wp-caption aligncenter\"><a href=\"https:\/\/i0.wp.com\/www.agrund.com\/wp-content\/uploads\/sites\/6\/2013\/10\/minas-trend-inverno-2014-plural-vicenza-12.jpg\"><img aria-describedby=\"caption-attachment-87054\" data-attachment-id=\"87054\" data-permalink=\"https:\/\/agrund.com\/index.php\/minas-trend-inverno-2014-plural-vicenza\/minas-trend-inverno-2014-plural-vicenza-12\/\" data-orig-file=\"https:\/\/i0.wp.com\/agrund.com\/wp-content\/uploads\/sites\/6\/2013\/10\/minas-trend-inverno-2014-plural-vicenza-12.jpg?fit=500%2C748&amp;ssl=1\" data-orig-size=\"500,748\" data-comments-opened=\"1\" data-image-meta=\"{&quot;aperture&quot;:&quot;0&quot;,&quot;credit&quot;:&quot;&quot;,&quot;camera&quot;:&quot;&quot;,&quot;caption&quot;:&quot;&quot;,&quot;created_timestamp&quot;:&quot;0&quot;,&quot;copyright&quot;:&quot;&quot;,&quot;focal_length&quot;:&quot;0&quot;,&quot;iso&quot;:&quot;0&quot;,&quot;shutter_speed&quot;:&quot;0&quot;,&quot;title&quot;:&quot;&quot;}\" data-image-title=\"minas-trend-inverno-2014-plural-vicenza (12)\" data-image-description=\"\" data-image-caption=\"&lt;p&gt;Minas Trend Inverno 2014 :: Plural \/ Vicenza&lt;\/p&gt;\n\" data-medium-file=\"https:\/\/i0.wp.com\/agrund.com\/wp-content\/uploads\/sites\/6\/2013\/10\/minas-trend-inverno-2014-plural-vicenza-12.jpg?fit=200%2C300&amp;ssl=1\" data-large-file=\"https:\/\/i0.wp.com\/agrund.com\/wp-content\/uploads\/sites\/6\/2013\/10\/minas-trend-inverno-2014-plural-vicenza-12.jpg?fit=500%2C748&amp;ssl=1\" decoding=\"async\" loading=\"lazy\" class=\"size-full wp-image-87054\" alt=\"Minas Trend Inverno 2014 :: Plural \/ Vicenza\" src=\"https:\/\/i0.wp.com\/www.agrund.com\/wp-content\/uploads\/sites\/6\/2013\/10\/minas-trend-inverno-2014-plural-vicenza-12.jpg?resize=500%2C748\" width=\"500\" height=\"748\" srcset=\"https:\/\/i0.wp.com\/agrund.com\/wp-content\/uploads\/sites\/6\/2013\/10\/minas-trend-inverno-2014-plural-vicenza-12.jpg?w=500&amp;ssl=1 500w, https:\/\/i0.wp.com\/agrund.com\/wp-content\/uploads\/sites\/6\/2013\/10\/minas-trend-inverno-2014-plural-vicenza-12.jpg?resize=200%2C300&amp;ssl=1 200w\" sizes=\"(max-width: 500px) 100vw, 500px\" data-recalc-dims=\"1\" \/><\/a><p id=\"caption-attachment-87054\" class=\"wp-caption-text\">Minas Trend Inverno 2014 :: Plural \/ Vicenza<\/p><\/div>\n<div id=\"attachment_87055\" style=\"width: 510px\" class=\"wp-caption aligncenter\"><a href=\"https:\/\/i0.wp.com\/www.agrund.com\/wp-content\/uploads\/sites\/6\/2013\/10\/minas-trend-inverno-2014-plural-vicenza-13.jpg\"><img aria-describedby=\"caption-attachment-87055\" data-attachment-id=\"87055\" data-permalink=\"https:\/\/agrund.com\/index.php\/minas-trend-inverno-2014-plural-vicenza\/minas-trend-inverno-2014-plural-vicenza-13\/\" data-orig-file=\"https:\/\/i0.wp.com\/agrund.com\/wp-content\/uploads\/sites\/6\/2013\/10\/minas-trend-inverno-2014-plural-vicenza-13.jpg?fit=500%2C748&amp;ssl=1\" data-orig-size=\"500,748\" data-comments-opened=\"1\" data-image-meta=\"{&quot;aperture&quot;:&quot;0&quot;,&quot;credit&quot;:&quot;&quot;,&quot;camera&quot;:&quot;&quot;,&quot;caption&quot;:&quot;&quot;,&quot;created_timestamp&quot;:&quot;0&quot;,&quot;copyright&quot;:&quot;&quot;,&quot;focal_length&quot;:&quot;0&quot;,&quot;iso&quot;:&quot;0&quot;,&quot;shutter_speed&quot;:&quot;0&quot;,&quot;title&quot;:&quot;&quot;}\" data-image-title=\"minas-trend-inverno-2014-plural-vicenza (13)\" data-image-description=\"\" data-image-caption=\"&lt;p&gt;Minas Trend Inverno 2014 :: Plural \/ Vicenza&lt;\/p&gt;\n\" data-medium-file=\"https:\/\/i0.wp.com\/agrund.com\/wp-content\/uploads\/sites\/6\/2013\/10\/minas-trend-inverno-2014-plural-vicenza-13.jpg?fit=200%2C300&amp;ssl=1\" data-large-file=\"https:\/\/i0.wp.com\/agrund.com\/wp-content\/uploads\/sites\/6\/2013\/10\/minas-trend-inverno-2014-plural-vicenza-13.jpg?fit=500%2C748&amp;ssl=1\" decoding=\"async\" loading=\"lazy\" class=\"size-full wp-image-87055\" alt=\"Minas Trend Inverno 2014 :: Plural \/ Vicenza\" src=\"https:\/\/i0.wp.com\/www.agrund.com\/wp-content\/uploads\/sites\/6\/2013\/10\/minas-trend-inverno-2014-plural-vicenza-13.jpg?resize=500%2C748\" width=\"500\" height=\"748\" srcset=\"https:\/\/i0.wp.com\/agrund.com\/wp-content\/uploads\/sites\/6\/2013\/10\/minas-trend-inverno-2014-plural-vicenza-13.jpg?w=500&amp;ssl=1 500w, https:\/\/i0.wp.com\/agrund.com\/wp-content\/uploads\/sites\/6\/2013\/10\/minas-trend-inverno-2014-plural-vicenza-13.jpg?resize=200%2C300&amp;ssl=1 200w\" sizes=\"(max-width: 500px) 100vw, 500px\" data-recalc-dims=\"1\" \/><\/a><p id=\"caption-attachment-87055\" class=\"wp-caption-text\">Minas Trend Inverno 2014 :: Plural \/ Vicenza<\/p><\/div>\n","protected":false},"excerpt":{"rendered":"<p>Por Gustavo luz A cole\u00e7\u00e3o de Inverno 2014 da Plural tem como inspira\u00e7\u00e3o o Parque Nacional de Yosemit, localizado nas montanhas da Serra Nevada, na Calif\u00f3rnia. O tema aparece nas estampas da cole\u00e7\u00e3o, que representam a flora e fauna do parque, e nas cores escolhidas para a cartela. Os tecidos utilizados variam entre neoprene, moletom, [&hellip;]<\/p>\n","protected":false},"author":1,"featured_media":87056,"comment_status":"open","ping_status":"open","sticky":false,"template":"","format":"standard","meta":{"jetpack_post_was_ever_published":false,"_jetpack_newsletter_access":"","jetpack_publicize_message":"","jetpack_is_tweetstorm":false,"jetpack_publicize_feature_enabled":true,"jetpack_social_post_already_shared":true,"jetpack_social_options":{"image_generator_settings":{"template":"highway","enabled":false}}},"categories":[9,2],"tags":[],"jetpack_publicize_connections":[],"jetpack_featured_media_url":"https:\/\/i0.wp.com\/agrund.com\/wp-content\/uploads\/sites\/6\/2013\/10\/slide67.jpg?fit=960%2C324&ssl=1","jetpack_sharing_enabled":true,"jetpack_shortlink":"https:\/\/wp.me\/p3Hz0n-mDU","jetpack_likes_enabled":true,"_links":{"self":[{"href":"https:\/\/agrund.com\/index.php\/wp-json\/wp\/v2\/posts\/87042"}],"collection":[{"href":"https:\/\/agrund.com\/index.php\/wp-json\/wp\/v2\/posts"}],"about":[{"href":"https:\/\/agrund.com\/index.php\/wp-json\/wp\/v2\/types\/post"}],"author":[{"embeddable":true,"href":"https:\/\/agrund.com\/index.php\/wp-json\/wp\/v2\/users\/1"}],"replies":[{"embeddable":true,"href":"https:\/\/agrund.com\/index.php\/wp-json\/wp\/v2\/comments?post=87042"}],"version-history":[{"count":0,"href":"https:\/\/agrund.com\/index.php\/wp-json\/wp\/v2\/posts\/87042\/revisions"}],"wp:featuredmedia":[{"embeddable":true,"href":"https:\/\/agrund.com\/index.php\/wp-json\/wp\/v2\/media\/87056"}],"wp:attachment":[{"href":"https:\/\/agrund.com\/index.php\/wp-json\/wp\/v2\/media?parent=87042"}],"wp:term":[{"taxonomy":"category","embeddable":true,"href":"https:\/\/agrund.com\/index.php\/wp-json\/wp\/v2\/categories?post=87042"},{"taxonomy":"post_tag","embeddable":true,"href":"https:\/\/agrund.com\/index.php\/wp-json\/wp\/v2\/tags?post=87042"}],"curies":[{"name":"wp","href":"https:\/\/api.w.org\/{rel}","templated":true}]}}