{"id":87022,"date":"2013-10-09T11:00:22","date_gmt":"2013-10-09T14:00:22","guid":{"rendered":"http:\/\/www.agrund.com\/?p=87022"},"modified":"2013-10-09T10:17:10","modified_gmt":"2013-10-09T13:17:10","slug":"minas-trend-inverno-2014-victor-dzenk","status":"publish","type":"post","link":"https:\/\/agrund.com\/index.php\/minas-trend-inverno-2014-victor-dzenk\/","title":{"rendered":"Minas Trend Inverno 2014 :: Victor Dzenk"},"content":{"rendered":"<p style=\"text-align: right;\">Por Gustavo luz<\/p>\n<p>O contraste entre o antigo e o moderno, o tradicional e o contempor\u00e2neo, a alegria e o rigor resultam em uma mistura sinest\u00e9sica para a nova cole\u00e7\u00e3o do estilista, intitulada Le Voyage. Um mergulho impactante pelo fascinante mundo \u00e1rabe com sua atmosfera mediterr\u00e2nea, seus costumes, sua arquitetura e sua religiosidade que marcam uma est\u00e9tica particular e rica norteia o Inverno 2014 da marca. Essa riqueza se traduz nos tecidos e acabamentos, na exuber\u00e2ncia das estampas e cartela de cores que v\u00e3o embasar um easy chic urbano para mulheres e homens globetrotters.<\/p>\n<div id=\"attachment_87024\" style=\"width: 510px\" class=\"wp-caption aligncenter\"><a href=\"https:\/\/i0.wp.com\/www.agrund.com\/wp-content\/uploads\/sites\/6\/2013\/10\/minas-trend-inverno-2014-victor-dzenk-1.jpg\"><img aria-describedby=\"caption-attachment-87024\" data-attachment-id=\"87024\" data-permalink=\"https:\/\/agrund.com\/index.php\/minas-trend-inverno-2014-victor-dzenk\/minas-trend-inverno-2014-victor-dzenk-1\/\" data-orig-file=\"https:\/\/i0.wp.com\/agrund.com\/wp-content\/uploads\/sites\/6\/2013\/10\/minas-trend-inverno-2014-victor-dzenk-1.jpg?fit=500%2C748&amp;ssl=1\" data-orig-size=\"500,748\" data-comments-opened=\"1\" data-image-meta=\"{&quot;aperture&quot;:&quot;0&quot;,&quot;credit&quot;:&quot;&quot;,&quot;camera&quot;:&quot;&quot;,&quot;caption&quot;:&quot;&quot;,&quot;created_timestamp&quot;:&quot;0&quot;,&quot;copyright&quot;:&quot;&quot;,&quot;focal_length&quot;:&quot;0&quot;,&quot;iso&quot;:&quot;0&quot;,&quot;shutter_speed&quot;:&quot;0&quot;,&quot;title&quot;:&quot;&quot;}\" data-image-title=\"minas-trend-inverno-2014-victor-dzenk (1)\" data-image-description=\"\" data-image-caption=\"&lt;p&gt;Minas Trend Inverno 2014 :: Victor Dzenk&lt;\/p&gt;\n\" data-medium-file=\"https:\/\/i0.wp.com\/agrund.com\/wp-content\/uploads\/sites\/6\/2013\/10\/minas-trend-inverno-2014-victor-dzenk-1.jpg?fit=200%2C300&amp;ssl=1\" data-large-file=\"https:\/\/i0.wp.com\/agrund.com\/wp-content\/uploads\/sites\/6\/2013\/10\/minas-trend-inverno-2014-victor-dzenk-1.jpg?fit=500%2C748&amp;ssl=1\" decoding=\"async\" loading=\"lazy\" class=\"size-full wp-image-87024\" alt=\"Minas Trend Inverno 2014 :: Victor Dzenk\" src=\"https:\/\/i0.wp.com\/www.agrund.com\/wp-content\/uploads\/sites\/6\/2013\/10\/minas-trend-inverno-2014-victor-dzenk-1.jpg?resize=500%2C748\" width=\"500\" height=\"748\" srcset=\"https:\/\/i0.wp.com\/agrund.com\/wp-content\/uploads\/sites\/6\/2013\/10\/minas-trend-inverno-2014-victor-dzenk-1.jpg?w=500&amp;ssl=1 500w, https:\/\/i0.wp.com\/agrund.com\/wp-content\/uploads\/sites\/6\/2013\/10\/minas-trend-inverno-2014-victor-dzenk-1.jpg?resize=200%2C300&amp;ssl=1 200w\" sizes=\"(max-width: 500px) 100vw, 500px\" data-recalc-dims=\"1\" \/><\/a><p id=\"caption-attachment-87024\" class=\"wp-caption-text\">Minas Trend Inverno 2014 :: Victor Dzenk<\/p><\/div>\n<div id=\"attachment_87025\" style=\"width: 510px\" class=\"wp-caption aligncenter\"><a href=\"https:\/\/i0.wp.com\/www.agrund.com\/wp-content\/uploads\/sites\/6\/2013\/10\/minas-trend-inverno-2014-victor-dzenk-2.jpg\"><img aria-describedby=\"caption-attachment-87025\" data-attachment-id=\"87025\" data-permalink=\"https:\/\/agrund.com\/index.php\/minas-trend-inverno-2014-victor-dzenk\/minas-trend-inverno-2014-victor-dzenk-2\/\" data-orig-file=\"https:\/\/i0.wp.com\/agrund.com\/wp-content\/uploads\/sites\/6\/2013\/10\/minas-trend-inverno-2014-victor-dzenk-2.jpg?fit=500%2C748&amp;ssl=1\" data-orig-size=\"500,748\" data-comments-opened=\"1\" data-image-meta=\"{&quot;aperture&quot;:&quot;0&quot;,&quot;credit&quot;:&quot;&quot;,&quot;camera&quot;:&quot;&quot;,&quot;caption&quot;:&quot;&quot;,&quot;created_timestamp&quot;:&quot;0&quot;,&quot;copyright&quot;:&quot;&quot;,&quot;focal_length&quot;:&quot;0&quot;,&quot;iso&quot;:&quot;0&quot;,&quot;shutter_speed&quot;:&quot;0&quot;,&quot;title&quot;:&quot;&quot;}\" data-image-title=\"minas-trend-inverno-2014-victor-dzenk (2)\" data-image-description=\"\" data-image-caption=\"&lt;p&gt;Minas Trend Inverno 2014 :: Victor Dzenk&lt;\/p&gt;\n\" data-medium-file=\"https:\/\/i0.wp.com\/agrund.com\/wp-content\/uploads\/sites\/6\/2013\/10\/minas-trend-inverno-2014-victor-dzenk-2.jpg?fit=200%2C300&amp;ssl=1\" data-large-file=\"https:\/\/i0.wp.com\/agrund.com\/wp-content\/uploads\/sites\/6\/2013\/10\/minas-trend-inverno-2014-victor-dzenk-2.jpg?fit=500%2C748&amp;ssl=1\" decoding=\"async\" loading=\"lazy\" class=\"size-full wp-image-87025\" alt=\"Minas Trend Inverno 2014 :: Victor Dzenk\" src=\"https:\/\/i0.wp.com\/www.agrund.com\/wp-content\/uploads\/sites\/6\/2013\/10\/minas-trend-inverno-2014-victor-dzenk-2.jpg?resize=500%2C748\" width=\"500\" height=\"748\" srcset=\"https:\/\/i0.wp.com\/agrund.com\/wp-content\/uploads\/sites\/6\/2013\/10\/minas-trend-inverno-2014-victor-dzenk-2.jpg?w=500&amp;ssl=1 500w, https:\/\/i0.wp.com\/agrund.com\/wp-content\/uploads\/sites\/6\/2013\/10\/minas-trend-inverno-2014-victor-dzenk-2.jpg?resize=200%2C300&amp;ssl=1 200w\" sizes=\"(max-width: 500px) 100vw, 500px\" data-recalc-dims=\"1\" \/><\/a><p id=\"caption-attachment-87025\" class=\"wp-caption-text\">Minas Trend Inverno 2014 :: Victor Dzenk<\/p><\/div>\n<div id=\"attachment_87026\" style=\"width: 510px\" class=\"wp-caption aligncenter\"><a href=\"https:\/\/i0.wp.com\/www.agrund.com\/wp-content\/uploads\/sites\/6\/2013\/10\/minas-trend-inverno-2014-victor-dzenk-3.jpg\"><img aria-describedby=\"caption-attachment-87026\" data-attachment-id=\"87026\" data-permalink=\"https:\/\/agrund.com\/index.php\/minas-trend-inverno-2014-victor-dzenk\/minas-trend-inverno-2014-victor-dzenk-3\/\" data-orig-file=\"https:\/\/i0.wp.com\/agrund.com\/wp-content\/uploads\/sites\/6\/2013\/10\/minas-trend-inverno-2014-victor-dzenk-3.jpg?fit=500%2C748&amp;ssl=1\" data-orig-size=\"500,748\" data-comments-opened=\"1\" data-image-meta=\"{&quot;aperture&quot;:&quot;0&quot;,&quot;credit&quot;:&quot;&quot;,&quot;camera&quot;:&quot;&quot;,&quot;caption&quot;:&quot;&quot;,&quot;created_timestamp&quot;:&quot;0&quot;,&quot;copyright&quot;:&quot;&quot;,&quot;focal_length&quot;:&quot;0&quot;,&quot;iso&quot;:&quot;0&quot;,&quot;shutter_speed&quot;:&quot;0&quot;,&quot;title&quot;:&quot;&quot;}\" data-image-title=\"minas-trend-inverno-2014-victor-dzenk (3)\" data-image-description=\"\" data-image-caption=\"&lt;p&gt;Minas Trend Inverno 2014 :: Victor Dzenk&lt;\/p&gt;\n\" data-medium-file=\"https:\/\/i0.wp.com\/agrund.com\/wp-content\/uploads\/sites\/6\/2013\/10\/minas-trend-inverno-2014-victor-dzenk-3.jpg?fit=200%2C300&amp;ssl=1\" data-large-file=\"https:\/\/i0.wp.com\/agrund.com\/wp-content\/uploads\/sites\/6\/2013\/10\/minas-trend-inverno-2014-victor-dzenk-3.jpg?fit=500%2C748&amp;ssl=1\" decoding=\"async\" loading=\"lazy\" class=\"size-full wp-image-87026\" alt=\"Minas Trend Inverno 2014 :: Victor Dzenk\" src=\"https:\/\/i0.wp.com\/www.agrund.com\/wp-content\/uploads\/sites\/6\/2013\/10\/minas-trend-inverno-2014-victor-dzenk-3.jpg?resize=500%2C748\" width=\"500\" height=\"748\" srcset=\"https:\/\/i0.wp.com\/agrund.com\/wp-content\/uploads\/sites\/6\/2013\/10\/minas-trend-inverno-2014-victor-dzenk-3.jpg?w=500&amp;ssl=1 500w, https:\/\/i0.wp.com\/agrund.com\/wp-content\/uploads\/sites\/6\/2013\/10\/minas-trend-inverno-2014-victor-dzenk-3.jpg?resize=200%2C300&amp;ssl=1 200w\" sizes=\"(max-width: 500px) 100vw, 500px\" data-recalc-dims=\"1\" \/><\/a><p id=\"caption-attachment-87026\" class=\"wp-caption-text\">Minas Trend Inverno 2014 :: Victor Dzenk<\/p><\/div>\n<div id=\"attachment_87027\" style=\"width: 510px\" class=\"wp-caption aligncenter\"><a href=\"https:\/\/i0.wp.com\/www.agrund.com\/wp-content\/uploads\/sites\/6\/2013\/10\/minas-trend-inverno-2014-victor-dzenk-4.jpg\"><img aria-describedby=\"caption-attachment-87027\" data-attachment-id=\"87027\" data-permalink=\"https:\/\/agrund.com\/index.php\/minas-trend-inverno-2014-victor-dzenk\/minas-trend-inverno-2014-victor-dzenk-4\/\" data-orig-file=\"https:\/\/i0.wp.com\/agrund.com\/wp-content\/uploads\/sites\/6\/2013\/10\/minas-trend-inverno-2014-victor-dzenk-4.jpg?fit=500%2C748&amp;ssl=1\" data-orig-size=\"500,748\" data-comments-opened=\"1\" data-image-meta=\"{&quot;aperture&quot;:&quot;0&quot;,&quot;credit&quot;:&quot;&quot;,&quot;camera&quot;:&quot;&quot;,&quot;caption&quot;:&quot;&quot;,&quot;created_timestamp&quot;:&quot;0&quot;,&quot;copyright&quot;:&quot;&quot;,&quot;focal_length&quot;:&quot;0&quot;,&quot;iso&quot;:&quot;0&quot;,&quot;shutter_speed&quot;:&quot;0&quot;,&quot;title&quot;:&quot;&quot;}\" data-image-title=\"minas-trend-inverno-2014-victor-dzenk (4)\" data-image-description=\"\" data-image-caption=\"&lt;p&gt;Minas Trend Inverno 2014 :: Victor Dzenk&lt;\/p&gt;\n\" data-medium-file=\"https:\/\/i0.wp.com\/agrund.com\/wp-content\/uploads\/sites\/6\/2013\/10\/minas-trend-inverno-2014-victor-dzenk-4.jpg?fit=200%2C300&amp;ssl=1\" data-large-file=\"https:\/\/i0.wp.com\/agrund.com\/wp-content\/uploads\/sites\/6\/2013\/10\/minas-trend-inverno-2014-victor-dzenk-4.jpg?fit=500%2C748&amp;ssl=1\" decoding=\"async\" loading=\"lazy\" class=\"size-full wp-image-87027\" alt=\"Minas Trend Inverno 2014 :: Victor Dzenk\" src=\"https:\/\/i0.wp.com\/www.agrund.com\/wp-content\/uploads\/sites\/6\/2013\/10\/minas-trend-inverno-2014-victor-dzenk-4.jpg?resize=500%2C748\" width=\"500\" height=\"748\" srcset=\"https:\/\/i0.wp.com\/agrund.com\/wp-content\/uploads\/sites\/6\/2013\/10\/minas-trend-inverno-2014-victor-dzenk-4.jpg?w=500&amp;ssl=1 500w, https:\/\/i0.wp.com\/agrund.com\/wp-content\/uploads\/sites\/6\/2013\/10\/minas-trend-inverno-2014-victor-dzenk-4.jpg?resize=200%2C300&amp;ssl=1 200w\" sizes=\"(max-width: 500px) 100vw, 500px\" data-recalc-dims=\"1\" \/><\/a><p id=\"caption-attachment-87027\" class=\"wp-caption-text\">Minas Trend Inverno 2014 :: Victor Dzenk<\/p><\/div>\n<div id=\"attachment_87028\" style=\"width: 510px\" class=\"wp-caption aligncenter\"><a href=\"https:\/\/i0.wp.com\/www.agrund.com\/wp-content\/uploads\/sites\/6\/2013\/10\/minas-trend-inverno-2014-victor-dzenk-5.jpg\"><img aria-describedby=\"caption-attachment-87028\" data-attachment-id=\"87028\" data-permalink=\"https:\/\/agrund.com\/index.php\/minas-trend-inverno-2014-victor-dzenk\/minas-trend-inverno-2014-victor-dzenk-5\/\" data-orig-file=\"https:\/\/i0.wp.com\/agrund.com\/wp-content\/uploads\/sites\/6\/2013\/10\/minas-trend-inverno-2014-victor-dzenk-5.jpg?fit=500%2C748&amp;ssl=1\" data-orig-size=\"500,748\" data-comments-opened=\"1\" data-image-meta=\"{&quot;aperture&quot;:&quot;0&quot;,&quot;credit&quot;:&quot;&quot;,&quot;camera&quot;:&quot;&quot;,&quot;caption&quot;:&quot;&quot;,&quot;created_timestamp&quot;:&quot;0&quot;,&quot;copyright&quot;:&quot;&quot;,&quot;focal_length&quot;:&quot;0&quot;,&quot;iso&quot;:&quot;0&quot;,&quot;shutter_speed&quot;:&quot;0&quot;,&quot;title&quot;:&quot;&quot;}\" data-image-title=\"minas-trend-inverno-2014-victor-dzenk (5)\" data-image-description=\"\" data-image-caption=\"&lt;p&gt;Minas Trend Inverno 2014 :: Victor Dzenk&lt;\/p&gt;\n\" data-medium-file=\"https:\/\/i0.wp.com\/agrund.com\/wp-content\/uploads\/sites\/6\/2013\/10\/minas-trend-inverno-2014-victor-dzenk-5.jpg?fit=200%2C300&amp;ssl=1\" data-large-file=\"https:\/\/i0.wp.com\/agrund.com\/wp-content\/uploads\/sites\/6\/2013\/10\/minas-trend-inverno-2014-victor-dzenk-5.jpg?fit=500%2C748&amp;ssl=1\" decoding=\"async\" loading=\"lazy\" class=\"size-full wp-image-87028\" alt=\"Minas Trend Inverno 2014 :: Victor Dzenk\" src=\"https:\/\/i0.wp.com\/www.agrund.com\/wp-content\/uploads\/sites\/6\/2013\/10\/minas-trend-inverno-2014-victor-dzenk-5.jpg?resize=500%2C748\" width=\"500\" height=\"748\" srcset=\"https:\/\/i0.wp.com\/agrund.com\/wp-content\/uploads\/sites\/6\/2013\/10\/minas-trend-inverno-2014-victor-dzenk-5.jpg?w=500&amp;ssl=1 500w, https:\/\/i0.wp.com\/agrund.com\/wp-content\/uploads\/sites\/6\/2013\/10\/minas-trend-inverno-2014-victor-dzenk-5.jpg?resize=200%2C300&amp;ssl=1 200w\" sizes=\"(max-width: 500px) 100vw, 500px\" data-recalc-dims=\"1\" \/><\/a><p id=\"caption-attachment-87028\" class=\"wp-caption-text\">Minas Trend Inverno 2014 :: Victor Dzenk<\/p><\/div>\n<div id=\"attachment_87029\" style=\"width: 510px\" class=\"wp-caption aligncenter\"><a href=\"https:\/\/i0.wp.com\/www.agrund.com\/wp-content\/uploads\/sites\/6\/2013\/10\/minas-trend-inverno-2014-victor-dzenk-6.jpg\"><img aria-describedby=\"caption-attachment-87029\" data-attachment-id=\"87029\" data-permalink=\"https:\/\/agrund.com\/index.php\/minas-trend-inverno-2014-victor-dzenk\/minas-trend-inverno-2014-victor-dzenk-6\/\" data-orig-file=\"https:\/\/i0.wp.com\/agrund.com\/wp-content\/uploads\/sites\/6\/2013\/10\/minas-trend-inverno-2014-victor-dzenk-6.jpg?fit=500%2C748&amp;ssl=1\" data-orig-size=\"500,748\" data-comments-opened=\"1\" data-image-meta=\"{&quot;aperture&quot;:&quot;0&quot;,&quot;credit&quot;:&quot;&quot;,&quot;camera&quot;:&quot;&quot;,&quot;caption&quot;:&quot;&quot;,&quot;created_timestamp&quot;:&quot;0&quot;,&quot;copyright&quot;:&quot;&quot;,&quot;focal_length&quot;:&quot;0&quot;,&quot;iso&quot;:&quot;0&quot;,&quot;shutter_speed&quot;:&quot;0&quot;,&quot;title&quot;:&quot;&quot;}\" data-image-title=\"minas-trend-inverno-2014-victor-dzenk (6)\" data-image-description=\"\" data-image-caption=\"&lt;p&gt;Minas Trend Inverno 2014 :: Victor Dzenk&lt;\/p&gt;\n\" data-medium-file=\"https:\/\/i0.wp.com\/agrund.com\/wp-content\/uploads\/sites\/6\/2013\/10\/minas-trend-inverno-2014-victor-dzenk-6.jpg?fit=200%2C300&amp;ssl=1\" data-large-file=\"https:\/\/i0.wp.com\/agrund.com\/wp-content\/uploads\/sites\/6\/2013\/10\/minas-trend-inverno-2014-victor-dzenk-6.jpg?fit=500%2C748&amp;ssl=1\" decoding=\"async\" loading=\"lazy\" class=\"size-full wp-image-87029\" alt=\"Minas Trend Inverno 2014 :: Victor Dzenk\" src=\"https:\/\/i0.wp.com\/www.agrund.com\/wp-content\/uploads\/sites\/6\/2013\/10\/minas-trend-inverno-2014-victor-dzenk-6.jpg?resize=500%2C748\" width=\"500\" height=\"748\" srcset=\"https:\/\/i0.wp.com\/agrund.com\/wp-content\/uploads\/sites\/6\/2013\/10\/minas-trend-inverno-2014-victor-dzenk-6.jpg?w=500&amp;ssl=1 500w, https:\/\/i0.wp.com\/agrund.com\/wp-content\/uploads\/sites\/6\/2013\/10\/minas-trend-inverno-2014-victor-dzenk-6.jpg?resize=200%2C300&amp;ssl=1 200w\" sizes=\"(max-width: 500px) 100vw, 500px\" data-recalc-dims=\"1\" \/><\/a><p id=\"caption-attachment-87029\" class=\"wp-caption-text\">Minas Trend Inverno 2014 :: Victor Dzenk<\/p><\/div>\n<div id=\"attachment_87030\" style=\"width: 510px\" class=\"wp-caption aligncenter\"><a href=\"https:\/\/i0.wp.com\/www.agrund.com\/wp-content\/uploads\/sites\/6\/2013\/10\/minas-trend-inverno-2014-victor-dzenk-7.jpg\"><img aria-describedby=\"caption-attachment-87030\" data-attachment-id=\"87030\" data-permalink=\"https:\/\/agrund.com\/index.php\/minas-trend-inverno-2014-victor-dzenk\/minas-trend-inverno-2014-victor-dzenk-7\/\" data-orig-file=\"https:\/\/i0.wp.com\/agrund.com\/wp-content\/uploads\/sites\/6\/2013\/10\/minas-trend-inverno-2014-victor-dzenk-7.jpg?fit=500%2C748&amp;ssl=1\" data-orig-size=\"500,748\" data-comments-opened=\"1\" data-image-meta=\"{&quot;aperture&quot;:&quot;0&quot;,&quot;credit&quot;:&quot;&quot;,&quot;camera&quot;:&quot;&quot;,&quot;caption&quot;:&quot;&quot;,&quot;created_timestamp&quot;:&quot;0&quot;,&quot;copyright&quot;:&quot;&quot;,&quot;focal_length&quot;:&quot;0&quot;,&quot;iso&quot;:&quot;0&quot;,&quot;shutter_speed&quot;:&quot;0&quot;,&quot;title&quot;:&quot;&quot;}\" data-image-title=\"minas-trend-inverno-2014-victor-dzenk (7)\" data-image-description=\"\" data-image-caption=\"&lt;p&gt;Minas Trend Inverno 2014 :: Victor Dzenk&lt;\/p&gt;\n\" data-medium-file=\"https:\/\/i0.wp.com\/agrund.com\/wp-content\/uploads\/sites\/6\/2013\/10\/minas-trend-inverno-2014-victor-dzenk-7.jpg?fit=200%2C300&amp;ssl=1\" data-large-file=\"https:\/\/i0.wp.com\/agrund.com\/wp-content\/uploads\/sites\/6\/2013\/10\/minas-trend-inverno-2014-victor-dzenk-7.jpg?fit=500%2C748&amp;ssl=1\" decoding=\"async\" loading=\"lazy\" class=\"size-full wp-image-87030\" alt=\"Minas Trend Inverno 2014 :: Victor Dzenk\" src=\"https:\/\/i0.wp.com\/www.agrund.com\/wp-content\/uploads\/sites\/6\/2013\/10\/minas-trend-inverno-2014-victor-dzenk-7.jpg?resize=500%2C748\" width=\"500\" height=\"748\" srcset=\"https:\/\/i0.wp.com\/agrund.com\/wp-content\/uploads\/sites\/6\/2013\/10\/minas-trend-inverno-2014-victor-dzenk-7.jpg?w=500&amp;ssl=1 500w, https:\/\/i0.wp.com\/agrund.com\/wp-content\/uploads\/sites\/6\/2013\/10\/minas-trend-inverno-2014-victor-dzenk-7.jpg?resize=200%2C300&amp;ssl=1 200w\" sizes=\"(max-width: 500px) 100vw, 500px\" data-recalc-dims=\"1\" \/><\/a><p id=\"caption-attachment-87030\" class=\"wp-caption-text\">Minas Trend Inverno 2014 :: Victor Dzenk<\/p><\/div>\n<div id=\"attachment_87031\" style=\"width: 510px\" class=\"wp-caption aligncenter\"><a href=\"https:\/\/i0.wp.com\/www.agrund.com\/wp-content\/uploads\/sites\/6\/2013\/10\/minas-trend-inverno-2014-victor-dzenk-8.jpg\"><img aria-describedby=\"caption-attachment-87031\" data-attachment-id=\"87031\" data-permalink=\"https:\/\/agrund.com\/index.php\/minas-trend-inverno-2014-victor-dzenk\/minas-trend-inverno-2014-victor-dzenk-8\/\" data-orig-file=\"https:\/\/i0.wp.com\/agrund.com\/wp-content\/uploads\/sites\/6\/2013\/10\/minas-trend-inverno-2014-victor-dzenk-8.jpg?fit=500%2C748&amp;ssl=1\" data-orig-size=\"500,748\" data-comments-opened=\"1\" data-image-meta=\"{&quot;aperture&quot;:&quot;0&quot;,&quot;credit&quot;:&quot;&quot;,&quot;camera&quot;:&quot;&quot;,&quot;caption&quot;:&quot;&quot;,&quot;created_timestamp&quot;:&quot;0&quot;,&quot;copyright&quot;:&quot;&quot;,&quot;focal_length&quot;:&quot;0&quot;,&quot;iso&quot;:&quot;0&quot;,&quot;shutter_speed&quot;:&quot;0&quot;,&quot;title&quot;:&quot;&quot;}\" data-image-title=\"minas-trend-inverno-2014-victor-dzenk (8)\" data-image-description=\"\" data-image-caption=\"&lt;p&gt;Minas Trend Inverno 2014 :: Victor Dzenk&lt;\/p&gt;\n\" data-medium-file=\"https:\/\/i0.wp.com\/agrund.com\/wp-content\/uploads\/sites\/6\/2013\/10\/minas-trend-inverno-2014-victor-dzenk-8.jpg?fit=200%2C300&amp;ssl=1\" data-large-file=\"https:\/\/i0.wp.com\/agrund.com\/wp-content\/uploads\/sites\/6\/2013\/10\/minas-trend-inverno-2014-victor-dzenk-8.jpg?fit=500%2C748&amp;ssl=1\" decoding=\"async\" loading=\"lazy\" class=\"size-full wp-image-87031\" alt=\"Minas Trend Inverno 2014 :: Victor Dzenk\" src=\"https:\/\/i0.wp.com\/www.agrund.com\/wp-content\/uploads\/sites\/6\/2013\/10\/minas-trend-inverno-2014-victor-dzenk-8.jpg?resize=500%2C748\" width=\"500\" height=\"748\" srcset=\"https:\/\/i0.wp.com\/agrund.com\/wp-content\/uploads\/sites\/6\/2013\/10\/minas-trend-inverno-2014-victor-dzenk-8.jpg?w=500&amp;ssl=1 500w, https:\/\/i0.wp.com\/agrund.com\/wp-content\/uploads\/sites\/6\/2013\/10\/minas-trend-inverno-2014-victor-dzenk-8.jpg?resize=200%2C300&amp;ssl=1 200w\" sizes=\"(max-width: 500px) 100vw, 500px\" data-recalc-dims=\"1\" \/><\/a><p id=\"caption-attachment-87031\" class=\"wp-caption-text\">Minas Trend Inverno 2014 :: Victor Dzenk<\/p><\/div>\n<div id=\"attachment_87032\" style=\"width: 510px\" class=\"wp-caption aligncenter\"><a href=\"https:\/\/i0.wp.com\/www.agrund.com\/wp-content\/uploads\/sites\/6\/2013\/10\/minas-trend-inverno-2014-victor-dzenk-9.jpg\"><img aria-describedby=\"caption-attachment-87032\" data-attachment-id=\"87032\" data-permalink=\"https:\/\/agrund.com\/index.php\/minas-trend-inverno-2014-victor-dzenk\/minas-trend-inverno-2014-victor-dzenk-9\/\" data-orig-file=\"https:\/\/i0.wp.com\/agrund.com\/wp-content\/uploads\/sites\/6\/2013\/10\/minas-trend-inverno-2014-victor-dzenk-9.jpg?fit=500%2C748&amp;ssl=1\" data-orig-size=\"500,748\" data-comments-opened=\"1\" data-image-meta=\"{&quot;aperture&quot;:&quot;0&quot;,&quot;credit&quot;:&quot;&quot;,&quot;camera&quot;:&quot;&quot;,&quot;caption&quot;:&quot;&quot;,&quot;created_timestamp&quot;:&quot;0&quot;,&quot;copyright&quot;:&quot;&quot;,&quot;focal_length&quot;:&quot;0&quot;,&quot;iso&quot;:&quot;0&quot;,&quot;shutter_speed&quot;:&quot;0&quot;,&quot;title&quot;:&quot;&quot;}\" data-image-title=\"minas-trend-inverno-2014-victor-dzenk (9)\" data-image-description=\"\" data-image-caption=\"&lt;p&gt;Minas Trend Inverno 2014 :: Victor Dzenk&lt;\/p&gt;\n\" data-medium-file=\"https:\/\/i0.wp.com\/agrund.com\/wp-content\/uploads\/sites\/6\/2013\/10\/minas-trend-inverno-2014-victor-dzenk-9.jpg?fit=200%2C300&amp;ssl=1\" data-large-file=\"https:\/\/i0.wp.com\/agrund.com\/wp-content\/uploads\/sites\/6\/2013\/10\/minas-trend-inverno-2014-victor-dzenk-9.jpg?fit=500%2C748&amp;ssl=1\" decoding=\"async\" loading=\"lazy\" class=\"size-full wp-image-87032\" alt=\"Minas Trend Inverno 2014 :: Victor Dzenk\" src=\"https:\/\/i0.wp.com\/www.agrund.com\/wp-content\/uploads\/sites\/6\/2013\/10\/minas-trend-inverno-2014-victor-dzenk-9.jpg?resize=500%2C748\" width=\"500\" height=\"748\" srcset=\"https:\/\/i0.wp.com\/agrund.com\/wp-content\/uploads\/sites\/6\/2013\/10\/minas-trend-inverno-2014-victor-dzenk-9.jpg?w=500&amp;ssl=1 500w, https:\/\/i0.wp.com\/agrund.com\/wp-content\/uploads\/sites\/6\/2013\/10\/minas-trend-inverno-2014-victor-dzenk-9.jpg?resize=200%2C300&amp;ssl=1 200w\" sizes=\"(max-width: 500px) 100vw, 500px\" data-recalc-dims=\"1\" \/><\/a><p id=\"caption-attachment-87032\" class=\"wp-caption-text\">Minas Trend Inverno 2014 :: Victor Dzenk<\/p><\/div>\n<div id=\"attachment_87033\" style=\"width: 510px\" class=\"wp-caption aligncenter\"><a href=\"https:\/\/i0.wp.com\/www.agrund.com\/wp-content\/uploads\/sites\/6\/2013\/10\/minas-trend-inverno-2014-victor-dzenk-10.jpg\"><img aria-describedby=\"caption-attachment-87033\" data-attachment-id=\"87033\" data-permalink=\"https:\/\/agrund.com\/index.php\/minas-trend-inverno-2014-victor-dzenk\/minas-trend-inverno-2014-victor-dzenk-10\/\" data-orig-file=\"https:\/\/i0.wp.com\/agrund.com\/wp-content\/uploads\/sites\/6\/2013\/10\/minas-trend-inverno-2014-victor-dzenk-10.jpg?fit=500%2C748&amp;ssl=1\" data-orig-size=\"500,748\" data-comments-opened=\"1\" data-image-meta=\"{&quot;aperture&quot;:&quot;0&quot;,&quot;credit&quot;:&quot;&quot;,&quot;camera&quot;:&quot;&quot;,&quot;caption&quot;:&quot;&quot;,&quot;created_timestamp&quot;:&quot;0&quot;,&quot;copyright&quot;:&quot;&quot;,&quot;focal_length&quot;:&quot;0&quot;,&quot;iso&quot;:&quot;0&quot;,&quot;shutter_speed&quot;:&quot;0&quot;,&quot;title&quot;:&quot;&quot;}\" data-image-title=\"minas-trend-inverno-2014-victor-dzenk (10)\" data-image-description=\"\" data-image-caption=\"&lt;p&gt;Minas Trend Inverno 2014 :: Victor Dzenk&lt;\/p&gt;\n\" data-medium-file=\"https:\/\/i0.wp.com\/agrund.com\/wp-content\/uploads\/sites\/6\/2013\/10\/minas-trend-inverno-2014-victor-dzenk-10.jpg?fit=200%2C300&amp;ssl=1\" data-large-file=\"https:\/\/i0.wp.com\/agrund.com\/wp-content\/uploads\/sites\/6\/2013\/10\/minas-trend-inverno-2014-victor-dzenk-10.jpg?fit=500%2C748&amp;ssl=1\" decoding=\"async\" loading=\"lazy\" class=\"size-full wp-image-87033\" alt=\"Minas Trend Inverno 2014 :: Victor Dzenk\" src=\"https:\/\/i0.wp.com\/www.agrund.com\/wp-content\/uploads\/sites\/6\/2013\/10\/minas-trend-inverno-2014-victor-dzenk-10.jpg?resize=500%2C748\" width=\"500\" height=\"748\" srcset=\"https:\/\/i0.wp.com\/agrund.com\/wp-content\/uploads\/sites\/6\/2013\/10\/minas-trend-inverno-2014-victor-dzenk-10.jpg?w=500&amp;ssl=1 500w, https:\/\/i0.wp.com\/agrund.com\/wp-content\/uploads\/sites\/6\/2013\/10\/minas-trend-inverno-2014-victor-dzenk-10.jpg?resize=200%2C300&amp;ssl=1 200w\" sizes=\"(max-width: 500px) 100vw, 500px\" data-recalc-dims=\"1\" \/><\/a><p id=\"caption-attachment-87033\" class=\"wp-caption-text\">Minas Trend Inverno 2014 :: Victor Dzenk<\/p><\/div>\n<div id=\"attachment_87034\" style=\"width: 510px\" class=\"wp-caption aligncenter\"><a href=\"https:\/\/i0.wp.com\/www.agrund.com\/wp-content\/uploads\/sites\/6\/2013\/10\/minas-trend-inverno-2014-victor-dzenk-11.jpg\"><img aria-describedby=\"caption-attachment-87034\" data-attachment-id=\"87034\" data-permalink=\"https:\/\/agrund.com\/index.php\/minas-trend-inverno-2014-victor-dzenk\/minas-trend-inverno-2014-victor-dzenk-11\/\" data-orig-file=\"https:\/\/i0.wp.com\/agrund.com\/wp-content\/uploads\/sites\/6\/2013\/10\/minas-trend-inverno-2014-victor-dzenk-11.jpg?fit=500%2C748&amp;ssl=1\" data-orig-size=\"500,748\" data-comments-opened=\"1\" data-image-meta=\"{&quot;aperture&quot;:&quot;0&quot;,&quot;credit&quot;:&quot;&quot;,&quot;camera&quot;:&quot;&quot;,&quot;caption&quot;:&quot;&quot;,&quot;created_timestamp&quot;:&quot;0&quot;,&quot;copyright&quot;:&quot;&quot;,&quot;focal_length&quot;:&quot;0&quot;,&quot;iso&quot;:&quot;0&quot;,&quot;shutter_speed&quot;:&quot;0&quot;,&quot;title&quot;:&quot;&quot;}\" data-image-title=\"minas-trend-inverno-2014-victor-dzenk (11)\" data-image-description=\"\" data-image-caption=\"&lt;p&gt;Minas Trend Inverno 2014 :: Victor Dzenk&lt;\/p&gt;\n\" data-medium-file=\"https:\/\/i0.wp.com\/agrund.com\/wp-content\/uploads\/sites\/6\/2013\/10\/minas-trend-inverno-2014-victor-dzenk-11.jpg?fit=200%2C300&amp;ssl=1\" data-large-file=\"https:\/\/i0.wp.com\/agrund.com\/wp-content\/uploads\/sites\/6\/2013\/10\/minas-trend-inverno-2014-victor-dzenk-11.jpg?fit=500%2C748&amp;ssl=1\" decoding=\"async\" loading=\"lazy\" class=\"size-full wp-image-87034\" alt=\"Minas Trend Inverno 2014 :: Victor Dzenk\" src=\"https:\/\/i0.wp.com\/www.agrund.com\/wp-content\/uploads\/sites\/6\/2013\/10\/minas-trend-inverno-2014-victor-dzenk-11.jpg?resize=500%2C748\" width=\"500\" height=\"748\" srcset=\"https:\/\/i0.wp.com\/agrund.com\/wp-content\/uploads\/sites\/6\/2013\/10\/minas-trend-inverno-2014-victor-dzenk-11.jpg?w=500&amp;ssl=1 500w, https:\/\/i0.wp.com\/agrund.com\/wp-content\/uploads\/sites\/6\/2013\/10\/minas-trend-inverno-2014-victor-dzenk-11.jpg?resize=200%2C300&amp;ssl=1 200w\" sizes=\"(max-width: 500px) 100vw, 500px\" data-recalc-dims=\"1\" \/><\/a><p id=\"caption-attachment-87034\" class=\"wp-caption-text\">Minas Trend Inverno 2014 :: Victor Dzenk<\/p><\/div>\n<div id=\"attachment_87035\" style=\"width: 510px\" class=\"wp-caption aligncenter\"><a href=\"https:\/\/i0.wp.com\/www.agrund.com\/wp-content\/uploads\/sites\/6\/2013\/10\/minas-trend-inverno-2014-victor-dzenk-12.jpg\"><img aria-describedby=\"caption-attachment-87035\" data-attachment-id=\"87035\" data-permalink=\"https:\/\/agrund.com\/index.php\/minas-trend-inverno-2014-victor-dzenk\/minas-trend-inverno-2014-victor-dzenk-12\/\" data-orig-file=\"https:\/\/i0.wp.com\/agrund.com\/wp-content\/uploads\/sites\/6\/2013\/10\/minas-trend-inverno-2014-victor-dzenk-12.jpg?fit=500%2C748&amp;ssl=1\" data-orig-size=\"500,748\" data-comments-opened=\"1\" data-image-meta=\"{&quot;aperture&quot;:&quot;0&quot;,&quot;credit&quot;:&quot;&quot;,&quot;camera&quot;:&quot;&quot;,&quot;caption&quot;:&quot;&quot;,&quot;created_timestamp&quot;:&quot;0&quot;,&quot;copyright&quot;:&quot;&quot;,&quot;focal_length&quot;:&quot;0&quot;,&quot;iso&quot;:&quot;0&quot;,&quot;shutter_speed&quot;:&quot;0&quot;,&quot;title&quot;:&quot;&quot;}\" data-image-title=\"minas-trend-inverno-2014-victor-dzenk (12)\" data-image-description=\"\" data-image-caption=\"&lt;p&gt;Minas Trend Inverno 2014 :: Victor Dzenk&lt;\/p&gt;\n\" data-medium-file=\"https:\/\/i0.wp.com\/agrund.com\/wp-content\/uploads\/sites\/6\/2013\/10\/minas-trend-inverno-2014-victor-dzenk-12.jpg?fit=200%2C300&amp;ssl=1\" data-large-file=\"https:\/\/i0.wp.com\/agrund.com\/wp-content\/uploads\/sites\/6\/2013\/10\/minas-trend-inverno-2014-victor-dzenk-12.jpg?fit=500%2C748&amp;ssl=1\" decoding=\"async\" loading=\"lazy\" class=\"size-full wp-image-87035\" alt=\"Minas Trend Inverno 2014 :: Victor Dzenk\" src=\"https:\/\/i0.wp.com\/www.agrund.com\/wp-content\/uploads\/sites\/6\/2013\/10\/minas-trend-inverno-2014-victor-dzenk-12.jpg?resize=500%2C748\" width=\"500\" height=\"748\" srcset=\"https:\/\/i0.wp.com\/agrund.com\/wp-content\/uploads\/sites\/6\/2013\/10\/minas-trend-inverno-2014-victor-dzenk-12.jpg?w=500&amp;ssl=1 500w, https:\/\/i0.wp.com\/agrund.com\/wp-content\/uploads\/sites\/6\/2013\/10\/minas-trend-inverno-2014-victor-dzenk-12.jpg?resize=200%2C300&amp;ssl=1 200w\" sizes=\"(max-width: 500px) 100vw, 500px\" data-recalc-dims=\"1\" \/><\/a><p id=\"caption-attachment-87035\" class=\"wp-caption-text\">Minas Trend Inverno 2014 :: Victor Dzenk<\/p><\/div>\n<div id=\"attachment_87036\" style=\"width: 510px\" class=\"wp-caption aligncenter\"><a href=\"https:\/\/i0.wp.com\/www.agrund.com\/wp-content\/uploads\/sites\/6\/2013\/10\/minas-trend-inverno-2014-victor-dzenk-13.jpg\"><img aria-describedby=\"caption-attachment-87036\" data-attachment-id=\"87036\" data-permalink=\"https:\/\/agrund.com\/index.php\/minas-trend-inverno-2014-victor-dzenk\/minas-trend-inverno-2014-victor-dzenk-13\/\" data-orig-file=\"https:\/\/i0.wp.com\/agrund.com\/wp-content\/uploads\/sites\/6\/2013\/10\/minas-trend-inverno-2014-victor-dzenk-13.jpg?fit=500%2C748&amp;ssl=1\" data-orig-size=\"500,748\" data-comments-opened=\"1\" data-image-meta=\"{&quot;aperture&quot;:&quot;0&quot;,&quot;credit&quot;:&quot;&quot;,&quot;camera&quot;:&quot;&quot;,&quot;caption&quot;:&quot;&quot;,&quot;created_timestamp&quot;:&quot;0&quot;,&quot;copyright&quot;:&quot;&quot;,&quot;focal_length&quot;:&quot;0&quot;,&quot;iso&quot;:&quot;0&quot;,&quot;shutter_speed&quot;:&quot;0&quot;,&quot;title&quot;:&quot;&quot;}\" data-image-title=\"minas-trend-inverno-2014-victor-dzenk (13)\" data-image-description=\"\" data-image-caption=\"&lt;p&gt;Minas Trend Inverno 2014 :: Victor Dzenk&lt;\/p&gt;\n\" data-medium-file=\"https:\/\/i0.wp.com\/agrund.com\/wp-content\/uploads\/sites\/6\/2013\/10\/minas-trend-inverno-2014-victor-dzenk-13.jpg?fit=200%2C300&amp;ssl=1\" data-large-file=\"https:\/\/i0.wp.com\/agrund.com\/wp-content\/uploads\/sites\/6\/2013\/10\/minas-trend-inverno-2014-victor-dzenk-13.jpg?fit=500%2C748&amp;ssl=1\" decoding=\"async\" loading=\"lazy\" class=\"size-full wp-image-87036\" alt=\"Minas Trend Inverno 2014 :: Victor Dzenk\" src=\"https:\/\/i0.wp.com\/www.agrund.com\/wp-content\/uploads\/sites\/6\/2013\/10\/minas-trend-inverno-2014-victor-dzenk-13.jpg?resize=500%2C748\" width=\"500\" height=\"748\" srcset=\"https:\/\/i0.wp.com\/agrund.com\/wp-content\/uploads\/sites\/6\/2013\/10\/minas-trend-inverno-2014-victor-dzenk-13.jpg?w=500&amp;ssl=1 500w, https:\/\/i0.wp.com\/agrund.com\/wp-content\/uploads\/sites\/6\/2013\/10\/minas-trend-inverno-2014-victor-dzenk-13.jpg?resize=200%2C300&amp;ssl=1 200w\" sizes=\"(max-width: 500px) 100vw, 500px\" data-recalc-dims=\"1\" \/><\/a><p id=\"caption-attachment-87036\" class=\"wp-caption-text\">Minas Trend Inverno 2014 :: Victor Dzenk<\/p><\/div>\n<p>&nbsp;<\/p>\n<p>&nbsp;<\/p>\n","protected":false},"excerpt":{"rendered":"<p>Por Gustavo luz O contraste entre o antigo e o moderno, o tradicional e o contempor\u00e2neo, a alegria e o rigor resultam em uma mistura sinest\u00e9sica para a nova cole\u00e7\u00e3o do estilista, intitulada Le Voyage. Um mergulho impactante pelo fascinante mundo \u00e1rabe com sua atmosfera mediterr\u00e2nea, seus costumes, sua arquitetura e sua religiosidade que marcam [&hellip;]<\/p>\n","protected":false},"author":1,"featured_media":87037,"comment_status":"open","ping_status":"open","sticky":false,"template":"","format":"standard","meta":{"jetpack_post_was_ever_published":false,"_jetpack_newsletter_access":"","jetpack_publicize_message":"","jetpack_is_tweetstorm":false,"jetpack_publicize_feature_enabled":true,"jetpack_social_post_already_shared":true,"jetpack_social_options":{"image_generator_settings":{"template":"highway","enabled":false}}},"categories":[9,2],"tags":[],"jetpack_publicize_connections":[],"jetpack_featured_media_url":"https:\/\/i0.wp.com\/agrund.com\/wp-content\/uploads\/sites\/6\/2013\/10\/slide66.jpg?fit=960%2C325&ssl=1","jetpack_sharing_enabled":true,"jetpack_shortlink":"https:\/\/wp.me\/p3Hz0n-mDA","jetpack_likes_enabled":true,"_links":{"self":[{"href":"https:\/\/agrund.com\/index.php\/wp-json\/wp\/v2\/posts\/87022"}],"collection":[{"href":"https:\/\/agrund.com\/index.php\/wp-json\/wp\/v2\/posts"}],"about":[{"href":"https:\/\/agrund.com\/index.php\/wp-json\/wp\/v2\/types\/post"}],"author":[{"embeddable":true,"href":"https:\/\/agrund.com\/index.php\/wp-json\/wp\/v2\/users\/1"}],"replies":[{"embeddable":true,"href":"https:\/\/agrund.com\/index.php\/wp-json\/wp\/v2\/comments?post=87022"}],"version-history":[{"count":0,"href":"https:\/\/agrund.com\/index.php\/wp-json\/wp\/v2\/posts\/87022\/revisions"}],"wp:featuredmedia":[{"embeddable":true,"href":"https:\/\/agrund.com\/index.php\/wp-json\/wp\/v2\/media\/87037"}],"wp:attachment":[{"href":"https:\/\/agrund.com\/index.php\/wp-json\/wp\/v2\/media?parent=87022"}],"wp:term":[{"taxonomy":"category","embeddable":true,"href":"https:\/\/agrund.com\/index.php\/wp-json\/wp\/v2\/categories?post=87022"},{"taxonomy":"post_tag","embeddable":true,"href":"https:\/\/agrund.com\/index.php\/wp-json\/wp\/v2\/tags?post=87022"}],"curies":[{"name":"wp","href":"https:\/\/api.w.org\/{rel}","templated":true}]}}