{"id":87009,"date":"2013-10-09T10:02:10","date_gmt":"2013-10-09T13:02:10","guid":{"rendered":"http:\/\/www.agrund.com\/?p=87009"},"modified":"2013-10-09T10:12:34","modified_gmt":"2013-10-09T13:12:34","slug":"minas-trend-inverno-2014-fabiana-milazzo","status":"publish","type":"post","link":"https:\/\/agrund.com\/index.php\/minas-trend-inverno-2014-fabiana-milazzo\/","title":{"rendered":"Minas Trend Inverno 2014 :: Fabiana Milazzo"},"content":{"rendered":"<p style=\"text-align: right;\">Por Gustavo luz<\/p>\n<p>A filosofia e o movimento art\u00edstico do final do s\u00e9culo XIX e in\u00edcio do s\u00e9culo XX, mais conhecido como Art Nouveau, e que usa a natureza como fonte criativa em cores e formas, foi a inspira\u00e7\u00e3o de Fabiana Milazzo para o Inverno 2014 da grife hom\u00f4nima.<\/p>\n<p>Seguindo o caminho tra\u00e7ado pelos artistas da \u00e9poca, a estilista traz para a passarela do Minas Trend uma aura natural, com tecidos que remetem a momentos de conforto e descontra\u00e7\u00e3o. Os vestidos corte Imp\u00e9rio com saias amplas, macac\u00f5es com cal\u00e7as flu\u00eddas, vestidos soltos e cal\u00e7as jogging marcam o shapes da estilista. As pe\u00e7as que seguem o contorno do corpo ganham elasticidade em tules especiais, que d\u00e3o ainda mais liberdade de movimento.<\/p>\n<p>A cartela de cores segue o clima da esta\u00e7\u00e3o, com predomin\u00e2ncia das tonalidades de vinho, preto, verde escuro e vanilla, al\u00e9m de tons metalizados de prata.<\/p>\n<div id=\"attachment_87010\" style=\"width: 460px\" class=\"wp-caption aligncenter\"><a href=\"https:\/\/i0.wp.com\/www.agrund.com\/wp-content\/uploads\/sites\/6\/2013\/10\/minas-trend-inverno-2014-fabiana-milazzo-1.jpg\"><img aria-describedby=\"caption-attachment-87010\" data-attachment-id=\"87010\" data-permalink=\"https:\/\/agrund.com\/index.php\/minas-trend-inverno-2014-fabiana-milazzo\/minas-trend-inverno-2014-fabiana-milazzo-1\/\" data-orig-file=\"https:\/\/i0.wp.com\/agrund.com\/wp-content\/uploads\/sites\/6\/2013\/10\/minas-trend-inverno-2014-fabiana-milazzo-1.jpg?fit=450%2C674&amp;ssl=1\" data-orig-size=\"450,674\" data-comments-opened=\"1\" data-image-meta=\"{&quot;aperture&quot;:&quot;0&quot;,&quot;credit&quot;:&quot;&quot;,&quot;camera&quot;:&quot;&quot;,&quot;caption&quot;:&quot;&quot;,&quot;created_timestamp&quot;:&quot;0&quot;,&quot;copyright&quot;:&quot;&quot;,&quot;focal_length&quot;:&quot;0&quot;,&quot;iso&quot;:&quot;0&quot;,&quot;shutter_speed&quot;:&quot;0&quot;,&quot;title&quot;:&quot;&quot;}\" data-image-title=\"minas-trend-inverno-2014-fabiana-milazzo (1)\" data-image-description=\"\" data-image-caption=\"&lt;p&gt;Minas Trend Inverno 2014 &#8211; Fabiana Milazzo&lt;\/p&gt;\n\" data-medium-file=\"https:\/\/i0.wp.com\/agrund.com\/wp-content\/uploads\/sites\/6\/2013\/10\/minas-trend-inverno-2014-fabiana-milazzo-1.jpg?fit=200%2C300&amp;ssl=1\" data-large-file=\"https:\/\/i0.wp.com\/agrund.com\/wp-content\/uploads\/sites\/6\/2013\/10\/minas-trend-inverno-2014-fabiana-milazzo-1.jpg?fit=450%2C674&amp;ssl=1\" decoding=\"async\" loading=\"lazy\" class=\"size-full wp-image-87010\" alt=\"Minas Trend Inverno 2014 - Fabiana Milazzo\" src=\"https:\/\/i0.wp.com\/www.agrund.com\/wp-content\/uploads\/sites\/6\/2013\/10\/minas-trend-inverno-2014-fabiana-milazzo-1.jpg?resize=450%2C674\" width=\"450\" height=\"674\" srcset=\"https:\/\/i0.wp.com\/agrund.com\/wp-content\/uploads\/sites\/6\/2013\/10\/minas-trend-inverno-2014-fabiana-milazzo-1.jpg?w=450&amp;ssl=1 450w, https:\/\/i0.wp.com\/agrund.com\/wp-content\/uploads\/sites\/6\/2013\/10\/minas-trend-inverno-2014-fabiana-milazzo-1.jpg?resize=200%2C300&amp;ssl=1 200w\" sizes=\"(max-width: 450px) 100vw, 450px\" data-recalc-dims=\"1\" \/><\/a><p id=\"caption-attachment-87010\" class=\"wp-caption-text\">Minas Trend Inverno 2014 &#8211; Fabiana Milazzo<\/p><\/div>\n<div id=\"attachment_87011\" style=\"width: 460px\" class=\"wp-caption aligncenter\"><a href=\"https:\/\/i0.wp.com\/www.agrund.com\/wp-content\/uploads\/sites\/6\/2013\/10\/minas-trend-inverno-2014-fabiana-milazzo-2.jpg\"><img aria-describedby=\"caption-attachment-87011\" data-attachment-id=\"87011\" data-permalink=\"https:\/\/agrund.com\/index.php\/minas-trend-inverno-2014-fabiana-milazzo\/minas-trend-inverno-2014-fabiana-milazzo-2\/\" data-orig-file=\"https:\/\/i0.wp.com\/agrund.com\/wp-content\/uploads\/sites\/6\/2013\/10\/minas-trend-inverno-2014-fabiana-milazzo-2.jpg?fit=450%2C674&amp;ssl=1\" data-orig-size=\"450,674\" data-comments-opened=\"1\" data-image-meta=\"{&quot;aperture&quot;:&quot;0&quot;,&quot;credit&quot;:&quot;&quot;,&quot;camera&quot;:&quot;&quot;,&quot;caption&quot;:&quot;&quot;,&quot;created_timestamp&quot;:&quot;0&quot;,&quot;copyright&quot;:&quot;&quot;,&quot;focal_length&quot;:&quot;0&quot;,&quot;iso&quot;:&quot;0&quot;,&quot;shutter_speed&quot;:&quot;0&quot;,&quot;title&quot;:&quot;&quot;}\" data-image-title=\"minas-trend-inverno-2014-fabiana-milazzo (2)\" data-image-description=\"\" data-image-caption=\"&lt;p&gt;Minas Trend Inverno 2014 &#8211; Fabiana Milazzo&lt;\/p&gt;\n\" data-medium-file=\"https:\/\/i0.wp.com\/agrund.com\/wp-content\/uploads\/sites\/6\/2013\/10\/minas-trend-inverno-2014-fabiana-milazzo-2.jpg?fit=200%2C300&amp;ssl=1\" data-large-file=\"https:\/\/i0.wp.com\/agrund.com\/wp-content\/uploads\/sites\/6\/2013\/10\/minas-trend-inverno-2014-fabiana-milazzo-2.jpg?fit=450%2C674&amp;ssl=1\" decoding=\"async\" loading=\"lazy\" class=\"size-full wp-image-87011\" alt=\"Minas Trend Inverno 2014 - Fabiana Milazzo\" src=\"https:\/\/i0.wp.com\/www.agrund.com\/wp-content\/uploads\/sites\/6\/2013\/10\/minas-trend-inverno-2014-fabiana-milazzo-2.jpg?resize=450%2C674\" width=\"450\" height=\"674\" srcset=\"https:\/\/i0.wp.com\/agrund.com\/wp-content\/uploads\/sites\/6\/2013\/10\/minas-trend-inverno-2014-fabiana-milazzo-2.jpg?w=450&amp;ssl=1 450w, https:\/\/i0.wp.com\/agrund.com\/wp-content\/uploads\/sites\/6\/2013\/10\/minas-trend-inverno-2014-fabiana-milazzo-2.jpg?resize=200%2C300&amp;ssl=1 200w\" sizes=\"(max-width: 450px) 100vw, 450px\" data-recalc-dims=\"1\" \/><\/a><p id=\"caption-attachment-87011\" class=\"wp-caption-text\">Minas Trend Inverno 2014 &#8211; Fabiana Milazzo<\/p><\/div>\n<div id=\"attachment_87012\" style=\"width: 460px\" class=\"wp-caption aligncenter\"><a href=\"https:\/\/i0.wp.com\/www.agrund.com\/wp-content\/uploads\/sites\/6\/2013\/10\/minas-trend-inverno-2014-fabiana-milazzo-3.jpg\"><img aria-describedby=\"caption-attachment-87012\" data-attachment-id=\"87012\" data-permalink=\"https:\/\/agrund.com\/index.php\/minas-trend-inverno-2014-fabiana-milazzo\/minas-trend-inverno-2014-fabiana-milazzo-3\/\" data-orig-file=\"https:\/\/i0.wp.com\/agrund.com\/wp-content\/uploads\/sites\/6\/2013\/10\/minas-trend-inverno-2014-fabiana-milazzo-3.jpg?fit=450%2C674&amp;ssl=1\" data-orig-size=\"450,674\" data-comments-opened=\"1\" data-image-meta=\"{&quot;aperture&quot;:&quot;0&quot;,&quot;credit&quot;:&quot;&quot;,&quot;camera&quot;:&quot;&quot;,&quot;caption&quot;:&quot;&quot;,&quot;created_timestamp&quot;:&quot;0&quot;,&quot;copyright&quot;:&quot;&quot;,&quot;focal_length&quot;:&quot;0&quot;,&quot;iso&quot;:&quot;0&quot;,&quot;shutter_speed&quot;:&quot;0&quot;,&quot;title&quot;:&quot;&quot;}\" data-image-title=\"minas-trend-inverno-2014-fabiana-milazzo (3)\" data-image-description=\"\" data-image-caption=\"&lt;p&gt;Minas Trend Inverno 2014 &#8211; Fabiana Milazzo&lt;\/p&gt;\n\" data-medium-file=\"https:\/\/i0.wp.com\/agrund.com\/wp-content\/uploads\/sites\/6\/2013\/10\/minas-trend-inverno-2014-fabiana-milazzo-3.jpg?fit=200%2C300&amp;ssl=1\" data-large-file=\"https:\/\/i0.wp.com\/agrund.com\/wp-content\/uploads\/sites\/6\/2013\/10\/minas-trend-inverno-2014-fabiana-milazzo-3.jpg?fit=450%2C674&amp;ssl=1\" decoding=\"async\" loading=\"lazy\" class=\"size-full wp-image-87012\" alt=\"Minas Trend Inverno 2014 - Fabiana Milazzo\" src=\"https:\/\/i0.wp.com\/www.agrund.com\/wp-content\/uploads\/sites\/6\/2013\/10\/minas-trend-inverno-2014-fabiana-milazzo-3.jpg?resize=450%2C674\" width=\"450\" height=\"674\" srcset=\"https:\/\/i0.wp.com\/agrund.com\/wp-content\/uploads\/sites\/6\/2013\/10\/minas-trend-inverno-2014-fabiana-milazzo-3.jpg?w=450&amp;ssl=1 450w, https:\/\/i0.wp.com\/agrund.com\/wp-content\/uploads\/sites\/6\/2013\/10\/minas-trend-inverno-2014-fabiana-milazzo-3.jpg?resize=200%2C300&amp;ssl=1 200w\" sizes=\"(max-width: 450px) 100vw, 450px\" data-recalc-dims=\"1\" \/><\/a><p id=\"caption-attachment-87012\" class=\"wp-caption-text\">Minas Trend Inverno 2014 &#8211; Fabiana Milazzo<\/p><\/div>\n<div id=\"attachment_87013\" style=\"width: 460px\" class=\"wp-caption aligncenter\"><a href=\"https:\/\/i0.wp.com\/www.agrund.com\/wp-content\/uploads\/sites\/6\/2013\/10\/minas-trend-inverno-2014-fabiana-milazzo-4.jpg\"><img aria-describedby=\"caption-attachment-87013\" data-attachment-id=\"87013\" data-permalink=\"https:\/\/agrund.com\/index.php\/minas-trend-inverno-2014-fabiana-milazzo\/minas-trend-inverno-2014-fabiana-milazzo-4\/\" data-orig-file=\"https:\/\/i0.wp.com\/agrund.com\/wp-content\/uploads\/sites\/6\/2013\/10\/minas-trend-inverno-2014-fabiana-milazzo-4.jpg?fit=450%2C674&amp;ssl=1\" data-orig-size=\"450,674\" data-comments-opened=\"1\" data-image-meta=\"{&quot;aperture&quot;:&quot;0&quot;,&quot;credit&quot;:&quot;&quot;,&quot;camera&quot;:&quot;&quot;,&quot;caption&quot;:&quot;&quot;,&quot;created_timestamp&quot;:&quot;0&quot;,&quot;copyright&quot;:&quot;&quot;,&quot;focal_length&quot;:&quot;0&quot;,&quot;iso&quot;:&quot;0&quot;,&quot;shutter_speed&quot;:&quot;0&quot;,&quot;title&quot;:&quot;&quot;}\" data-image-title=\"minas-trend-inverno-2014-fabiana-milazzo (4)\" data-image-description=\"\" data-image-caption=\"&lt;p&gt;Minas Trend Inverno 2014 &#8211; Fabiana Milazzo&lt;\/p&gt;\n\" data-medium-file=\"https:\/\/i0.wp.com\/agrund.com\/wp-content\/uploads\/sites\/6\/2013\/10\/minas-trend-inverno-2014-fabiana-milazzo-4.jpg?fit=200%2C300&amp;ssl=1\" data-large-file=\"https:\/\/i0.wp.com\/agrund.com\/wp-content\/uploads\/sites\/6\/2013\/10\/minas-trend-inverno-2014-fabiana-milazzo-4.jpg?fit=450%2C674&amp;ssl=1\" decoding=\"async\" loading=\"lazy\" class=\"size-full wp-image-87013\" alt=\"Minas Trend Inverno 2014 - Fabiana Milazzo\" src=\"https:\/\/i0.wp.com\/www.agrund.com\/wp-content\/uploads\/sites\/6\/2013\/10\/minas-trend-inverno-2014-fabiana-milazzo-4.jpg?resize=450%2C674\" width=\"450\" height=\"674\" srcset=\"https:\/\/i0.wp.com\/agrund.com\/wp-content\/uploads\/sites\/6\/2013\/10\/minas-trend-inverno-2014-fabiana-milazzo-4.jpg?w=450&amp;ssl=1 450w, https:\/\/i0.wp.com\/agrund.com\/wp-content\/uploads\/sites\/6\/2013\/10\/minas-trend-inverno-2014-fabiana-milazzo-4.jpg?resize=200%2C300&amp;ssl=1 200w\" sizes=\"(max-width: 450px) 100vw, 450px\" data-recalc-dims=\"1\" \/><\/a><p id=\"caption-attachment-87013\" class=\"wp-caption-text\">Minas Trend Inverno 2014 &#8211; Fabiana Milazzo<\/p><\/div>\n<div id=\"attachment_87014\" style=\"width: 460px\" class=\"wp-caption aligncenter\"><a href=\"https:\/\/i0.wp.com\/www.agrund.com\/wp-content\/uploads\/sites\/6\/2013\/10\/minas-trend-inverno-2014-fabiana-milazzo-5.jpg\"><img aria-describedby=\"caption-attachment-87014\" data-attachment-id=\"87014\" data-permalink=\"https:\/\/agrund.com\/index.php\/minas-trend-inverno-2014-fabiana-milazzo\/minas-trend-inverno-2014-fabiana-milazzo-5\/\" data-orig-file=\"https:\/\/i0.wp.com\/agrund.com\/wp-content\/uploads\/sites\/6\/2013\/10\/minas-trend-inverno-2014-fabiana-milazzo-5.jpg?fit=450%2C674&amp;ssl=1\" data-orig-size=\"450,674\" data-comments-opened=\"1\" data-image-meta=\"{&quot;aperture&quot;:&quot;0&quot;,&quot;credit&quot;:&quot;&quot;,&quot;camera&quot;:&quot;&quot;,&quot;caption&quot;:&quot;&quot;,&quot;created_timestamp&quot;:&quot;0&quot;,&quot;copyright&quot;:&quot;&quot;,&quot;focal_length&quot;:&quot;0&quot;,&quot;iso&quot;:&quot;0&quot;,&quot;shutter_speed&quot;:&quot;0&quot;,&quot;title&quot;:&quot;&quot;}\" data-image-title=\"minas-trend-inverno-2014-fabiana-milazzo (5)\" data-image-description=\"\" data-image-caption=\"&lt;p&gt;Minas Trend Inverno 2014 &#8211; Fabiana Milazzo&lt;\/p&gt;\n\" data-medium-file=\"https:\/\/i0.wp.com\/agrund.com\/wp-content\/uploads\/sites\/6\/2013\/10\/minas-trend-inverno-2014-fabiana-milazzo-5.jpg?fit=200%2C300&amp;ssl=1\" data-large-file=\"https:\/\/i0.wp.com\/agrund.com\/wp-content\/uploads\/sites\/6\/2013\/10\/minas-trend-inverno-2014-fabiana-milazzo-5.jpg?fit=450%2C674&amp;ssl=1\" decoding=\"async\" loading=\"lazy\" class=\"size-full wp-image-87014\" alt=\"Minas Trend Inverno 2014 - Fabiana Milazzo\" src=\"https:\/\/i0.wp.com\/www.agrund.com\/wp-content\/uploads\/sites\/6\/2013\/10\/minas-trend-inverno-2014-fabiana-milazzo-5.jpg?resize=450%2C674\" width=\"450\" height=\"674\" srcset=\"https:\/\/i0.wp.com\/agrund.com\/wp-content\/uploads\/sites\/6\/2013\/10\/minas-trend-inverno-2014-fabiana-milazzo-5.jpg?w=450&amp;ssl=1 450w, https:\/\/i0.wp.com\/agrund.com\/wp-content\/uploads\/sites\/6\/2013\/10\/minas-trend-inverno-2014-fabiana-milazzo-5.jpg?resize=200%2C300&amp;ssl=1 200w\" sizes=\"(max-width: 450px) 100vw, 450px\" data-recalc-dims=\"1\" \/><\/a><p id=\"caption-attachment-87014\" class=\"wp-caption-text\">Minas Trend Inverno 2014 &#8211; Fabiana Milazzo<\/p><\/div>\n<div id=\"attachment_87015\" style=\"width: 460px\" class=\"wp-caption aligncenter\"><a href=\"https:\/\/i0.wp.com\/www.agrund.com\/wp-content\/uploads\/sites\/6\/2013\/10\/minas-trend-inverno-2014-fabiana-milazzo-6.jpg\"><img aria-describedby=\"caption-attachment-87015\" data-attachment-id=\"87015\" data-permalink=\"https:\/\/agrund.com\/index.php\/minas-trend-inverno-2014-fabiana-milazzo\/minas-trend-inverno-2014-fabiana-milazzo-6\/\" data-orig-file=\"https:\/\/i0.wp.com\/agrund.com\/wp-content\/uploads\/sites\/6\/2013\/10\/minas-trend-inverno-2014-fabiana-milazzo-6.jpg?fit=450%2C672&amp;ssl=1\" data-orig-size=\"450,672\" data-comments-opened=\"1\" data-image-meta=\"{&quot;aperture&quot;:&quot;0&quot;,&quot;credit&quot;:&quot;&quot;,&quot;camera&quot;:&quot;&quot;,&quot;caption&quot;:&quot;&quot;,&quot;created_timestamp&quot;:&quot;0&quot;,&quot;copyright&quot;:&quot;&quot;,&quot;focal_length&quot;:&quot;0&quot;,&quot;iso&quot;:&quot;0&quot;,&quot;shutter_speed&quot;:&quot;0&quot;,&quot;title&quot;:&quot;&quot;}\" data-image-title=\"minas-trend-inverno-2014-fabiana-milazzo (6)\" data-image-description=\"\" data-image-caption=\"&lt;p&gt;Minas Trend Inverno 2014 &#8211; Fabiana Milazzo&lt;\/p&gt;\n\" data-medium-file=\"https:\/\/i0.wp.com\/agrund.com\/wp-content\/uploads\/sites\/6\/2013\/10\/minas-trend-inverno-2014-fabiana-milazzo-6.jpg?fit=200%2C300&amp;ssl=1\" data-large-file=\"https:\/\/i0.wp.com\/agrund.com\/wp-content\/uploads\/sites\/6\/2013\/10\/minas-trend-inverno-2014-fabiana-milazzo-6.jpg?fit=450%2C672&amp;ssl=1\" decoding=\"async\" loading=\"lazy\" class=\"size-full wp-image-87015\" alt=\"Minas Trend Inverno 2014 - Fabiana Milazzo\" src=\"https:\/\/i0.wp.com\/www.agrund.com\/wp-content\/uploads\/sites\/6\/2013\/10\/minas-trend-inverno-2014-fabiana-milazzo-6.jpg?resize=450%2C672\" width=\"450\" height=\"672\" srcset=\"https:\/\/i0.wp.com\/agrund.com\/wp-content\/uploads\/sites\/6\/2013\/10\/minas-trend-inverno-2014-fabiana-milazzo-6.jpg?w=450&amp;ssl=1 450w, https:\/\/i0.wp.com\/agrund.com\/wp-content\/uploads\/sites\/6\/2013\/10\/minas-trend-inverno-2014-fabiana-milazzo-6.jpg?resize=200%2C300&amp;ssl=1 200w\" sizes=\"(max-width: 450px) 100vw, 450px\" data-recalc-dims=\"1\" \/><\/a><p id=\"caption-attachment-87015\" class=\"wp-caption-text\">Minas Trend Inverno 2014 &#8211; Fabiana Milazzo<\/p><\/div>\n<div id=\"attachment_87016\" style=\"width: 460px\" class=\"wp-caption aligncenter\"><a href=\"https:\/\/i0.wp.com\/www.agrund.com\/wp-content\/uploads\/sites\/6\/2013\/10\/minas-trend-inverno-2014-fabiana-milazzo-7.jpg\"><img aria-describedby=\"caption-attachment-87016\" data-attachment-id=\"87016\" data-permalink=\"https:\/\/agrund.com\/index.php\/minas-trend-inverno-2014-fabiana-milazzo\/minas-trend-inverno-2014-fabiana-milazzo-7\/\" data-orig-file=\"https:\/\/i0.wp.com\/agrund.com\/wp-content\/uploads\/sites\/6\/2013\/10\/minas-trend-inverno-2014-fabiana-milazzo-7.jpg?fit=450%2C674&amp;ssl=1\" data-orig-size=\"450,674\" data-comments-opened=\"1\" data-image-meta=\"{&quot;aperture&quot;:&quot;0&quot;,&quot;credit&quot;:&quot;&quot;,&quot;camera&quot;:&quot;&quot;,&quot;caption&quot;:&quot;&quot;,&quot;created_timestamp&quot;:&quot;0&quot;,&quot;copyright&quot;:&quot;&quot;,&quot;focal_length&quot;:&quot;0&quot;,&quot;iso&quot;:&quot;0&quot;,&quot;shutter_speed&quot;:&quot;0&quot;,&quot;title&quot;:&quot;&quot;}\" data-image-title=\"minas-trend-inverno-2014-fabiana-milazzo (7)\" data-image-description=\"\" data-image-caption=\"&lt;p&gt;Minas Trend Inverno 2014 &#8211; Fabiana Milazzo&lt;\/p&gt;\n\" data-medium-file=\"https:\/\/i0.wp.com\/agrund.com\/wp-content\/uploads\/sites\/6\/2013\/10\/minas-trend-inverno-2014-fabiana-milazzo-7.jpg?fit=200%2C300&amp;ssl=1\" data-large-file=\"https:\/\/i0.wp.com\/agrund.com\/wp-content\/uploads\/sites\/6\/2013\/10\/minas-trend-inverno-2014-fabiana-milazzo-7.jpg?fit=450%2C674&amp;ssl=1\" decoding=\"async\" loading=\"lazy\" class=\"size-full wp-image-87016\" alt=\"Minas Trend Inverno 2014 - Fabiana Milazzo\" src=\"https:\/\/i0.wp.com\/www.agrund.com\/wp-content\/uploads\/sites\/6\/2013\/10\/minas-trend-inverno-2014-fabiana-milazzo-7.jpg?resize=450%2C674\" width=\"450\" height=\"674\" srcset=\"https:\/\/i0.wp.com\/agrund.com\/wp-content\/uploads\/sites\/6\/2013\/10\/minas-trend-inverno-2014-fabiana-milazzo-7.jpg?w=450&amp;ssl=1 450w, https:\/\/i0.wp.com\/agrund.com\/wp-content\/uploads\/sites\/6\/2013\/10\/minas-trend-inverno-2014-fabiana-milazzo-7.jpg?resize=200%2C300&amp;ssl=1 200w\" sizes=\"(max-width: 450px) 100vw, 450px\" data-recalc-dims=\"1\" \/><\/a><p id=\"caption-attachment-87016\" class=\"wp-caption-text\">Minas Trend Inverno 2014 &#8211; Fabiana Milazzo<\/p><\/div>\n<div id=\"attachment_87017\" style=\"width: 460px\" class=\"wp-caption aligncenter\"><a href=\"https:\/\/i0.wp.com\/www.agrund.com\/wp-content\/uploads\/sites\/6\/2013\/10\/minas-trend-inverno-2014-fabiana-milazzo-8.jpg\"><img aria-describedby=\"caption-attachment-87017\" data-attachment-id=\"87017\" data-permalink=\"https:\/\/agrund.com\/index.php\/minas-trend-inverno-2014-fabiana-milazzo\/minas-trend-inverno-2014-fabiana-milazzo-8\/\" data-orig-file=\"https:\/\/i0.wp.com\/agrund.com\/wp-content\/uploads\/sites\/6\/2013\/10\/minas-trend-inverno-2014-fabiana-milazzo-8.jpg?fit=450%2C674&amp;ssl=1\" data-orig-size=\"450,674\" data-comments-opened=\"1\" data-image-meta=\"{&quot;aperture&quot;:&quot;0&quot;,&quot;credit&quot;:&quot;&quot;,&quot;camera&quot;:&quot;&quot;,&quot;caption&quot;:&quot;&quot;,&quot;created_timestamp&quot;:&quot;0&quot;,&quot;copyright&quot;:&quot;&quot;,&quot;focal_length&quot;:&quot;0&quot;,&quot;iso&quot;:&quot;0&quot;,&quot;shutter_speed&quot;:&quot;0&quot;,&quot;title&quot;:&quot;&quot;}\" data-image-title=\"minas-trend-inverno-2014-fabiana-milazzo (8)\" data-image-description=\"\" data-image-caption=\"&lt;p&gt;Minas Trend Inverno 2014 &#8211; Fabiana Milazzo&lt;\/p&gt;\n\" data-medium-file=\"https:\/\/i0.wp.com\/agrund.com\/wp-content\/uploads\/sites\/6\/2013\/10\/minas-trend-inverno-2014-fabiana-milazzo-8.jpg?fit=200%2C300&amp;ssl=1\" data-large-file=\"https:\/\/i0.wp.com\/agrund.com\/wp-content\/uploads\/sites\/6\/2013\/10\/minas-trend-inverno-2014-fabiana-milazzo-8.jpg?fit=450%2C674&amp;ssl=1\" decoding=\"async\" loading=\"lazy\" class=\"size-full wp-image-87017\" alt=\"Minas Trend Inverno 2014 - Fabiana Milazzo\" src=\"https:\/\/i0.wp.com\/www.agrund.com\/wp-content\/uploads\/sites\/6\/2013\/10\/minas-trend-inverno-2014-fabiana-milazzo-8.jpg?resize=450%2C674\" width=\"450\" height=\"674\" srcset=\"https:\/\/i0.wp.com\/agrund.com\/wp-content\/uploads\/sites\/6\/2013\/10\/minas-trend-inverno-2014-fabiana-milazzo-8.jpg?w=450&amp;ssl=1 450w, https:\/\/i0.wp.com\/agrund.com\/wp-content\/uploads\/sites\/6\/2013\/10\/minas-trend-inverno-2014-fabiana-milazzo-8.jpg?resize=200%2C300&amp;ssl=1 200w\" sizes=\"(max-width: 450px) 100vw, 450px\" data-recalc-dims=\"1\" \/><\/a><p id=\"caption-attachment-87017\" class=\"wp-caption-text\">Minas Trend Inverno 2014 &#8211; Fabiana Milazzo<\/p><\/div>\n<div id=\"attachment_87018\" style=\"width: 460px\" class=\"wp-caption aligncenter\"><a href=\"https:\/\/i0.wp.com\/www.agrund.com\/wp-content\/uploads\/sites\/6\/2013\/10\/minas-trend-inverno-2014-fabiana-milazzo-9.jpg\"><img aria-describedby=\"caption-attachment-87018\" data-attachment-id=\"87018\" data-permalink=\"https:\/\/agrund.com\/index.php\/minas-trend-inverno-2014-fabiana-milazzo\/minas-trend-inverno-2014-fabiana-milazzo-9\/\" data-orig-file=\"https:\/\/i0.wp.com\/agrund.com\/wp-content\/uploads\/sites\/6\/2013\/10\/minas-trend-inverno-2014-fabiana-milazzo-9.jpg?fit=450%2C674&amp;ssl=1\" data-orig-size=\"450,674\" data-comments-opened=\"1\" data-image-meta=\"{&quot;aperture&quot;:&quot;0&quot;,&quot;credit&quot;:&quot;&quot;,&quot;camera&quot;:&quot;&quot;,&quot;caption&quot;:&quot;&quot;,&quot;created_timestamp&quot;:&quot;0&quot;,&quot;copyright&quot;:&quot;&quot;,&quot;focal_length&quot;:&quot;0&quot;,&quot;iso&quot;:&quot;0&quot;,&quot;shutter_speed&quot;:&quot;0&quot;,&quot;title&quot;:&quot;&quot;}\" data-image-title=\"minas-trend-inverno-2014-fabiana-milazzo (9)\" data-image-description=\"\" data-image-caption=\"&lt;p&gt;Minas Trend Inverno 2014 &#8211; Fabiana Milazzo&lt;\/p&gt;\n\" data-medium-file=\"https:\/\/i0.wp.com\/agrund.com\/wp-content\/uploads\/sites\/6\/2013\/10\/minas-trend-inverno-2014-fabiana-milazzo-9.jpg?fit=200%2C300&amp;ssl=1\" data-large-file=\"https:\/\/i0.wp.com\/agrund.com\/wp-content\/uploads\/sites\/6\/2013\/10\/minas-trend-inverno-2014-fabiana-milazzo-9.jpg?fit=450%2C674&amp;ssl=1\" decoding=\"async\" loading=\"lazy\" class=\"size-full wp-image-87018\" alt=\"Minas Trend Inverno 2014 - Fabiana Milazzo\" src=\"https:\/\/i0.wp.com\/www.agrund.com\/wp-content\/uploads\/sites\/6\/2013\/10\/minas-trend-inverno-2014-fabiana-milazzo-9.jpg?resize=450%2C674\" width=\"450\" height=\"674\" srcset=\"https:\/\/i0.wp.com\/agrund.com\/wp-content\/uploads\/sites\/6\/2013\/10\/minas-trend-inverno-2014-fabiana-milazzo-9.jpg?w=450&amp;ssl=1 450w, https:\/\/i0.wp.com\/agrund.com\/wp-content\/uploads\/sites\/6\/2013\/10\/minas-trend-inverno-2014-fabiana-milazzo-9.jpg?resize=200%2C300&amp;ssl=1 200w\" sizes=\"(max-width: 450px) 100vw, 450px\" data-recalc-dims=\"1\" \/><\/a><p id=\"caption-attachment-87018\" class=\"wp-caption-text\">Minas Trend Inverno 2014 &#8211; Fabiana Milazzo<\/p><\/div>\n","protected":false},"excerpt":{"rendered":"<p>Por Gustavo luz A filosofia e o movimento art\u00edstico do final do s\u00e9culo XIX e in\u00edcio do s\u00e9culo XX, mais conhecido como Art Nouveau, e que usa a natureza como fonte criativa em cores e formas, foi a inspira\u00e7\u00e3o de Fabiana Milazzo para o Inverno 2014 da grife hom\u00f4nima. Seguindo o caminho tra\u00e7ado pelos artistas [&hellip;]<\/p>\n","protected":false},"author":1,"featured_media":87019,"comment_status":"open","ping_status":"open","sticky":false,"template":"","format":"standard","meta":{"jetpack_post_was_ever_published":false,"_jetpack_newsletter_access":"","jetpack_publicize_message":"","jetpack_is_tweetstorm":false,"jetpack_publicize_feature_enabled":true,"jetpack_social_post_already_shared":true,"jetpack_social_options":{"image_generator_settings":{"template":"highway","enabled":false}}},"categories":[9,2],"tags":[],"jetpack_publicize_connections":[],"jetpack_featured_media_url":"https:\/\/i0.wp.com\/agrund.com\/wp-content\/uploads\/sites\/6\/2013\/10\/slide65.jpg?fit=959%2C340&ssl=1","jetpack_sharing_enabled":true,"jetpack_shortlink":"https:\/\/wp.me\/p3Hz0n-mDn","jetpack_likes_enabled":true,"_links":{"self":[{"href":"https:\/\/agrund.com\/index.php\/wp-json\/wp\/v2\/posts\/87009"}],"collection":[{"href":"https:\/\/agrund.com\/index.php\/wp-json\/wp\/v2\/posts"}],"about":[{"href":"https:\/\/agrund.com\/index.php\/wp-json\/wp\/v2\/types\/post"}],"author":[{"embeddable":true,"href":"https:\/\/agrund.com\/index.php\/wp-json\/wp\/v2\/users\/1"}],"replies":[{"embeddable":true,"href":"https:\/\/agrund.com\/index.php\/wp-json\/wp\/v2\/comments?post=87009"}],"version-history":[{"count":0,"href":"https:\/\/agrund.com\/index.php\/wp-json\/wp\/v2\/posts\/87009\/revisions"}],"wp:featuredmedia":[{"embeddable":true,"href":"https:\/\/agrund.com\/index.php\/wp-json\/wp\/v2\/media\/87019"}],"wp:attachment":[{"href":"https:\/\/agrund.com\/index.php\/wp-json\/wp\/v2\/media?parent=87009"}],"wp:term":[{"taxonomy":"category","embeddable":true,"href":"https:\/\/agrund.com\/index.php\/wp-json\/wp\/v2\/categories?post=87009"},{"taxonomy":"post_tag","embeddable":true,"href":"https:\/\/agrund.com\/index.php\/wp-json\/wp\/v2\/tags?post=87009"}],"curies":[{"name":"wp","href":"https:\/\/api.w.org\/{rel}","templated":true}]}}