{"id":84504,"date":"2013-09-16T22:30:05","date_gmt":"2013-09-17T01:30:05","guid":{"rendered":"http:\/\/www.agrund.com\/?p=84504"},"modified":"2013-09-16T21:56:30","modified_gmt":"2013-09-17T00:56:30","slug":"moda-masculina-guga-kuerten-e-o-novo-embaixador-da-hublot","status":"publish","type":"post","link":"https:\/\/agrund.com\/index.php\/moda-masculina-guga-kuerten-e-o-novo-embaixador-da-hublot\/","title":{"rendered":"Moda Masculina :: Guga Kuerten \u00e9 o novo embaixador da Hublot"},"content":{"rendered":"<p>J\u00e1 tive a oportunidade de conhecer e entrevistar o tricampe\u00e3o de Roland Garros Guga Kuerten, sempre muito simp\u00e1tico e atencioso. Guga \u00e9 o mais novo embaixador da marca su\u00ed\u00e7a de rel\u00f3gios de luxo Hublot. Integrante do Hall da Fama Internacional do T\u00eanis, o atleta junta-se \u00e0 categoria de elite da Hublot, incluindo a estrela do basquete Dwyane Wade do Miami Heat, o c\u00e9lebre atleta ol\u00edmpico Usain Bolt e o atual atacante do AS Monaco Radamel Falc\u00e3o Garcia. Adorei!<\/p>\n<div id=\"attachment_84513\" style=\"width: 510px\" class=\"wp-caption aligncenter\"><a href=\"https:\/\/i0.wp.com\/www.agrund.com\/wp-content\/uploads\/sites\/6\/2013\/09\/guga-51.jpg\"><img aria-describedby=\"caption-attachment-84513\" data-attachment-id=\"84513\" data-permalink=\"https:\/\/agrund.com\/index.php\/moda-masculina-guga-kuerten-e-o-novo-embaixador-da-hublot\/guga-5-2\/\" data-orig-file=\"https:\/\/i0.wp.com\/agrund.com\/wp-content\/uploads\/sites\/6\/2013\/09\/guga-51.jpg?fit=500%2C667&amp;ssl=1\" data-orig-size=\"500,667\" data-comments-opened=\"1\" data-image-meta=\"{&quot;aperture&quot;:&quot;5.6&quot;,&quot;credit&quot;:&quot;HUBLOT S.A.&quot;,&quot;camera&quot;:&quot;Canon PowerShot G15&quot;,&quot;caption&quot;:&quot;&quot;,&quot;created_timestamp&quot;:&quot;1378378725&quot;,&quot;copyright&quot;:&quot;All Rights Reserved&quot;,&quot;focal_length&quot;:&quot;7.743&quot;,&quot;iso&quot;:&quot;160&quot;,&quot;shutter_speed&quot;:&quot;0.0125&quot;,&quot;title&quot;:&quot;&quot;}\" data-image-title=\"Moda Masculina :: Guga Kuerten \u00e9 o novo embaixador da Hublot  \" data-image-description=\"\" data-image-caption=\"&lt;p&gt;Moda Masculina :: Guga Kuerten \u00e9 o novo embaixador da Hublot  &lt;\/p&gt;\n\" data-medium-file=\"https:\/\/i0.wp.com\/agrund.com\/wp-content\/uploads\/sites\/6\/2013\/09\/guga-51.jpg?fit=224%2C300&amp;ssl=1\" data-large-file=\"https:\/\/i0.wp.com\/agrund.com\/wp-content\/uploads\/sites\/6\/2013\/09\/guga-51.jpg?fit=500%2C667&amp;ssl=1\" decoding=\"async\" loading=\"lazy\" class=\"size-full wp-image-84513\" alt=\"Moda Masculina :: Guga Kuerten \u00e9 o novo embaixador da Hublot  \" src=\"https:\/\/i0.wp.com\/www.agrund.com\/wp-content\/uploads\/sites\/6\/2013\/09\/guga-51.jpg?resize=500%2C667\" width=\"500\" height=\"667\" srcset=\"https:\/\/i0.wp.com\/agrund.com\/wp-content\/uploads\/sites\/6\/2013\/09\/guga-51.jpg?w=500&amp;ssl=1 500w, https:\/\/i0.wp.com\/agrund.com\/wp-content\/uploads\/sites\/6\/2013\/09\/guga-51.jpg?resize=224%2C300&amp;ssl=1 224w\" sizes=\"(max-width: 500px) 100vw, 500px\" data-recalc-dims=\"1\" \/><\/a><p id=\"caption-attachment-84513\" class=\"wp-caption-text\">Moda Masculina :: Guga Kuerten \u00e9 o novo embaixador da Hublot<\/p><\/div>\n<div id=\"attachment_84516\" style=\"width: 510px\" class=\"wp-caption aligncenter\"><a href=\"https:\/\/i0.wp.com\/www.agrund.com\/wp-content\/uploads\/sites\/6\/2013\/09\/guga-22.jpg\"><img aria-describedby=\"caption-attachment-84516\" data-attachment-id=\"84516\" data-permalink=\"https:\/\/agrund.com\/index.php\/moda-masculina-guga-kuerten-e-o-novo-embaixador-da-hublot\/guga-2-3\/\" data-orig-file=\"https:\/\/i0.wp.com\/agrund.com\/wp-content\/uploads\/sites\/6\/2013\/09\/guga-22.jpg?fit=500%2C667&amp;ssl=1\" data-orig-size=\"500,667\" data-comments-opened=\"1\" data-image-meta=\"{&quot;aperture&quot;:&quot;5.6&quot;,&quot;credit&quot;:&quot;HUBLOT S.A.&quot;,&quot;camera&quot;:&quot;Canon PowerShot G15&quot;,&quot;caption&quot;:&quot;&quot;,&quot;created_timestamp&quot;:&quot;1378378591&quot;,&quot;copyright&quot;:&quot;All Rights Reserved&quot;,&quot;focal_length&quot;:&quot;19.123&quot;,&quot;iso&quot;:&quot;320&quot;,&quot;shutter_speed&quot;:&quot;0.00625&quot;,&quot;title&quot;:&quot;&quot;}\" data-image-title=\"Moda Masculina :: Guga Kuerten \u00e9 o novo embaixador da Hublot  \" data-image-description=\"\" data-image-caption=\"&lt;p&gt;Moda Masculina :: Guga Kuerten \u00e9 o novo embaixador da Hublot  &lt;\/p&gt;\n\" data-medium-file=\"https:\/\/i0.wp.com\/agrund.com\/wp-content\/uploads\/sites\/6\/2013\/09\/guga-22.jpg?fit=224%2C300&amp;ssl=1\" data-large-file=\"https:\/\/i0.wp.com\/agrund.com\/wp-content\/uploads\/sites\/6\/2013\/09\/guga-22.jpg?fit=500%2C667&amp;ssl=1\" decoding=\"async\" loading=\"lazy\" class=\"size-full wp-image-84516\" alt=\"Moda Masculina :: Guga Kuerten \u00e9 o novo embaixador da Hublot  \" src=\"https:\/\/i0.wp.com\/www.agrund.com\/wp-content\/uploads\/sites\/6\/2013\/09\/guga-22.jpg?resize=500%2C667\" width=\"500\" height=\"667\" srcset=\"https:\/\/i0.wp.com\/agrund.com\/wp-content\/uploads\/sites\/6\/2013\/09\/guga-22.jpg?w=500&amp;ssl=1 500w, https:\/\/i0.wp.com\/agrund.com\/wp-content\/uploads\/sites\/6\/2013\/09\/guga-22.jpg?resize=224%2C300&amp;ssl=1 224w\" sizes=\"(max-width: 500px) 100vw, 500px\" data-recalc-dims=\"1\" \/><\/a><p id=\"caption-attachment-84516\" class=\"wp-caption-text\">Moda Masculina :: Guga Kuerten \u00e9 o novo embaixador da Hublot<\/p><\/div>\n<div id=\"attachment_84517\" style=\"width: 510px\" class=\"wp-caption aligncenter\"><a href=\"https:\/\/i0.wp.com\/www.agrund.com\/wp-content\/uploads\/sites\/6\/2013\/09\/guga-31.jpg\"><img aria-describedby=\"caption-attachment-84517\" data-attachment-id=\"84517\" data-permalink=\"https:\/\/agrund.com\/index.php\/moda-masculina-guga-kuerten-e-o-novo-embaixador-da-hublot\/guga-3-2\/\" data-orig-file=\"https:\/\/i0.wp.com\/agrund.com\/wp-content\/uploads\/sites\/6\/2013\/09\/guga-31.jpg?fit=500%2C375&amp;ssl=1\" data-orig-size=\"500,375\" data-comments-opened=\"1\" data-image-meta=\"{&quot;aperture&quot;:&quot;5.6&quot;,&quot;credit&quot;:&quot;HUBLOT S.A.&quot;,&quot;camera&quot;:&quot;Canon PowerShot G15&quot;,&quot;caption&quot;:&quot;&quot;,&quot;created_timestamp&quot;:&quot;1378378679&quot;,&quot;copyright&quot;:&quot;All Rights Reserved&quot;,&quot;focal_length&quot;:&quot;7.743&quot;,&quot;iso&quot;:&quot;250&quot;,&quot;shutter_speed&quot;:&quot;0.0125&quot;,&quot;title&quot;:&quot;&quot;}\" data-image-title=\"Moda Masculina :: Guga Kuerten \u00e9 o novo embaixador da Hublot  \" data-image-description=\"\" data-image-caption=\"&lt;p&gt;Moda Masculina :: Guga Kuerten \u00e9 o novo embaixador da Hublot  &lt;\/p&gt;\n\" data-medium-file=\"https:\/\/i0.wp.com\/agrund.com\/wp-content\/uploads\/sites\/6\/2013\/09\/guga-31.jpg?fit=300%2C225&amp;ssl=1\" data-large-file=\"https:\/\/i0.wp.com\/agrund.com\/wp-content\/uploads\/sites\/6\/2013\/09\/guga-31.jpg?fit=500%2C375&amp;ssl=1\" decoding=\"async\" loading=\"lazy\" class=\"size-full wp-image-84517\" alt=\"Moda Masculina :: Guga Kuerten \u00e9 o novo embaixador da Hublot  \" src=\"https:\/\/i0.wp.com\/www.agrund.com\/wp-content\/uploads\/sites\/6\/2013\/09\/guga-31.jpg?resize=500%2C375\" width=\"500\" height=\"375\" srcset=\"https:\/\/i0.wp.com\/agrund.com\/wp-content\/uploads\/sites\/6\/2013\/09\/guga-31.jpg?w=500&amp;ssl=1 500w, https:\/\/i0.wp.com\/agrund.com\/wp-content\/uploads\/sites\/6\/2013\/09\/guga-31.jpg?resize=300%2C225&amp;ssl=1 300w\" sizes=\"(max-width: 500px) 100vw, 500px\" data-recalc-dims=\"1\" \/><\/a><p id=\"caption-attachment-84517\" class=\"wp-caption-text\">Moda Masculina :: Guga Kuerten \u00e9 o novo embaixador da Hublot<\/p><\/div>\n<div id=\"attachment_84515\" style=\"width: 510px\" class=\"wp-caption aligncenter\"><a href=\"https:\/\/i0.wp.com\/www.agrund.com\/wp-content\/uploads\/sites\/6\/2013\/09\/guga-1.jpg\"><img aria-describedby=\"caption-attachment-84515\" data-attachment-id=\"84515\" data-permalink=\"https:\/\/agrund.com\/index.php\/moda-masculina-guga-kuerten-e-o-novo-embaixador-da-hublot\/guga-1\/\" data-orig-file=\"https:\/\/i0.wp.com\/agrund.com\/wp-content\/uploads\/sites\/6\/2013\/09\/guga-1.jpg?fit=500%2C333&amp;ssl=1\" data-orig-size=\"500,333\" data-comments-opened=\"1\" data-image-meta=\"{&quot;aperture&quot;:&quot;3.5&quot;,&quot;credit&quot;:&quot;&quot;,&quot;camera&quot;:&quot;Canon EOS 5D Mark III&quot;,&quot;caption&quot;:&quot;&quot;,&quot;created_timestamp&quot;:&quot;1378981750&quot;,&quot;copyright&quot;:&quot;&quot;,&quot;focal_length&quot;:&quot;62&quot;,&quot;iso&quot;:&quot;800&quot;,&quot;shutter_speed&quot;:&quot;0.0125&quot;,&quot;title&quot;:&quot;&quot;}\" data-image-title=\"Moda Masculina :: Guga Kuerten \u00e9 o novo embaixador da Hublot  \" data-image-description=\"\" data-image-caption=\"&lt;p&gt;Moda Masculina :: Guga Kuerten \u00e9 o novo embaixador da Hublot  &lt;\/p&gt;\n\" data-medium-file=\"https:\/\/i0.wp.com\/agrund.com\/wp-content\/uploads\/sites\/6\/2013\/09\/guga-1.jpg?fit=300%2C199&amp;ssl=1\" data-large-file=\"https:\/\/i0.wp.com\/agrund.com\/wp-content\/uploads\/sites\/6\/2013\/09\/guga-1.jpg?fit=500%2C333&amp;ssl=1\" decoding=\"async\" loading=\"lazy\" class=\"size-full wp-image-84515\" alt=\"Moda Masculina :: Guga Kuerten \u00e9 o novo embaixador da Hublot  \" src=\"https:\/\/i0.wp.com\/www.agrund.com\/wp-content\/uploads\/sites\/6\/2013\/09\/guga-1.jpg?resize=500%2C333\" width=\"500\" height=\"333\" srcset=\"https:\/\/i0.wp.com\/agrund.com\/wp-content\/uploads\/sites\/6\/2013\/09\/guga-1.jpg?w=500&amp;ssl=1 500w, https:\/\/i0.wp.com\/agrund.com\/wp-content\/uploads\/sites\/6\/2013\/09\/guga-1.jpg?resize=300%2C199&amp;ssl=1 300w\" sizes=\"(max-width: 500px) 100vw, 500px\" data-recalc-dims=\"1\" \/><\/a><p id=\"caption-attachment-84515\" class=\"wp-caption-text\">Moda Masculina :: Guga Kuerten \u00e9 o novo embaixador da Hublot<\/p><\/div>\n<p>Imagens: Divulga\u00e7\u00e3o.<\/p>\n<p>&nbsp;<\/p>\n<p>&nbsp;<\/p>\n<p>&nbsp;<\/p>\n<p>&nbsp;<\/p>\n","protected":false},"excerpt":{"rendered":"<p>J\u00e1 tive a oportunidade de conhecer e entrevistar o tricampe\u00e3o de Roland Garros Guga Kuerten, sempre muito simp\u00e1tico e atencioso. Guga \u00e9 o mais novo embaixador da marca su\u00ed\u00e7a de rel\u00f3gios de luxo Hublot. Integrante do Hall da Fama Internacional do T\u00eanis, o atleta junta-se \u00e0 categoria de elite da Hublot, incluindo a estrela do [&hellip;]<\/p>\n","protected":false},"author":8,"featured_media":84519,"comment_status":"open","ping_status":"open","sticky":false,"template":"","format":"standard","meta":{"jetpack_post_was_ever_published":false,"_jetpack_newsletter_access":"","jetpack_publicize_message":"","jetpack_is_tweetstorm":false,"jetpack_publicize_feature_enabled":true,"jetpack_social_post_already_shared":true,"jetpack_social_options":{"image_generator_settings":{"template":"highway","enabled":false}}},"categories":[6],"tags":[],"jetpack_publicize_connections":[],"jetpack_featured_media_url":"https:\/\/i0.wp.com\/agrund.com\/wp-content\/uploads\/sites\/6\/2013\/09\/slideguga1.jpg?fit=960%2C300&ssl=1","jetpack_sharing_enabled":true,"jetpack_shortlink":"https:\/\/wp.me\/p3Hz0n-lYY","jetpack_likes_enabled":true,"_links":{"self":[{"href":"https:\/\/agrund.com\/index.php\/wp-json\/wp\/v2\/posts\/84504"}],"collection":[{"href":"https:\/\/agrund.com\/index.php\/wp-json\/wp\/v2\/posts"}],"about":[{"href":"https:\/\/agrund.com\/index.php\/wp-json\/wp\/v2\/types\/post"}],"author":[{"embeddable":true,"href":"https:\/\/agrund.com\/index.php\/wp-json\/wp\/v2\/users\/8"}],"replies":[{"embeddable":true,"href":"https:\/\/agrund.com\/index.php\/wp-json\/wp\/v2\/comments?post=84504"}],"version-history":[{"count":0,"href":"https:\/\/agrund.com\/index.php\/wp-json\/wp\/v2\/posts\/84504\/revisions"}],"wp:featuredmedia":[{"embeddable":true,"href":"https:\/\/agrund.com\/index.php\/wp-json\/wp\/v2\/media\/84519"}],"wp:attachment":[{"href":"https:\/\/agrund.com\/index.php\/wp-json\/wp\/v2\/media?parent=84504"}],"wp:term":[{"taxonomy":"category","embeddable":true,"href":"https:\/\/agrund.com\/index.php\/wp-json\/wp\/v2\/categories?post=84504"},{"taxonomy":"post_tag","embeddable":true,"href":"https:\/\/agrund.com\/index.php\/wp-json\/wp\/v2\/tags?post=84504"}],"curies":[{"name":"wp","href":"https:\/\/api.w.org\/{rel}","templated":true}]}}