{"id":838,"date":"2010-10-06T21:56:04","date_gmt":"2010-10-07T00:56:04","guid":{"rendered":"http:\/\/www.agrund.com\/blogs\/notas\/?p=838"},"modified":"2010-10-06T21:56:04","modified_gmt":"2010-10-07T00:56:04","slug":"moda-de-rua-paris","status":"publish","type":"post","link":"https:\/\/agrund.com\/index.php\/moda-de-rua-paris\/","title":{"rendered":"Moda de Rua: Paris"},"content":{"rendered":"<p style=\"text-align: justify\">As ruas dessa cidade s\u00e3o verdadeiras fontes de informa\u00e7\u00e3o para quem tem  ou quer ter estilo.<\/p>\n<p style=\"text-align: justify\">E ter estilo n\u00e3o significa andar de grife dos p\u00e9s a  cabe\u00e7a, e sim de personalidade, atitude, comportamento.Sentado com  nosso editor de moda, Fabio Paiva, no Les Deux Magot, em  Saint-Germain-des-Pr\u00e9s, percebemos que a moda de rua est\u00e1 cada vez mais  influenciando a moda das passarelas.<\/p>\n<p style=\"text-align: justify\">E sempre foi assim, j\u00e1 dia Mary  Quant. Isso reafirma que a moda de rua \u00e9 mais um term\u00f4metro do que  estar por vir.<\/p>\n<p style=\"text-align: justify\">Veja algumas fotos incr\u00edveis! Inspira\u00e7\u00e3o.<\/p>\n<p style=\"text-align: justify\"><img decoding=\"async\" loading=\"lazy\" class=\"aligncenter size-full wp-image-840\" title=\"paris2\" src=\"https:\/\/i0.wp.com\/www.agrund.com\/arquivo\/notas\/files\/2010\/10\/paris2.jpg?resize=321%2C428\" alt=\"\" width=\"321\" height=\"428\" data-recalc-dims=\"1\" \/><\/p>\n<p><img decoding=\"async\" loading=\"lazy\" class=\"aligncenter size-full wp-image-848\" title=\"paris5\" src=\"https:\/\/i0.wp.com\/www.agrund.com\/arquivo\/notas\/files\/2010\/10\/paris5.jpg?resize=399%2C552\" alt=\"\" width=\"399\" height=\"552\" data-recalc-dims=\"1\" \/><\/p>\n<p style=\"text-align: center\"><img decoding=\"async\" loading=\"lazy\" class=\"size-full wp-image-841 aligncenter\" title=\"paris3\" src=\"\/wp-content\/uploads\/2010\/10\/paris31.jpg\" alt=\"\" width=\"420\" height=\"669\" \/><\/p>\n<p style=\"text-align: justify\">\n<p style=\"text-align: justify\"><img decoding=\"async\" loading=\"lazy\" class=\"aligncenter size-full wp-image-842\" title=\"paris4\" src=\"\/wp-content\/uploads\/2010\/10\/paris4.jpg\" alt=\"\" width=\"800\" height=\"600\" \/><\/p>\n","protected":false},"excerpt":{"rendered":"<p>As ruas dessa cidade s\u00e3o verdadeiras fontes de informa\u00e7\u00e3o para quem tem ou quer ter estilo. E ter estilo n\u00e3o significa andar de grife dos p\u00e9s a cabe\u00e7a, e sim de personalidade, atitude, comportamento.Sentado com nosso editor de moda, Fabio Paiva, no Les Deux Magot, em Saint-Germain-des-Pr\u00e9s, percebemos que a moda de rua est\u00e1 cada [&hellip;]<\/p>\n","protected":false},"author":8,"featured_media":840,"comment_status":"open","ping_status":"open","sticky":false,"template":"","format":"standard","meta":{"jetpack_post_was_ever_published":false,"_jetpack_newsletter_access":"","jetpack_publicize_message":"","jetpack_is_tweetstorm":false,"jetpack_publicize_feature_enabled":true,"jetpack_social_post_already_shared":false,"jetpack_social_options":{"image_generator_settings":{"template":"highway","enabled":false}}},"categories":[2],"tags":[],"jetpack_publicize_connections":[],"jetpack_featured_media_url":"","jetpack_sharing_enabled":true,"jetpack_shortlink":"https:\/\/wp.me\/p3Hz0n-dw","jetpack_likes_enabled":true,"_links":{"self":[{"href":"https:\/\/agrund.com\/index.php\/wp-json\/wp\/v2\/posts\/838"}],"collection":[{"href":"https:\/\/agrund.com\/index.php\/wp-json\/wp\/v2\/posts"}],"about":[{"href":"https:\/\/agrund.com\/index.php\/wp-json\/wp\/v2\/types\/post"}],"author":[{"embeddable":true,"href":"https:\/\/agrund.com\/index.php\/wp-json\/wp\/v2\/users\/8"}],"replies":[{"embeddable":true,"href":"https:\/\/agrund.com\/index.php\/wp-json\/wp\/v2\/comments?post=838"}],"version-history":[{"count":0,"href":"https:\/\/agrund.com\/index.php\/wp-json\/wp\/v2\/posts\/838\/revisions"}],"wp:featuredmedia":[{"embeddable":true,"href":"https:\/\/agrund.com\/index.php\/wp-json\/"}],"wp:attachment":[{"href":"https:\/\/agrund.com\/index.php\/wp-json\/wp\/v2\/media?parent=838"}],"wp:term":[{"taxonomy":"category","embeddable":true,"href":"https:\/\/agrund.com\/index.php\/wp-json\/wp\/v2\/categories?post=838"},{"taxonomy":"post_tag","embeddable":true,"href":"https:\/\/agrund.com\/index.php\/wp-json\/wp\/v2\/tags?post=838"}],"curies":[{"name":"wp","href":"https:\/\/api.w.org\/{rel}","templated":true}]}}