{"id":82743,"date":"2013-09-02T17:30:42","date_gmt":"2013-09-02T20:30:42","guid":{"rendered":"http:\/\/www.agrund.com\/?p=82743"},"modified":"2013-09-02T14:51:14","modified_gmt":"2013-09-02T17:51:14","slug":"fashion-day-in-as-dicas-de-moda-praia-de-costanza-pascolato","status":"publish","type":"post","link":"https:\/\/agrund.com\/index.php\/fashion-day-in-as-dicas-de-moda-praia-de-costanza-pascolato\/","title":{"rendered":"Fashion Day In:: As dicas de moda praia de Costanza Pascolato"},"content":{"rendered":"<p style=\"text-align: right;\">Por Vin\u00edcius Guidini<\/p>\n<p>O Agrund conversou com a jornalista Costanza Pascolato durante a quinta edi\u00e7\u00e3o do Fashion Day In e descobriu suas dicas de moda para os pr\u00f3ximos dias de ver\u00e3o na praia ou na piscina.<\/p>\n<p>Apesar de n\u00e3o vestir um biqu\u00edni h\u00e1 mais de 20 anos, ela est\u00e1 sempre antenada no mercado e diz que muitas marcas j\u00e1 oferecem pe\u00e7as em v\u00e1rios modelos que valorizam todo tipo de corpo. Num pa\u00eds liberal e cheio de novas ideias como o nosso, o ideal para acertar na escolha do mai\u00f4 e do biqu\u00edni \u00e9 &#8220;ter coragem de se observar na frente do espelho e conseguir ver o que fica certo e o que fica errado&#8221; antes de sair ao sol.<\/p>\n<p>E por falar em sol, ela indica acess\u00f3rios que n\u00e3o atrapalhem o bronzeamento como pulseirinhas e pequenos colares do dia a dia &#8211; aqueles que, de t\u00e3o preferidos, quase tem cara de &#8220;permanentes&#8221;. Prepare o protetor solar!<\/p>\n<div id=\"attachment_82744\" style=\"width: 560px\" class=\"wp-caption aligncenter\"><a href=\"https:\/\/i0.wp.com\/www.agrund.com\/wp-content\/uploads\/sites\/6\/2013\/09\/fashion-day-in-as-dicas-de-moda-praia-de-costanza-pascolato.jpg\"><img aria-describedby=\"caption-attachment-82744\" data-attachment-id=\"82744\" data-permalink=\"https:\/\/agrund.com\/index.php\/fashion-day-in-as-dicas-de-moda-praia-de-costanza-pascolato\/fashion-day-in-as-dicas-de-moda-praia-de-costanza-pascolato\/\" data-orig-file=\"https:\/\/i0.wp.com\/agrund.com\/wp-content\/uploads\/sites\/6\/2013\/09\/fashion-day-in-as-dicas-de-moda-praia-de-costanza-pascolato.jpg?fit=550%2C825&amp;ssl=1\" data-orig-size=\"550,825\" data-comments-opened=\"1\" data-image-meta=\"{&quot;aperture&quot;:&quot;0&quot;,&quot;credit&quot;:&quot;&quot;,&quot;camera&quot;:&quot;&quot;,&quot;caption&quot;:&quot;&quot;,&quot;created_timestamp&quot;:&quot;0&quot;,&quot;copyright&quot;:&quot;&quot;,&quot;focal_length&quot;:&quot;0&quot;,&quot;iso&quot;:&quot;0&quot;,&quot;shutter_speed&quot;:&quot;0&quot;,&quot;title&quot;:&quot;&quot;}\" data-image-title=\"fashion-day-in-as-dicas-de-moda-praia-de-costanza-pascolato\" data-image-description=\"\" data-image-caption=\"&lt;p&gt;Fashion Day In:: As dicas de moda praia de Costanza Pascolato&lt;\/p&gt;\n\" data-medium-file=\"https:\/\/i0.wp.com\/agrund.com\/wp-content\/uploads\/sites\/6\/2013\/09\/fashion-day-in-as-dicas-de-moda-praia-de-costanza-pascolato.jpg?fit=200%2C300&amp;ssl=1\" data-large-file=\"https:\/\/i0.wp.com\/agrund.com\/wp-content\/uploads\/sites\/6\/2013\/09\/fashion-day-in-as-dicas-de-moda-praia-de-costanza-pascolato.jpg?fit=550%2C825&amp;ssl=1\" decoding=\"async\" loading=\"lazy\" class=\"size-full wp-image-82744\" alt=\"Fashion Day In:: As dicas de moda praia de Costanza Pascolato\" src=\"https:\/\/i0.wp.com\/www.agrund.com\/wp-content\/uploads\/sites\/6\/2013\/09\/fashion-day-in-as-dicas-de-moda-praia-de-costanza-pascolato.jpg?resize=550%2C825\" width=\"550\" height=\"825\" srcset=\"https:\/\/i0.wp.com\/agrund.com\/wp-content\/uploads\/sites\/6\/2013\/09\/fashion-day-in-as-dicas-de-moda-praia-de-costanza-pascolato.jpg?w=550&amp;ssl=1 550w, https:\/\/i0.wp.com\/agrund.com\/wp-content\/uploads\/sites\/6\/2013\/09\/fashion-day-in-as-dicas-de-moda-praia-de-costanza-pascolato.jpg?resize=200%2C300&amp;ssl=1 200w\" sizes=\"(max-width: 550px) 100vw, 550px\" data-recalc-dims=\"1\" \/><\/a><p id=\"caption-attachment-82744\" class=\"wp-caption-text\">Fashion Day In:: As dicas de moda praia de Costanza Pascolato<\/p><\/div>\n<p>Imagens: Murilo Mahler<\/p>\n","protected":false},"excerpt":{"rendered":"<p>Por Vin\u00edcius Guidini O Agrund conversou com a jornalista Costanza Pascolato durante a quinta edi\u00e7\u00e3o do Fashion Day In e descobriu suas dicas de moda para os pr\u00f3ximos dias de ver\u00e3o na praia ou na piscina. Apesar de n\u00e3o vestir um biqu\u00edni h\u00e1 mais de 20 anos, ela est\u00e1 sempre antenada no mercado e diz [&hellip;]<\/p>\n","protected":false},"author":1,"featured_media":82745,"comment_status":"open","ping_status":"open","sticky":false,"template":"","format":"standard","meta":{"jetpack_post_was_ever_published":false,"_jetpack_newsletter_access":"","jetpack_publicize_message":"","jetpack_is_tweetstorm":false,"jetpack_publicize_feature_enabled":true,"jetpack_social_post_already_shared":true,"jetpack_social_options":{"image_generator_settings":{"template":"highway","enabled":false}}},"categories":[9,6],"tags":[],"jetpack_publicize_connections":[],"jetpack_featured_media_url":"https:\/\/i0.wp.com\/agrund.com\/wp-content\/uploads\/sites\/6\/2013\/09\/slide7.jpg?fit=960%2C300&ssl=1","jetpack_sharing_enabled":true,"jetpack_shortlink":"https:\/\/wp.me\/p3Hz0n-lwz","jetpack_likes_enabled":true,"_links":{"self":[{"href":"https:\/\/agrund.com\/index.php\/wp-json\/wp\/v2\/posts\/82743"}],"collection":[{"href":"https:\/\/agrund.com\/index.php\/wp-json\/wp\/v2\/posts"}],"about":[{"href":"https:\/\/agrund.com\/index.php\/wp-json\/wp\/v2\/types\/post"}],"author":[{"embeddable":true,"href":"https:\/\/agrund.com\/index.php\/wp-json\/wp\/v2\/users\/1"}],"replies":[{"embeddable":true,"href":"https:\/\/agrund.com\/index.php\/wp-json\/wp\/v2\/comments?post=82743"}],"version-history":[{"count":0,"href":"https:\/\/agrund.com\/index.php\/wp-json\/wp\/v2\/posts\/82743\/revisions"}],"wp:featuredmedia":[{"embeddable":true,"href":"https:\/\/agrund.com\/index.php\/wp-json\/wp\/v2\/media\/82745"}],"wp:attachment":[{"href":"https:\/\/agrund.com\/index.php\/wp-json\/wp\/v2\/media?parent=82743"}],"wp:term":[{"taxonomy":"category","embeddable":true,"href":"https:\/\/agrund.com\/index.php\/wp-json\/wp\/v2\/categories?post=82743"},{"taxonomy":"post_tag","embeddable":true,"href":"https:\/\/agrund.com\/index.php\/wp-json\/wp\/v2\/tags?post=82743"}],"curies":[{"name":"wp","href":"https:\/\/api.w.org\/{rel}","templated":true}]}}