{"id":82734,"date":"2013-09-02T16:30:33","date_gmt":"2013-09-02T19:30:33","guid":{"rendered":"http:\/\/www.agrund.com\/?p=82734"},"modified":"2013-09-02T14:38:33","modified_gmt":"2013-09-02T17:38:33","slug":"fashion-day-in-moda-com-estrutura-por-brunete-fraccaroli","status":"publish","type":"post","link":"https:\/\/agrund.com\/index.php\/fashion-day-in-moda-com-estrutura-por-brunete-fraccaroli\/","title":{"rendered":"Fashion Day In:: Moda com estrutura, por Brunete Fraccaroli"},"content":{"rendered":"<p style=\"text-align: right;\">Por Vin\u00edcius Guidini<\/p>\n<p>Uma das convidadas do Fashion Day In de primavera-ver\u00e3o 2013\/14 foi a arquiteta e decoradora Brunete Fraccaroli. Tendo em mente o trabalho dela com as formas, o Agrund conversou com Brunete e anotou as dicas para acertar em cheio na moda estruturada.<\/p>\n<p>Para ela, o ideal \u00e9 balancear as propor\u00e7\u00f5es na parte de cima e de baixo nos looks. Os casacos com ombros marcados e modelagem mais r\u00edgida devem ser usados com cal\u00e7as pantalona, que ajudam a alongar a silhueta. E aten\u00e7\u00e3o para o toque especial: &#8220;o efeito fashion fica melhor nas mulheres mais altas e magras&#8221;. Anotado? Agora \u00e9 s\u00f3 colocar em pr\u00e1tica!<\/p>\n<div id=\"attachment_82735\" style=\"width: 560px\" class=\"wp-caption aligncenter\"><a href=\"https:\/\/i0.wp.com\/www.agrund.com\/wp-content\/uploads\/sites\/6\/2013\/09\/fashion-day-in-moda-com-estrutura-por-brunete-fraccaroli.jpg\"><img aria-describedby=\"caption-attachment-82735\" data-attachment-id=\"82735\" data-permalink=\"https:\/\/agrund.com\/index.php\/fashion-day-in-moda-com-estrutura-por-brunete-fraccaroli\/fashion-day-in-moda-com-estrutura-por-brunete-fraccaroli\/\" data-orig-file=\"https:\/\/i0.wp.com\/agrund.com\/wp-content\/uploads\/sites\/6\/2013\/09\/fashion-day-in-moda-com-estrutura-por-brunete-fraccaroli.jpg?fit=550%2C825&amp;ssl=1\" data-orig-size=\"550,825\" data-comments-opened=\"1\" data-image-meta=\"{&quot;aperture&quot;:&quot;0&quot;,&quot;credit&quot;:&quot;&quot;,&quot;camera&quot;:&quot;&quot;,&quot;caption&quot;:&quot;&quot;,&quot;created_timestamp&quot;:&quot;0&quot;,&quot;copyright&quot;:&quot;&quot;,&quot;focal_length&quot;:&quot;0&quot;,&quot;iso&quot;:&quot;0&quot;,&quot;shutter_speed&quot;:&quot;0&quot;,&quot;title&quot;:&quot;&quot;}\" data-image-title=\"fashion-day-in-moda-com-estrutura-por-brunete-fraccaroli\" data-image-description=\"\" data-image-caption=\"&lt;p&gt;Fashion Day In:: Moda com estrutura, por Brunete Fraccaroli&lt;\/p&gt;\n\" data-medium-file=\"https:\/\/i0.wp.com\/agrund.com\/wp-content\/uploads\/sites\/6\/2013\/09\/fashion-day-in-moda-com-estrutura-por-brunete-fraccaroli.jpg?fit=200%2C300&amp;ssl=1\" data-large-file=\"https:\/\/i0.wp.com\/agrund.com\/wp-content\/uploads\/sites\/6\/2013\/09\/fashion-day-in-moda-com-estrutura-por-brunete-fraccaroli.jpg?fit=550%2C825&amp;ssl=1\" decoding=\"async\" loading=\"lazy\" class=\"size-full wp-image-82735\" alt=\"Fashion Day In:: Moda com estrutura, por Brunete Fraccaroli\" src=\"https:\/\/i0.wp.com\/www.agrund.com\/wp-content\/uploads\/sites\/6\/2013\/09\/fashion-day-in-moda-com-estrutura-por-brunete-fraccaroli.jpg?resize=550%2C825\" width=\"550\" height=\"825\" srcset=\"https:\/\/i0.wp.com\/agrund.com\/wp-content\/uploads\/sites\/6\/2013\/09\/fashion-day-in-moda-com-estrutura-por-brunete-fraccaroli.jpg?w=550&amp;ssl=1 550w, https:\/\/i0.wp.com\/agrund.com\/wp-content\/uploads\/sites\/6\/2013\/09\/fashion-day-in-moda-com-estrutura-por-brunete-fraccaroli.jpg?resize=200%2C300&amp;ssl=1 200w\" sizes=\"(max-width: 550px) 100vw, 550px\" data-recalc-dims=\"1\" \/><\/a><p id=\"caption-attachment-82735\" class=\"wp-caption-text\">Fashion Day In:: Moda com estrutura, por Brunete Fraccaroli<\/p><\/div>\n<p>Imagens: Murilo Mahler<\/p>\n<p>&nbsp;<\/p>\n","protected":false},"excerpt":{"rendered":"<p>Por Vin\u00edcius Guidini Uma das convidadas do Fashion Day In de primavera-ver\u00e3o 2013\/14 foi a arquiteta e decoradora Brunete Fraccaroli. Tendo em mente o trabalho dela com as formas, o Agrund conversou com Brunete e anotou as dicas para acertar em cheio na moda estruturada. Para ela, o ideal \u00e9 balancear as propor\u00e7\u00f5es na parte [&hellip;]<\/p>\n","protected":false},"author":1,"featured_media":82736,"comment_status":"open","ping_status":"open","sticky":false,"template":"","format":"standard","meta":{"jetpack_post_was_ever_published":false,"_jetpack_newsletter_access":"","jetpack_publicize_message":"","jetpack_is_tweetstorm":false,"jetpack_publicize_feature_enabled":true,"jetpack_social_post_already_shared":true,"jetpack_social_options":{"image_generator_settings":{"template":"highway","enabled":false}}},"categories":[9,6],"tags":[],"jetpack_publicize_connections":[],"jetpack_featured_media_url":"https:\/\/i0.wp.com\/agrund.com\/wp-content\/uploads\/sites\/6\/2013\/09\/slidebrunete.jpg?fit=960%2C300&ssl=1","jetpack_sharing_enabled":true,"jetpack_shortlink":"https:\/\/wp.me\/p3Hz0n-lwq","jetpack_likes_enabled":true,"_links":{"self":[{"href":"https:\/\/agrund.com\/index.php\/wp-json\/wp\/v2\/posts\/82734"}],"collection":[{"href":"https:\/\/agrund.com\/index.php\/wp-json\/wp\/v2\/posts"}],"about":[{"href":"https:\/\/agrund.com\/index.php\/wp-json\/wp\/v2\/types\/post"}],"author":[{"embeddable":true,"href":"https:\/\/agrund.com\/index.php\/wp-json\/wp\/v2\/users\/1"}],"replies":[{"embeddable":true,"href":"https:\/\/agrund.com\/index.php\/wp-json\/wp\/v2\/comments?post=82734"}],"version-history":[{"count":0,"href":"https:\/\/agrund.com\/index.php\/wp-json\/wp\/v2\/posts\/82734\/revisions"}],"wp:featuredmedia":[{"embeddable":true,"href":"https:\/\/agrund.com\/index.php\/wp-json\/wp\/v2\/media\/82736"}],"wp:attachment":[{"href":"https:\/\/agrund.com\/index.php\/wp-json\/wp\/v2\/media?parent=82734"}],"wp:term":[{"taxonomy":"category","embeddable":true,"href":"https:\/\/agrund.com\/index.php\/wp-json\/wp\/v2\/categories?post=82734"},{"taxonomy":"post_tag","embeddable":true,"href":"https:\/\/agrund.com\/index.php\/wp-json\/wp\/v2\/tags?post=82734"}],"curies":[{"name":"wp","href":"https:\/\/api.w.org\/{rel}","templated":true}]}}