{"id":82706,"date":"2013-09-02T14:30:31","date_gmt":"2013-09-02T17:30:31","guid":{"rendered":"http:\/\/www.agrund.com\/?p=82706"},"modified":"2013-09-02T12:11:29","modified_gmt":"2013-09-02T15:11:29","slug":"fashion-day-in-amir-slama-viaja-aos-anos-90","status":"publish","type":"post","link":"https:\/\/agrund.com\/index.php\/fashion-day-in-amir-slama-viaja-aos-anos-90\/","title":{"rendered":"Fashion Day In :: Amir Slama viaja aos anos 90"},"content":{"rendered":"<p>Por Vin\u00edcius Guidini<\/p>\n<p>A passarela do Fashion Day In entrou no clima anos 90 com a primavera-ver\u00e3o 2013\/14 da Amir Slama. Com &#8220;Dancing in the Moonlight&#8221; na trilha (sucesso da banda inglesa Toploader, consagrada no fim dessa d\u00e9cada), a marca mostrou uma cole\u00e7\u00e3o com estampas gr\u00e1ficas e muita sensualidade.<\/p>\n<p>A inspira\u00e7\u00e3o em Carmen Miranda aparece na cartela de cores com pe\u00e7as em p&amp;b que aos poucos come\u00e7am a ser pontuadas com laranjas, rosas e verdes vivos. Logo, tudo vira fetiche com tiras, faixas, transpar\u00eancias, fivelas e vinil \u00e0 l\u00e1 Gianni Versace.<\/p>\n<p>Os destaques s\u00e3o para a lycra com textura aveludada e pe\u00e7as em camur\u00e7a, que a princ\u00edpio parecem inadequadas para um dia de ver\u00e3o na praia ou na piscina, mas que logo fazem jus ao esp\u00edrito de inova\u00e7\u00e3o da cole\u00e7\u00e3o ao lado dos biqu\u00ednis com detalhes em couro.<\/p>\n<div id=\"attachment_82707\" style=\"width: 560px\" class=\"wp-caption aligncenter\"><a href=\"https:\/\/i0.wp.com\/www.agrund.com\/wp-content\/uploads\/sites\/6\/2013\/09\/fashion-day-in-amir-slama-viaja-aos-anos-90-1.jpg\"><img aria-describedby=\"caption-attachment-82707\" data-attachment-id=\"82707\" data-permalink=\"https:\/\/agrund.com\/index.php\/fashion-day-in-amir-slama-viaja-aos-anos-90\/fashion-day-in-amir-slama-viaja-aos-anos-90-1\/\" data-orig-file=\"https:\/\/i0.wp.com\/agrund.com\/wp-content\/uploads\/sites\/6\/2013\/09\/fashion-day-in-amir-slama-viaja-aos-anos-90-1.jpg?fit=550%2C825&amp;ssl=1\" data-orig-size=\"550,825\" data-comments-opened=\"1\" data-image-meta=\"{&quot;aperture&quot;:&quot;0&quot;,&quot;credit&quot;:&quot;&quot;,&quot;camera&quot;:&quot;&quot;,&quot;caption&quot;:&quot;&quot;,&quot;created_timestamp&quot;:&quot;0&quot;,&quot;copyright&quot;:&quot;&quot;,&quot;focal_length&quot;:&quot;0&quot;,&quot;iso&quot;:&quot;0&quot;,&quot;shutter_speed&quot;:&quot;0&quot;,&quot;title&quot;:&quot;&quot;}\" data-image-title=\"fashion-day-in-amir-slama-viaja-aos-anos-90 (1)\" data-image-description=\"\" data-image-caption=\"&lt;p&gt;Fashion Day In :: Amir Slama viaja aos anos 90&lt;\/p&gt;\n\" data-medium-file=\"https:\/\/i0.wp.com\/agrund.com\/wp-content\/uploads\/sites\/6\/2013\/09\/fashion-day-in-amir-slama-viaja-aos-anos-90-1.jpg?fit=200%2C300&amp;ssl=1\" data-large-file=\"https:\/\/i0.wp.com\/agrund.com\/wp-content\/uploads\/sites\/6\/2013\/09\/fashion-day-in-amir-slama-viaja-aos-anos-90-1.jpg?fit=550%2C825&amp;ssl=1\" decoding=\"async\" loading=\"lazy\" class=\"size-full wp-image-82707\" alt=\"Fashion Day In :: Amir Slama viaja aos anos 90\" src=\"https:\/\/i0.wp.com\/www.agrund.com\/wp-content\/uploads\/sites\/6\/2013\/09\/fashion-day-in-amir-slama-viaja-aos-anos-90-1.jpg?resize=550%2C825\" width=\"550\" height=\"825\" srcset=\"https:\/\/i0.wp.com\/agrund.com\/wp-content\/uploads\/sites\/6\/2013\/09\/fashion-day-in-amir-slama-viaja-aos-anos-90-1.jpg?w=550&amp;ssl=1 550w, https:\/\/i0.wp.com\/agrund.com\/wp-content\/uploads\/sites\/6\/2013\/09\/fashion-day-in-amir-slama-viaja-aos-anos-90-1.jpg?resize=200%2C300&amp;ssl=1 200w\" sizes=\"(max-width: 550px) 100vw, 550px\" data-recalc-dims=\"1\" \/><\/a><p id=\"caption-attachment-82707\" class=\"wp-caption-text\">Fashion Day In :: Amir Slama viaja aos anos 90<\/p><\/div>\n<div id=\"attachment_82708\" style=\"width: 560px\" class=\"wp-caption aligncenter\"><a href=\"https:\/\/i0.wp.com\/www.agrund.com\/wp-content\/uploads\/sites\/6\/2013\/09\/fashion-day-in-amir-slama-viaja-aos-anos-90-2.jpg\"><img aria-describedby=\"caption-attachment-82708\" data-attachment-id=\"82708\" data-permalink=\"https:\/\/agrund.com\/index.php\/fashion-day-in-amir-slama-viaja-aos-anos-90\/fashion-day-in-amir-slama-viaja-aos-anos-90-2\/\" data-orig-file=\"https:\/\/i0.wp.com\/agrund.com\/wp-content\/uploads\/sites\/6\/2013\/09\/fashion-day-in-amir-slama-viaja-aos-anos-90-2.jpg?fit=550%2C825&amp;ssl=1\" data-orig-size=\"550,825\" data-comments-opened=\"1\" data-image-meta=\"{&quot;aperture&quot;:&quot;0&quot;,&quot;credit&quot;:&quot;&quot;,&quot;camera&quot;:&quot;&quot;,&quot;caption&quot;:&quot;&quot;,&quot;created_timestamp&quot;:&quot;0&quot;,&quot;copyright&quot;:&quot;&quot;,&quot;focal_length&quot;:&quot;0&quot;,&quot;iso&quot;:&quot;0&quot;,&quot;shutter_speed&quot;:&quot;0&quot;,&quot;title&quot;:&quot;&quot;}\" data-image-title=\"fashion-day-in-amir-slama-viaja-aos-anos-90 (2)\" data-image-description=\"\" data-image-caption=\"&lt;p&gt;Fashion Day In :: Amir Slama viaja aos anos 90&lt;\/p&gt;\n\" data-medium-file=\"https:\/\/i0.wp.com\/agrund.com\/wp-content\/uploads\/sites\/6\/2013\/09\/fashion-day-in-amir-slama-viaja-aos-anos-90-2.jpg?fit=200%2C300&amp;ssl=1\" data-large-file=\"https:\/\/i0.wp.com\/agrund.com\/wp-content\/uploads\/sites\/6\/2013\/09\/fashion-day-in-amir-slama-viaja-aos-anos-90-2.jpg?fit=550%2C825&amp;ssl=1\" decoding=\"async\" loading=\"lazy\" class=\"size-full wp-image-82708\" alt=\"Fashion Day In :: Amir Slama viaja aos anos 90\" src=\"https:\/\/i0.wp.com\/www.agrund.com\/wp-content\/uploads\/sites\/6\/2013\/09\/fashion-day-in-amir-slama-viaja-aos-anos-90-2.jpg?resize=550%2C825\" width=\"550\" height=\"825\" srcset=\"https:\/\/i0.wp.com\/agrund.com\/wp-content\/uploads\/sites\/6\/2013\/09\/fashion-day-in-amir-slama-viaja-aos-anos-90-2.jpg?w=550&amp;ssl=1 550w, https:\/\/i0.wp.com\/agrund.com\/wp-content\/uploads\/sites\/6\/2013\/09\/fashion-day-in-amir-slama-viaja-aos-anos-90-2.jpg?resize=200%2C300&amp;ssl=1 200w\" sizes=\"(max-width: 550px) 100vw, 550px\" data-recalc-dims=\"1\" \/><\/a><p id=\"caption-attachment-82708\" class=\"wp-caption-text\">Fashion Day In :: Amir Slama viaja aos anos 90<\/p><\/div>\n<div id=\"attachment_82709\" style=\"width: 560px\" class=\"wp-caption aligncenter\"><a href=\"https:\/\/i0.wp.com\/www.agrund.com\/wp-content\/uploads\/sites\/6\/2013\/09\/fashion-day-in-amir-slama-viaja-aos-anos-90-3.jpg\"><img aria-describedby=\"caption-attachment-82709\" data-attachment-id=\"82709\" data-permalink=\"https:\/\/agrund.com\/index.php\/fashion-day-in-amir-slama-viaja-aos-anos-90\/fashion-day-in-amir-slama-viaja-aos-anos-90-3\/\" data-orig-file=\"https:\/\/i0.wp.com\/agrund.com\/wp-content\/uploads\/sites\/6\/2013\/09\/fashion-day-in-amir-slama-viaja-aos-anos-90-3.jpg?fit=550%2C825&amp;ssl=1\" data-orig-size=\"550,825\" data-comments-opened=\"1\" data-image-meta=\"{&quot;aperture&quot;:&quot;0&quot;,&quot;credit&quot;:&quot;&quot;,&quot;camera&quot;:&quot;&quot;,&quot;caption&quot;:&quot;&quot;,&quot;created_timestamp&quot;:&quot;0&quot;,&quot;copyright&quot;:&quot;&quot;,&quot;focal_length&quot;:&quot;0&quot;,&quot;iso&quot;:&quot;0&quot;,&quot;shutter_speed&quot;:&quot;0&quot;,&quot;title&quot;:&quot;&quot;}\" data-image-title=\"fashion-day-in-amir-slama-viaja-aos-anos-90 (3)\" data-image-description=\"\" data-image-caption=\"&lt;p&gt;Fashion Day In :: Amir Slama viaja aos anos 90&lt;\/p&gt;\n\" data-medium-file=\"https:\/\/i0.wp.com\/agrund.com\/wp-content\/uploads\/sites\/6\/2013\/09\/fashion-day-in-amir-slama-viaja-aos-anos-90-3.jpg?fit=200%2C300&amp;ssl=1\" data-large-file=\"https:\/\/i0.wp.com\/agrund.com\/wp-content\/uploads\/sites\/6\/2013\/09\/fashion-day-in-amir-slama-viaja-aos-anos-90-3.jpg?fit=550%2C825&amp;ssl=1\" decoding=\"async\" loading=\"lazy\" class=\"size-full wp-image-82709\" alt=\"Fashion Day In :: Amir Slama viaja aos anos 90\" src=\"https:\/\/i0.wp.com\/www.agrund.com\/wp-content\/uploads\/sites\/6\/2013\/09\/fashion-day-in-amir-slama-viaja-aos-anos-90-3.jpg?resize=550%2C825\" width=\"550\" height=\"825\" srcset=\"https:\/\/i0.wp.com\/agrund.com\/wp-content\/uploads\/sites\/6\/2013\/09\/fashion-day-in-amir-slama-viaja-aos-anos-90-3.jpg?w=550&amp;ssl=1 550w, https:\/\/i0.wp.com\/agrund.com\/wp-content\/uploads\/sites\/6\/2013\/09\/fashion-day-in-amir-slama-viaja-aos-anos-90-3.jpg?resize=200%2C300&amp;ssl=1 200w\" sizes=\"(max-width: 550px) 100vw, 550px\" data-recalc-dims=\"1\" \/><\/a><p id=\"caption-attachment-82709\" class=\"wp-caption-text\">Fashion Day In :: Amir Slama viaja aos anos 90<\/p><\/div>\n<div id=\"attachment_82710\" style=\"width: 560px\" class=\"wp-caption aligncenter\"><a href=\"https:\/\/i0.wp.com\/www.agrund.com\/wp-content\/uploads\/sites\/6\/2013\/09\/fashion-day-in-amir-slama-viaja-aos-anos-90-4.jpg\"><img aria-describedby=\"caption-attachment-82710\" data-attachment-id=\"82710\" data-permalink=\"https:\/\/agrund.com\/index.php\/fashion-day-in-amir-slama-viaja-aos-anos-90\/fashion-day-in-amir-slama-viaja-aos-anos-90-4\/\" data-orig-file=\"https:\/\/i0.wp.com\/agrund.com\/wp-content\/uploads\/sites\/6\/2013\/09\/fashion-day-in-amir-slama-viaja-aos-anos-90-4.jpg?fit=550%2C367&amp;ssl=1\" data-orig-size=\"550,367\" data-comments-opened=\"1\" data-image-meta=\"{&quot;aperture&quot;:&quot;0&quot;,&quot;credit&quot;:&quot;&quot;,&quot;camera&quot;:&quot;&quot;,&quot;caption&quot;:&quot;&quot;,&quot;created_timestamp&quot;:&quot;0&quot;,&quot;copyright&quot;:&quot;&quot;,&quot;focal_length&quot;:&quot;0&quot;,&quot;iso&quot;:&quot;0&quot;,&quot;shutter_speed&quot;:&quot;0&quot;,&quot;title&quot;:&quot;&quot;}\" data-image-title=\"fashion-day-in-amir-slama-viaja-aos-anos-90 (4)\" data-image-description=\"\" data-image-caption=\"&lt;p&gt;Fashion Day In :: Amir Slama viaja aos anos 90&lt;\/p&gt;\n\" data-medium-file=\"https:\/\/i0.wp.com\/agrund.com\/wp-content\/uploads\/sites\/6\/2013\/09\/fashion-day-in-amir-slama-viaja-aos-anos-90-4.jpg?fit=300%2C200&amp;ssl=1\" data-large-file=\"https:\/\/i0.wp.com\/agrund.com\/wp-content\/uploads\/sites\/6\/2013\/09\/fashion-day-in-amir-slama-viaja-aos-anos-90-4.jpg?fit=550%2C367&amp;ssl=1\" decoding=\"async\" loading=\"lazy\" class=\"size-full wp-image-82710\" alt=\"Fashion Day In :: Amir Slama viaja aos anos 90\" src=\"https:\/\/i0.wp.com\/www.agrund.com\/wp-content\/uploads\/sites\/6\/2013\/09\/fashion-day-in-amir-slama-viaja-aos-anos-90-4.jpg?resize=550%2C367\" width=\"550\" height=\"367\" srcset=\"https:\/\/i0.wp.com\/agrund.com\/wp-content\/uploads\/sites\/6\/2013\/09\/fashion-day-in-amir-slama-viaja-aos-anos-90-4.jpg?w=550&amp;ssl=1 550w, https:\/\/i0.wp.com\/agrund.com\/wp-content\/uploads\/sites\/6\/2013\/09\/fashion-day-in-amir-slama-viaja-aos-anos-90-4.jpg?resize=300%2C200&amp;ssl=1 300w\" sizes=\"(max-width: 550px) 100vw, 550px\" data-recalc-dims=\"1\" \/><\/a><p id=\"caption-attachment-82710\" class=\"wp-caption-text\">Fashion Day In :: Amir Slama viaja aos anos 90<\/p><\/div>\n<div id=\"attachment_82711\" style=\"width: 560px\" class=\"wp-caption aligncenter\"><a href=\"https:\/\/i0.wp.com\/www.agrund.com\/wp-content\/uploads\/sites\/6\/2013\/09\/fashion-day-in-amir-slama-viaja-aos-anos-90-5.jpg\"><img aria-describedby=\"caption-attachment-82711\" data-attachment-id=\"82711\" data-permalink=\"https:\/\/agrund.com\/index.php\/fashion-day-in-amir-slama-viaja-aos-anos-90\/fashion-day-in-amir-slama-viaja-aos-anos-90-5\/\" data-orig-file=\"https:\/\/i0.wp.com\/agrund.com\/wp-content\/uploads\/sites\/6\/2013\/09\/fashion-day-in-amir-slama-viaja-aos-anos-90-5.jpg?fit=550%2C825&amp;ssl=1\" data-orig-size=\"550,825\" data-comments-opened=\"1\" data-image-meta=\"{&quot;aperture&quot;:&quot;0&quot;,&quot;credit&quot;:&quot;&quot;,&quot;camera&quot;:&quot;&quot;,&quot;caption&quot;:&quot;&quot;,&quot;created_timestamp&quot;:&quot;0&quot;,&quot;copyright&quot;:&quot;&quot;,&quot;focal_length&quot;:&quot;0&quot;,&quot;iso&quot;:&quot;0&quot;,&quot;shutter_speed&quot;:&quot;0&quot;,&quot;title&quot;:&quot;&quot;}\" data-image-title=\"fashion-day-in-amir-slama-viaja-aos-anos-90 (5)\" data-image-description=\"\" data-image-caption=\"&lt;p&gt;Fashion Day In :: Amir Slama viaja aos anos 90&lt;\/p&gt;\n\" data-medium-file=\"https:\/\/i0.wp.com\/agrund.com\/wp-content\/uploads\/sites\/6\/2013\/09\/fashion-day-in-amir-slama-viaja-aos-anos-90-5.jpg?fit=200%2C300&amp;ssl=1\" data-large-file=\"https:\/\/i0.wp.com\/agrund.com\/wp-content\/uploads\/sites\/6\/2013\/09\/fashion-day-in-amir-slama-viaja-aos-anos-90-5.jpg?fit=550%2C825&amp;ssl=1\" decoding=\"async\" loading=\"lazy\" class=\"size-full wp-image-82711\" alt=\"Fashion Day In :: Amir Slama viaja aos anos 90\" src=\"https:\/\/i0.wp.com\/www.agrund.com\/wp-content\/uploads\/sites\/6\/2013\/09\/fashion-day-in-amir-slama-viaja-aos-anos-90-5.jpg?resize=550%2C825\" width=\"550\" height=\"825\" srcset=\"https:\/\/i0.wp.com\/agrund.com\/wp-content\/uploads\/sites\/6\/2013\/09\/fashion-day-in-amir-slama-viaja-aos-anos-90-5.jpg?w=550&amp;ssl=1 550w, https:\/\/i0.wp.com\/agrund.com\/wp-content\/uploads\/sites\/6\/2013\/09\/fashion-day-in-amir-slama-viaja-aos-anos-90-5.jpg?resize=200%2C300&amp;ssl=1 200w\" sizes=\"(max-width: 550px) 100vw, 550px\" data-recalc-dims=\"1\" \/><\/a><p id=\"caption-attachment-82711\" class=\"wp-caption-text\">Fashion Day In :: Amir Slama viaja aos anos 90<\/p><\/div>\n<div id=\"attachment_82712\" style=\"width: 560px\" class=\"wp-caption aligncenter\"><a href=\"https:\/\/i0.wp.com\/www.agrund.com\/wp-content\/uploads\/sites\/6\/2013\/09\/fashion-day-in-amir-slama-viaja-aos-anos-90-6.jpg\"><img aria-describedby=\"caption-attachment-82712\" data-attachment-id=\"82712\" data-permalink=\"https:\/\/agrund.com\/index.php\/fashion-day-in-amir-slama-viaja-aos-anos-90\/fashion-day-in-amir-slama-viaja-aos-anos-90-6\/\" data-orig-file=\"https:\/\/i0.wp.com\/agrund.com\/wp-content\/uploads\/sites\/6\/2013\/09\/fashion-day-in-amir-slama-viaja-aos-anos-90-6.jpg?fit=550%2C825&amp;ssl=1\" data-orig-size=\"550,825\" data-comments-opened=\"1\" data-image-meta=\"{&quot;aperture&quot;:&quot;0&quot;,&quot;credit&quot;:&quot;&quot;,&quot;camera&quot;:&quot;&quot;,&quot;caption&quot;:&quot;&quot;,&quot;created_timestamp&quot;:&quot;0&quot;,&quot;copyright&quot;:&quot;&quot;,&quot;focal_length&quot;:&quot;0&quot;,&quot;iso&quot;:&quot;0&quot;,&quot;shutter_speed&quot;:&quot;0&quot;,&quot;title&quot;:&quot;&quot;}\" data-image-title=\"fashion-day-in-amir-slama-viaja-aos-anos-90 (6)\" data-image-description=\"\" data-image-caption=\"&lt;p&gt;Fashion Day In :: Amir Slama viaja aos anos 90&lt;\/p&gt;\n\" data-medium-file=\"https:\/\/i0.wp.com\/agrund.com\/wp-content\/uploads\/sites\/6\/2013\/09\/fashion-day-in-amir-slama-viaja-aos-anos-90-6.jpg?fit=200%2C300&amp;ssl=1\" data-large-file=\"https:\/\/i0.wp.com\/agrund.com\/wp-content\/uploads\/sites\/6\/2013\/09\/fashion-day-in-amir-slama-viaja-aos-anos-90-6.jpg?fit=550%2C825&amp;ssl=1\" decoding=\"async\" loading=\"lazy\" class=\"size-full wp-image-82712\" alt=\"Fashion Day In :: Amir Slama viaja aos anos 90\" src=\"https:\/\/i0.wp.com\/www.agrund.com\/wp-content\/uploads\/sites\/6\/2013\/09\/fashion-day-in-amir-slama-viaja-aos-anos-90-6.jpg?resize=550%2C825\" width=\"550\" height=\"825\" srcset=\"https:\/\/i0.wp.com\/agrund.com\/wp-content\/uploads\/sites\/6\/2013\/09\/fashion-day-in-amir-slama-viaja-aos-anos-90-6.jpg?w=550&amp;ssl=1 550w, https:\/\/i0.wp.com\/agrund.com\/wp-content\/uploads\/sites\/6\/2013\/09\/fashion-day-in-amir-slama-viaja-aos-anos-90-6.jpg?resize=200%2C300&amp;ssl=1 200w\" sizes=\"(max-width: 550px) 100vw, 550px\" data-recalc-dims=\"1\" \/><\/a><p id=\"caption-attachment-82712\" class=\"wp-caption-text\">Fashion Day In :: Amir Slama viaja aos anos 90<\/p><\/div>\n<div id=\"attachment_82713\" style=\"width: 560px\" class=\"wp-caption aligncenter\"><a href=\"https:\/\/i0.wp.com\/www.agrund.com\/wp-content\/uploads\/sites\/6\/2013\/09\/fashion-day-in-amir-slama-viaja-aos-anos-90-7.jpg\"><img aria-describedby=\"caption-attachment-82713\" data-attachment-id=\"82713\" data-permalink=\"https:\/\/agrund.com\/index.php\/fashion-day-in-amir-slama-viaja-aos-anos-90\/fashion-day-in-amir-slama-viaja-aos-anos-90-7\/\" data-orig-file=\"https:\/\/i0.wp.com\/agrund.com\/wp-content\/uploads\/sites\/6\/2013\/09\/fashion-day-in-amir-slama-viaja-aos-anos-90-7.jpg?fit=550%2C825&amp;ssl=1\" data-orig-size=\"550,825\" data-comments-opened=\"1\" data-image-meta=\"{&quot;aperture&quot;:&quot;0&quot;,&quot;credit&quot;:&quot;&quot;,&quot;camera&quot;:&quot;&quot;,&quot;caption&quot;:&quot;&quot;,&quot;created_timestamp&quot;:&quot;0&quot;,&quot;copyright&quot;:&quot;&quot;,&quot;focal_length&quot;:&quot;0&quot;,&quot;iso&quot;:&quot;0&quot;,&quot;shutter_speed&quot;:&quot;0&quot;,&quot;title&quot;:&quot;&quot;}\" data-image-title=\"fashion-day-in-amir-slama-viaja-aos-anos-90 (7)\" data-image-description=\"\" data-image-caption=\"&lt;p&gt;Fashion Day In :: Amir Slama viaja aos anos 90&lt;\/p&gt;\n\" data-medium-file=\"https:\/\/i0.wp.com\/agrund.com\/wp-content\/uploads\/sites\/6\/2013\/09\/fashion-day-in-amir-slama-viaja-aos-anos-90-7.jpg?fit=200%2C300&amp;ssl=1\" data-large-file=\"https:\/\/i0.wp.com\/agrund.com\/wp-content\/uploads\/sites\/6\/2013\/09\/fashion-day-in-amir-slama-viaja-aos-anos-90-7.jpg?fit=550%2C825&amp;ssl=1\" decoding=\"async\" loading=\"lazy\" class=\"size-full wp-image-82713\" alt=\"Fashion Day In :: Amir Slama viaja aos anos 90\" src=\"https:\/\/i0.wp.com\/www.agrund.com\/wp-content\/uploads\/sites\/6\/2013\/09\/fashion-day-in-amir-slama-viaja-aos-anos-90-7.jpg?resize=550%2C825\" width=\"550\" height=\"825\" srcset=\"https:\/\/i0.wp.com\/agrund.com\/wp-content\/uploads\/sites\/6\/2013\/09\/fashion-day-in-amir-slama-viaja-aos-anos-90-7.jpg?w=550&amp;ssl=1 550w, https:\/\/i0.wp.com\/agrund.com\/wp-content\/uploads\/sites\/6\/2013\/09\/fashion-day-in-amir-slama-viaja-aos-anos-90-7.jpg?resize=200%2C300&amp;ssl=1 200w\" sizes=\"(max-width: 550px) 100vw, 550px\" data-recalc-dims=\"1\" \/><\/a><p id=\"caption-attachment-82713\" class=\"wp-caption-text\">Fashion Day In :: Amir Slama viaja aos anos 90<\/p><\/div>\n<div id=\"attachment_82714\" style=\"width: 560px\" class=\"wp-caption aligncenter\"><a href=\"https:\/\/i0.wp.com\/www.agrund.com\/wp-content\/uploads\/sites\/6\/2013\/09\/fashion-day-in-amir-slama-viaja-aos-anos-90-8.jpg\"><img aria-describedby=\"caption-attachment-82714\" data-attachment-id=\"82714\" data-permalink=\"https:\/\/agrund.com\/index.php\/fashion-day-in-amir-slama-viaja-aos-anos-90\/fashion-day-in-amir-slama-viaja-aos-anos-90-8\/\" data-orig-file=\"https:\/\/i0.wp.com\/agrund.com\/wp-content\/uploads\/sites\/6\/2013\/09\/fashion-day-in-amir-slama-viaja-aos-anos-90-8.jpg?fit=550%2C825&amp;ssl=1\" data-orig-size=\"550,825\" data-comments-opened=\"1\" data-image-meta=\"{&quot;aperture&quot;:&quot;0&quot;,&quot;credit&quot;:&quot;&quot;,&quot;camera&quot;:&quot;&quot;,&quot;caption&quot;:&quot;&quot;,&quot;created_timestamp&quot;:&quot;0&quot;,&quot;copyright&quot;:&quot;&quot;,&quot;focal_length&quot;:&quot;0&quot;,&quot;iso&quot;:&quot;0&quot;,&quot;shutter_speed&quot;:&quot;0&quot;,&quot;title&quot;:&quot;&quot;}\" data-image-title=\"fashion-day-in-amir-slama-viaja-aos-anos-90 (8)\" data-image-description=\"\" data-image-caption=\"&lt;p&gt;Fashion Day In :: Amir Slama viaja aos anos 90&lt;\/p&gt;\n\" data-medium-file=\"https:\/\/i0.wp.com\/agrund.com\/wp-content\/uploads\/sites\/6\/2013\/09\/fashion-day-in-amir-slama-viaja-aos-anos-90-8.jpg?fit=200%2C300&amp;ssl=1\" data-large-file=\"https:\/\/i0.wp.com\/agrund.com\/wp-content\/uploads\/sites\/6\/2013\/09\/fashion-day-in-amir-slama-viaja-aos-anos-90-8.jpg?fit=550%2C825&amp;ssl=1\" decoding=\"async\" loading=\"lazy\" class=\"size-full wp-image-82714\" alt=\"Fashion Day In :: Amir Slama viaja aos anos 90\" src=\"https:\/\/i0.wp.com\/www.agrund.com\/wp-content\/uploads\/sites\/6\/2013\/09\/fashion-day-in-amir-slama-viaja-aos-anos-90-8.jpg?resize=550%2C825\" width=\"550\" height=\"825\" srcset=\"https:\/\/i0.wp.com\/agrund.com\/wp-content\/uploads\/sites\/6\/2013\/09\/fashion-day-in-amir-slama-viaja-aos-anos-90-8.jpg?w=550&amp;ssl=1 550w, https:\/\/i0.wp.com\/agrund.com\/wp-content\/uploads\/sites\/6\/2013\/09\/fashion-day-in-amir-slama-viaja-aos-anos-90-8.jpg?resize=200%2C300&amp;ssl=1 200w\" sizes=\"(max-width: 550px) 100vw, 550px\" data-recalc-dims=\"1\" \/><\/a><p id=\"caption-attachment-82714\" class=\"wp-caption-text\">Fashion Day In :: Amir Slama viaja aos anos 90<\/p><\/div>\n<div id=\"attachment_82715\" style=\"width: 560px\" class=\"wp-caption aligncenter\"><a href=\"https:\/\/i0.wp.com\/www.agrund.com\/wp-content\/uploads\/sites\/6\/2013\/09\/fashion-day-in-amir-slama-viaja-aos-anos-90-9.jpg\"><img aria-describedby=\"caption-attachment-82715\" data-attachment-id=\"82715\" data-permalink=\"https:\/\/agrund.com\/index.php\/fashion-day-in-amir-slama-viaja-aos-anos-90\/fashion-day-in-amir-slama-viaja-aos-anos-90-9\/\" data-orig-file=\"https:\/\/i0.wp.com\/agrund.com\/wp-content\/uploads\/sites\/6\/2013\/09\/fashion-day-in-amir-slama-viaja-aos-anos-90-9.jpg?fit=550%2C825&amp;ssl=1\" data-orig-size=\"550,825\" data-comments-opened=\"1\" data-image-meta=\"{&quot;aperture&quot;:&quot;0&quot;,&quot;credit&quot;:&quot;&quot;,&quot;camera&quot;:&quot;&quot;,&quot;caption&quot;:&quot;&quot;,&quot;created_timestamp&quot;:&quot;0&quot;,&quot;copyright&quot;:&quot;&quot;,&quot;focal_length&quot;:&quot;0&quot;,&quot;iso&quot;:&quot;0&quot;,&quot;shutter_speed&quot;:&quot;0&quot;,&quot;title&quot;:&quot;&quot;}\" data-image-title=\"fashion-day-in-amir-slama-viaja-aos-anos-90 (9)\" data-image-description=\"\" data-image-caption=\"&lt;p&gt;Fashion Day In :: Amir Slama viaja aos anos 90&lt;\/p&gt;\n\" data-medium-file=\"https:\/\/i0.wp.com\/agrund.com\/wp-content\/uploads\/sites\/6\/2013\/09\/fashion-day-in-amir-slama-viaja-aos-anos-90-9.jpg?fit=200%2C300&amp;ssl=1\" data-large-file=\"https:\/\/i0.wp.com\/agrund.com\/wp-content\/uploads\/sites\/6\/2013\/09\/fashion-day-in-amir-slama-viaja-aos-anos-90-9.jpg?fit=550%2C825&amp;ssl=1\" decoding=\"async\" loading=\"lazy\" class=\"size-full wp-image-82715\" alt=\"Fashion Day In :: Amir Slama viaja aos anos 90\" src=\"https:\/\/i0.wp.com\/www.agrund.com\/wp-content\/uploads\/sites\/6\/2013\/09\/fashion-day-in-amir-slama-viaja-aos-anos-90-9.jpg?resize=550%2C825\" width=\"550\" height=\"825\" srcset=\"https:\/\/i0.wp.com\/agrund.com\/wp-content\/uploads\/sites\/6\/2013\/09\/fashion-day-in-amir-slama-viaja-aos-anos-90-9.jpg?w=550&amp;ssl=1 550w, https:\/\/i0.wp.com\/agrund.com\/wp-content\/uploads\/sites\/6\/2013\/09\/fashion-day-in-amir-slama-viaja-aos-anos-90-9.jpg?resize=200%2C300&amp;ssl=1 200w\" sizes=\"(max-width: 550px) 100vw, 550px\" data-recalc-dims=\"1\" \/><\/a><p id=\"caption-attachment-82715\" class=\"wp-caption-text\">Fashion Day In :: Amir Slama viaja aos anos 90<\/p><\/div>\n<div id=\"attachment_82716\" style=\"width: 560px\" class=\"wp-caption aligncenter\"><a href=\"https:\/\/i0.wp.com\/www.agrund.com\/wp-content\/uploads\/sites\/6\/2013\/09\/fashion-day-in-amir-slama-viaja-aos-anos-90-10.jpg\"><img aria-describedby=\"caption-attachment-82716\" data-attachment-id=\"82716\" data-permalink=\"https:\/\/agrund.com\/index.php\/fashion-day-in-amir-slama-viaja-aos-anos-90\/fashion-day-in-amir-slama-viaja-aos-anos-90-10\/\" data-orig-file=\"https:\/\/i0.wp.com\/agrund.com\/wp-content\/uploads\/sites\/6\/2013\/09\/fashion-day-in-amir-slama-viaja-aos-anos-90-10.jpg?fit=550%2C825&amp;ssl=1\" data-orig-size=\"550,825\" data-comments-opened=\"1\" data-image-meta=\"{&quot;aperture&quot;:&quot;0&quot;,&quot;credit&quot;:&quot;&quot;,&quot;camera&quot;:&quot;&quot;,&quot;caption&quot;:&quot;&quot;,&quot;created_timestamp&quot;:&quot;0&quot;,&quot;copyright&quot;:&quot;&quot;,&quot;focal_length&quot;:&quot;0&quot;,&quot;iso&quot;:&quot;0&quot;,&quot;shutter_speed&quot;:&quot;0&quot;,&quot;title&quot;:&quot;&quot;}\" data-image-title=\"fashion-day-in-amir-slama-viaja-aos-anos-90 (10)\" data-image-description=\"\" data-image-caption=\"&lt;p&gt;Fashion Day In :: Amir Slama viaja aos anos 90&lt;\/p&gt;\n\" data-medium-file=\"https:\/\/i0.wp.com\/agrund.com\/wp-content\/uploads\/sites\/6\/2013\/09\/fashion-day-in-amir-slama-viaja-aos-anos-90-10.jpg?fit=200%2C300&amp;ssl=1\" data-large-file=\"https:\/\/i0.wp.com\/agrund.com\/wp-content\/uploads\/sites\/6\/2013\/09\/fashion-day-in-amir-slama-viaja-aos-anos-90-10.jpg?fit=550%2C825&amp;ssl=1\" decoding=\"async\" loading=\"lazy\" class=\"size-full wp-image-82716\" alt=\"Fashion Day In :: Amir Slama viaja aos anos 90\" src=\"https:\/\/i0.wp.com\/www.agrund.com\/wp-content\/uploads\/sites\/6\/2013\/09\/fashion-day-in-amir-slama-viaja-aos-anos-90-10.jpg?resize=550%2C825\" width=\"550\" height=\"825\" srcset=\"https:\/\/i0.wp.com\/agrund.com\/wp-content\/uploads\/sites\/6\/2013\/09\/fashion-day-in-amir-slama-viaja-aos-anos-90-10.jpg?w=550&amp;ssl=1 550w, https:\/\/i0.wp.com\/agrund.com\/wp-content\/uploads\/sites\/6\/2013\/09\/fashion-day-in-amir-slama-viaja-aos-anos-90-10.jpg?resize=200%2C300&amp;ssl=1 200w\" sizes=\"(max-width: 550px) 100vw, 550px\" data-recalc-dims=\"1\" \/><\/a><p id=\"caption-attachment-82716\" class=\"wp-caption-text\">Fashion Day In :: Amir Slama viaja aos anos 90<\/p><\/div>\n<div id=\"attachment_82717\" style=\"width: 560px\" class=\"wp-caption aligncenter\"><a href=\"https:\/\/i0.wp.com\/www.agrund.com\/wp-content\/uploads\/sites\/6\/2013\/09\/fashion-day-in-amir-slama-viaja-aos-anos-90-11.jpg\"><img aria-describedby=\"caption-attachment-82717\" data-attachment-id=\"82717\" data-permalink=\"https:\/\/agrund.com\/index.php\/fashion-day-in-amir-slama-viaja-aos-anos-90\/fashion-day-in-amir-slama-viaja-aos-anos-90-11\/\" data-orig-file=\"https:\/\/i0.wp.com\/agrund.com\/wp-content\/uploads\/sites\/6\/2013\/09\/fashion-day-in-amir-slama-viaja-aos-anos-90-11.jpg?fit=550%2C825&amp;ssl=1\" data-orig-size=\"550,825\" data-comments-opened=\"1\" data-image-meta=\"{&quot;aperture&quot;:&quot;0&quot;,&quot;credit&quot;:&quot;&quot;,&quot;camera&quot;:&quot;&quot;,&quot;caption&quot;:&quot;&quot;,&quot;created_timestamp&quot;:&quot;0&quot;,&quot;copyright&quot;:&quot;&quot;,&quot;focal_length&quot;:&quot;0&quot;,&quot;iso&quot;:&quot;0&quot;,&quot;shutter_speed&quot;:&quot;0&quot;,&quot;title&quot;:&quot;&quot;}\" data-image-title=\"fashion-day-in-amir-slama-viaja-aos-anos-90 (11)\" data-image-description=\"\" data-image-caption=\"&lt;p&gt;Fashion Day In :: Amir Slama viaja aos anos 90&lt;\/p&gt;\n\" data-medium-file=\"https:\/\/i0.wp.com\/agrund.com\/wp-content\/uploads\/sites\/6\/2013\/09\/fashion-day-in-amir-slama-viaja-aos-anos-90-11.jpg?fit=200%2C300&amp;ssl=1\" data-large-file=\"https:\/\/i0.wp.com\/agrund.com\/wp-content\/uploads\/sites\/6\/2013\/09\/fashion-day-in-amir-slama-viaja-aos-anos-90-11.jpg?fit=550%2C825&amp;ssl=1\" decoding=\"async\" loading=\"lazy\" class=\"size-full wp-image-82717\" alt=\"Fashion Day In :: Amir Slama viaja aos anos 90\" src=\"https:\/\/i0.wp.com\/www.agrund.com\/wp-content\/uploads\/sites\/6\/2013\/09\/fashion-day-in-amir-slama-viaja-aos-anos-90-11.jpg?resize=550%2C825\" width=\"550\" height=\"825\" srcset=\"https:\/\/i0.wp.com\/agrund.com\/wp-content\/uploads\/sites\/6\/2013\/09\/fashion-day-in-amir-slama-viaja-aos-anos-90-11.jpg?w=550&amp;ssl=1 550w, https:\/\/i0.wp.com\/agrund.com\/wp-content\/uploads\/sites\/6\/2013\/09\/fashion-day-in-amir-slama-viaja-aos-anos-90-11.jpg?resize=200%2C300&amp;ssl=1 200w\" sizes=\"(max-width: 550px) 100vw, 550px\" data-recalc-dims=\"1\" \/><\/a><p id=\"caption-attachment-82717\" class=\"wp-caption-text\">Fashion Day In :: Amir Slama viaja aos anos 90<\/p><\/div>\n<p>Imagens: Murilo Mahler<\/p>\n","protected":false},"excerpt":{"rendered":"<p>Por Vin\u00edcius Guidini A passarela do Fashion Day In entrou no clima anos 90 com a primavera-ver\u00e3o 2013\/14 da Amir Slama. Com &#8220;Dancing in the Moonlight&#8221; na trilha (sucesso da banda inglesa Toploader, consagrada no fim dessa d\u00e9cada), a marca mostrou uma cole\u00e7\u00e3o com estampas gr\u00e1ficas e muita sensualidade. A inspira\u00e7\u00e3o em Carmen Miranda aparece [&hellip;]<\/p>\n","protected":false},"author":1,"featured_media":82718,"comment_status":"open","ping_status":"open","sticky":false,"template":"","format":"standard","meta":{"jetpack_post_was_ever_published":false,"_jetpack_newsletter_access":"","jetpack_publicize_message":"","jetpack_is_tweetstorm":false,"jetpack_publicize_feature_enabled":true,"jetpack_social_post_already_shared":true,"jetpack_social_options":{"image_generator_settings":{"template":"highway","enabled":false}}},"categories":[9,6],"tags":[],"jetpack_publicize_connections":[],"jetpack_featured_media_url":"https:\/\/i0.wp.com\/agrund.com\/wp-content\/uploads\/sites\/6\/2013\/09\/slidealmir.jpg?fit=960%2C300&ssl=1","jetpack_sharing_enabled":true,"jetpack_shortlink":"https:\/\/wp.me\/p3Hz0n-lvY","jetpack_likes_enabled":true,"_links":{"self":[{"href":"https:\/\/agrund.com\/index.php\/wp-json\/wp\/v2\/posts\/82706"}],"collection":[{"href":"https:\/\/agrund.com\/index.php\/wp-json\/wp\/v2\/posts"}],"about":[{"href":"https:\/\/agrund.com\/index.php\/wp-json\/wp\/v2\/types\/post"}],"author":[{"embeddable":true,"href":"https:\/\/agrund.com\/index.php\/wp-json\/wp\/v2\/users\/1"}],"replies":[{"embeddable":true,"href":"https:\/\/agrund.com\/index.php\/wp-json\/wp\/v2\/comments?post=82706"}],"version-history":[{"count":0,"href":"https:\/\/agrund.com\/index.php\/wp-json\/wp\/v2\/posts\/82706\/revisions"}],"wp:featuredmedia":[{"embeddable":true,"href":"https:\/\/agrund.com\/index.php\/wp-json\/wp\/v2\/media\/82718"}],"wp:attachment":[{"href":"https:\/\/agrund.com\/index.php\/wp-json\/wp\/v2\/media?parent=82706"}],"wp:term":[{"taxonomy":"category","embeddable":true,"href":"https:\/\/agrund.com\/index.php\/wp-json\/wp\/v2\/categories?post=82706"},{"taxonomy":"post_tag","embeddable":true,"href":"https:\/\/agrund.com\/index.php\/wp-json\/wp\/v2\/tags?post=82706"}],"curies":[{"name":"wp","href":"https:\/\/api.w.org\/{rel}","templated":true}]}}