{"id":82684,"date":"2013-09-02T13:30:32","date_gmt":"2013-09-02T16:30:32","guid":{"rendered":"http:\/\/www.agrund.com\/?p=82684"},"modified":"2013-09-02T11:41:26","modified_gmt":"2013-09-02T14:41:26","slug":"fashion-day-in-as-flores-de-lolitta","status":"publish","type":"post","link":"https:\/\/agrund.com\/index.php\/fashion-day-in-as-flores-de-lolitta\/","title":{"rendered":"Fashion Day In :: As flores de Lolitta"},"content":{"rendered":"<p style=\"text-align: right;\">Por Vin\u00edcius Guidini<\/p>\n<p>Imagine um jardim parisiense com tulipas, rosas e cam\u00e9lias &#8211; esse foi o conceito da cole\u00e7\u00e3o de primavera-ver\u00e3o 2013\/14 da Lolitta apresentada durante o Fashion Day In.<\/p>\n<p>Croch\u00eas e tric\u00f4s buscam fazer refer\u00eancias \u00e0s flores junto da cartela de cores rom\u00e2ntica com rosas e laranjas, enquanto que as famosas bandagens da marca aparecem em vestidos e saias com recortes e fendas que valorizam a sensualidade ao lado de looks com pe\u00e7as em couro no estilo mulher\u00e3o.<\/p>\n<p>Aten\u00e7\u00e3o para os pepluns bandeirinha, longos justos e detalhes de tiras em blusas e vestidos que desenham o busto e flertam com o fetichismo.<\/p>\n<div id=\"attachment_82685\" style=\"width: 560px\" class=\"wp-caption aligncenter\"><a href=\"https:\/\/i0.wp.com\/www.agrund.com\/wp-content\/uploads\/sites\/6\/2013\/09\/fashion-day-in-as-flores-de-lolitta-1.jpg\"><img aria-describedby=\"caption-attachment-82685\" data-attachment-id=\"82685\" data-permalink=\"https:\/\/agrund.com\/index.php\/fashion-day-in-as-flores-de-lolitta\/fashion-day-in-as-flores-de-lolitta-1\/\" data-orig-file=\"https:\/\/i0.wp.com\/agrund.com\/wp-content\/uploads\/sites\/6\/2013\/09\/fashion-day-in-as-flores-de-lolitta-1.jpg?fit=550%2C825&amp;ssl=1\" data-orig-size=\"550,825\" data-comments-opened=\"1\" data-image-meta=\"{&quot;aperture&quot;:&quot;0&quot;,&quot;credit&quot;:&quot;&quot;,&quot;camera&quot;:&quot;&quot;,&quot;caption&quot;:&quot;&quot;,&quot;created_timestamp&quot;:&quot;0&quot;,&quot;copyright&quot;:&quot;&quot;,&quot;focal_length&quot;:&quot;0&quot;,&quot;iso&quot;:&quot;0&quot;,&quot;shutter_speed&quot;:&quot;0&quot;,&quot;title&quot;:&quot;&quot;}\" data-image-title=\"fashion-day-in-as-flores-de-lolitta (1)\" data-image-description=\"\" data-image-caption=\"&lt;p&gt;Fashion Day In :: As flores de Lolitta&lt;\/p&gt;\n\" data-medium-file=\"https:\/\/i0.wp.com\/agrund.com\/wp-content\/uploads\/sites\/6\/2013\/09\/fashion-day-in-as-flores-de-lolitta-1.jpg?fit=200%2C300&amp;ssl=1\" data-large-file=\"https:\/\/i0.wp.com\/agrund.com\/wp-content\/uploads\/sites\/6\/2013\/09\/fashion-day-in-as-flores-de-lolitta-1.jpg?fit=550%2C825&amp;ssl=1\" decoding=\"async\" loading=\"lazy\" class=\"size-full wp-image-82685\" alt=\"Fashion Day In :: As flores de Lolitta\" src=\"https:\/\/i0.wp.com\/www.agrund.com\/wp-content\/uploads\/sites\/6\/2013\/09\/fashion-day-in-as-flores-de-lolitta-1.jpg?resize=550%2C825\" width=\"550\" height=\"825\" srcset=\"https:\/\/i0.wp.com\/agrund.com\/wp-content\/uploads\/sites\/6\/2013\/09\/fashion-day-in-as-flores-de-lolitta-1.jpg?w=550&amp;ssl=1 550w, https:\/\/i0.wp.com\/agrund.com\/wp-content\/uploads\/sites\/6\/2013\/09\/fashion-day-in-as-flores-de-lolitta-1.jpg?resize=200%2C300&amp;ssl=1 200w\" sizes=\"(max-width: 550px) 100vw, 550px\" data-recalc-dims=\"1\" \/><\/a><p id=\"caption-attachment-82685\" class=\"wp-caption-text\">Fashion Day In :: As flores de Lolitta<\/p><\/div>\n<div id=\"attachment_82686\" style=\"width: 560px\" class=\"wp-caption aligncenter\"><a href=\"https:\/\/i0.wp.com\/www.agrund.com\/wp-content\/uploads\/sites\/6\/2013\/09\/fashion-day-in-as-flores-de-lolitta-2.jpg\"><img aria-describedby=\"caption-attachment-82686\" data-attachment-id=\"82686\" data-permalink=\"https:\/\/agrund.com\/index.php\/fashion-day-in-as-flores-de-lolitta\/fashion-day-in-as-flores-de-lolitta-2\/\" data-orig-file=\"https:\/\/i0.wp.com\/agrund.com\/wp-content\/uploads\/sites\/6\/2013\/09\/fashion-day-in-as-flores-de-lolitta-2.jpg?fit=550%2C825&amp;ssl=1\" data-orig-size=\"550,825\" data-comments-opened=\"1\" data-image-meta=\"{&quot;aperture&quot;:&quot;0&quot;,&quot;credit&quot;:&quot;&quot;,&quot;camera&quot;:&quot;&quot;,&quot;caption&quot;:&quot;&quot;,&quot;created_timestamp&quot;:&quot;0&quot;,&quot;copyright&quot;:&quot;&quot;,&quot;focal_length&quot;:&quot;0&quot;,&quot;iso&quot;:&quot;0&quot;,&quot;shutter_speed&quot;:&quot;0&quot;,&quot;title&quot;:&quot;&quot;}\" data-image-title=\"fashion-day-in-as-flores-de-lolitta (2)\" data-image-description=\"\" data-image-caption=\"&lt;p&gt;Fashion Day In :: As flores de Lolitta&lt;\/p&gt;\n\" data-medium-file=\"https:\/\/i0.wp.com\/agrund.com\/wp-content\/uploads\/sites\/6\/2013\/09\/fashion-day-in-as-flores-de-lolitta-2.jpg?fit=200%2C300&amp;ssl=1\" data-large-file=\"https:\/\/i0.wp.com\/agrund.com\/wp-content\/uploads\/sites\/6\/2013\/09\/fashion-day-in-as-flores-de-lolitta-2.jpg?fit=550%2C825&amp;ssl=1\" decoding=\"async\" loading=\"lazy\" class=\"size-full wp-image-82686\" alt=\"Fashion Day In :: As flores de Lolitta\" src=\"https:\/\/i0.wp.com\/www.agrund.com\/wp-content\/uploads\/sites\/6\/2013\/09\/fashion-day-in-as-flores-de-lolitta-2.jpg?resize=550%2C825\" width=\"550\" height=\"825\" srcset=\"https:\/\/i0.wp.com\/agrund.com\/wp-content\/uploads\/sites\/6\/2013\/09\/fashion-day-in-as-flores-de-lolitta-2.jpg?w=550&amp;ssl=1 550w, https:\/\/i0.wp.com\/agrund.com\/wp-content\/uploads\/sites\/6\/2013\/09\/fashion-day-in-as-flores-de-lolitta-2.jpg?resize=200%2C300&amp;ssl=1 200w\" sizes=\"(max-width: 550px) 100vw, 550px\" data-recalc-dims=\"1\" \/><\/a><p id=\"caption-attachment-82686\" class=\"wp-caption-text\">Fashion Day In :: As flores de Lolitta<\/p><\/div>\n<div id=\"attachment_82687\" style=\"width: 560px\" class=\"wp-caption aligncenter\"><a href=\"https:\/\/i0.wp.com\/www.agrund.com\/wp-content\/uploads\/sites\/6\/2013\/09\/fashion-day-in-as-flores-de-lolitta-3.jpg\"><img aria-describedby=\"caption-attachment-82687\" data-attachment-id=\"82687\" data-permalink=\"https:\/\/agrund.com\/index.php\/fashion-day-in-as-flores-de-lolitta\/fashion-day-in-as-flores-de-lolitta-3\/\" data-orig-file=\"https:\/\/i0.wp.com\/agrund.com\/wp-content\/uploads\/sites\/6\/2013\/09\/fashion-day-in-as-flores-de-lolitta-3.jpg?fit=550%2C367&amp;ssl=1\" data-orig-size=\"550,367\" data-comments-opened=\"1\" data-image-meta=\"{&quot;aperture&quot;:&quot;0&quot;,&quot;credit&quot;:&quot;&quot;,&quot;camera&quot;:&quot;&quot;,&quot;caption&quot;:&quot;&quot;,&quot;created_timestamp&quot;:&quot;0&quot;,&quot;copyright&quot;:&quot;&quot;,&quot;focal_length&quot;:&quot;0&quot;,&quot;iso&quot;:&quot;0&quot;,&quot;shutter_speed&quot;:&quot;0&quot;,&quot;title&quot;:&quot;&quot;}\" data-image-title=\"fashion-day-in-as-flores-de-lolitta (3)\" data-image-description=\"\" data-image-caption=\"&lt;p&gt;Fashion Day In :: As flores de Lolitta&lt;\/p&gt;\n\" data-medium-file=\"https:\/\/i0.wp.com\/agrund.com\/wp-content\/uploads\/sites\/6\/2013\/09\/fashion-day-in-as-flores-de-lolitta-3.jpg?fit=300%2C200&amp;ssl=1\" data-large-file=\"https:\/\/i0.wp.com\/agrund.com\/wp-content\/uploads\/sites\/6\/2013\/09\/fashion-day-in-as-flores-de-lolitta-3.jpg?fit=550%2C367&amp;ssl=1\" decoding=\"async\" loading=\"lazy\" class=\"size-full wp-image-82687\" alt=\"Fashion Day In :: As flores de Lolitta\" src=\"https:\/\/i0.wp.com\/www.agrund.com\/wp-content\/uploads\/sites\/6\/2013\/09\/fashion-day-in-as-flores-de-lolitta-3.jpg?resize=550%2C367\" width=\"550\" height=\"367\" srcset=\"https:\/\/i0.wp.com\/agrund.com\/wp-content\/uploads\/sites\/6\/2013\/09\/fashion-day-in-as-flores-de-lolitta-3.jpg?w=550&amp;ssl=1 550w, https:\/\/i0.wp.com\/agrund.com\/wp-content\/uploads\/sites\/6\/2013\/09\/fashion-day-in-as-flores-de-lolitta-3.jpg?resize=300%2C200&amp;ssl=1 300w\" sizes=\"(max-width: 550px) 100vw, 550px\" data-recalc-dims=\"1\" \/><\/a><p id=\"caption-attachment-82687\" class=\"wp-caption-text\">Fashion Day In :: As flores de Lolitta<\/p><\/div>\n<div id=\"attachment_82688\" style=\"width: 560px\" class=\"wp-caption aligncenter\"><a href=\"https:\/\/i0.wp.com\/www.agrund.com\/wp-content\/uploads\/sites\/6\/2013\/09\/fashion-day-in-as-flores-de-lolitta-4.jpg\"><img aria-describedby=\"caption-attachment-82688\" data-attachment-id=\"82688\" data-permalink=\"https:\/\/agrund.com\/index.php\/fashion-day-in-as-flores-de-lolitta\/fashion-day-in-as-flores-de-lolitta-4\/\" data-orig-file=\"https:\/\/i0.wp.com\/agrund.com\/wp-content\/uploads\/sites\/6\/2013\/09\/fashion-day-in-as-flores-de-lolitta-4.jpg?fit=550%2C825&amp;ssl=1\" data-orig-size=\"550,825\" data-comments-opened=\"1\" data-image-meta=\"{&quot;aperture&quot;:&quot;0&quot;,&quot;credit&quot;:&quot;&quot;,&quot;camera&quot;:&quot;&quot;,&quot;caption&quot;:&quot;&quot;,&quot;created_timestamp&quot;:&quot;0&quot;,&quot;copyright&quot;:&quot;&quot;,&quot;focal_length&quot;:&quot;0&quot;,&quot;iso&quot;:&quot;0&quot;,&quot;shutter_speed&quot;:&quot;0&quot;,&quot;title&quot;:&quot;&quot;}\" data-image-title=\"fashion-day-in-as-flores-de-lolitta (4)\" data-image-description=\"\" data-image-caption=\"&lt;p&gt;Fashion Day In :: As flores de Lolitta&lt;\/p&gt;\n\" data-medium-file=\"https:\/\/i0.wp.com\/agrund.com\/wp-content\/uploads\/sites\/6\/2013\/09\/fashion-day-in-as-flores-de-lolitta-4.jpg?fit=200%2C300&amp;ssl=1\" data-large-file=\"https:\/\/i0.wp.com\/agrund.com\/wp-content\/uploads\/sites\/6\/2013\/09\/fashion-day-in-as-flores-de-lolitta-4.jpg?fit=550%2C825&amp;ssl=1\" decoding=\"async\" loading=\"lazy\" class=\"size-full wp-image-82688\" alt=\"Fashion Day In :: As flores de Lolitta\" src=\"https:\/\/i0.wp.com\/www.agrund.com\/wp-content\/uploads\/sites\/6\/2013\/09\/fashion-day-in-as-flores-de-lolitta-4.jpg?resize=550%2C825\" width=\"550\" height=\"825\" srcset=\"https:\/\/i0.wp.com\/agrund.com\/wp-content\/uploads\/sites\/6\/2013\/09\/fashion-day-in-as-flores-de-lolitta-4.jpg?w=550&amp;ssl=1 550w, https:\/\/i0.wp.com\/agrund.com\/wp-content\/uploads\/sites\/6\/2013\/09\/fashion-day-in-as-flores-de-lolitta-4.jpg?resize=200%2C300&amp;ssl=1 200w\" sizes=\"(max-width: 550px) 100vw, 550px\" data-recalc-dims=\"1\" \/><\/a><p id=\"caption-attachment-82688\" class=\"wp-caption-text\">Fashion Day In :: As flores de Lolitta<\/p><\/div>\n<div id=\"attachment_82689\" style=\"width: 560px\" class=\"wp-caption aligncenter\"><a href=\"https:\/\/i0.wp.com\/www.agrund.com\/wp-content\/uploads\/sites\/6\/2013\/09\/fashion-day-in-as-flores-de-lolitta-5.jpg\"><img aria-describedby=\"caption-attachment-82689\" data-attachment-id=\"82689\" data-permalink=\"https:\/\/agrund.com\/index.php\/fashion-day-in-as-flores-de-lolitta\/fashion-day-in-as-flores-de-lolitta-5\/\" data-orig-file=\"https:\/\/i0.wp.com\/agrund.com\/wp-content\/uploads\/sites\/6\/2013\/09\/fashion-day-in-as-flores-de-lolitta-5.jpg?fit=550%2C825&amp;ssl=1\" data-orig-size=\"550,825\" data-comments-opened=\"1\" data-image-meta=\"{&quot;aperture&quot;:&quot;0&quot;,&quot;credit&quot;:&quot;&quot;,&quot;camera&quot;:&quot;&quot;,&quot;caption&quot;:&quot;&quot;,&quot;created_timestamp&quot;:&quot;0&quot;,&quot;copyright&quot;:&quot;&quot;,&quot;focal_length&quot;:&quot;0&quot;,&quot;iso&quot;:&quot;0&quot;,&quot;shutter_speed&quot;:&quot;0&quot;,&quot;title&quot;:&quot;&quot;}\" data-image-title=\"fashion-day-in-as-flores-de-lolitta (5)\" data-image-description=\"\" data-image-caption=\"&lt;p&gt;Fashion Day In :: As flores de Lolitta&lt;\/p&gt;\n\" data-medium-file=\"https:\/\/i0.wp.com\/agrund.com\/wp-content\/uploads\/sites\/6\/2013\/09\/fashion-day-in-as-flores-de-lolitta-5.jpg?fit=200%2C300&amp;ssl=1\" data-large-file=\"https:\/\/i0.wp.com\/agrund.com\/wp-content\/uploads\/sites\/6\/2013\/09\/fashion-day-in-as-flores-de-lolitta-5.jpg?fit=550%2C825&amp;ssl=1\" decoding=\"async\" loading=\"lazy\" class=\"size-full wp-image-82689\" alt=\"Fashion Day In :: As flores de Lolitta\" src=\"https:\/\/i0.wp.com\/www.agrund.com\/wp-content\/uploads\/sites\/6\/2013\/09\/fashion-day-in-as-flores-de-lolitta-5.jpg?resize=550%2C825\" width=\"550\" height=\"825\" srcset=\"https:\/\/i0.wp.com\/agrund.com\/wp-content\/uploads\/sites\/6\/2013\/09\/fashion-day-in-as-flores-de-lolitta-5.jpg?w=550&amp;ssl=1 550w, https:\/\/i0.wp.com\/agrund.com\/wp-content\/uploads\/sites\/6\/2013\/09\/fashion-day-in-as-flores-de-lolitta-5.jpg?resize=200%2C300&amp;ssl=1 200w\" sizes=\"(max-width: 550px) 100vw, 550px\" data-recalc-dims=\"1\" \/><\/a><p id=\"caption-attachment-82689\" class=\"wp-caption-text\">Fashion Day In :: As flores de Lolitta<\/p><\/div>\n<div id=\"attachment_82690\" style=\"width: 560px\" class=\"wp-caption aligncenter\"><a href=\"https:\/\/i0.wp.com\/www.agrund.com\/wp-content\/uploads\/sites\/6\/2013\/09\/fashion-day-in-as-flores-de-lolitta-6.jpg\"><img aria-describedby=\"caption-attachment-82690\" data-attachment-id=\"82690\" data-permalink=\"https:\/\/agrund.com\/index.php\/fashion-day-in-as-flores-de-lolitta\/fashion-day-in-as-flores-de-lolitta-6\/\" data-orig-file=\"https:\/\/i0.wp.com\/agrund.com\/wp-content\/uploads\/sites\/6\/2013\/09\/fashion-day-in-as-flores-de-lolitta-6.jpg?fit=550%2C825&amp;ssl=1\" data-orig-size=\"550,825\" data-comments-opened=\"1\" data-image-meta=\"{&quot;aperture&quot;:&quot;0&quot;,&quot;credit&quot;:&quot;&quot;,&quot;camera&quot;:&quot;&quot;,&quot;caption&quot;:&quot;&quot;,&quot;created_timestamp&quot;:&quot;0&quot;,&quot;copyright&quot;:&quot;&quot;,&quot;focal_length&quot;:&quot;0&quot;,&quot;iso&quot;:&quot;0&quot;,&quot;shutter_speed&quot;:&quot;0&quot;,&quot;title&quot;:&quot;&quot;}\" data-image-title=\"fashion-day-in-as-flores-de-lolitta (6)\" data-image-description=\"\" data-image-caption=\"&lt;p&gt;Fashion Day In :: As flores de Lolitta&lt;\/p&gt;\n\" data-medium-file=\"https:\/\/i0.wp.com\/agrund.com\/wp-content\/uploads\/sites\/6\/2013\/09\/fashion-day-in-as-flores-de-lolitta-6.jpg?fit=200%2C300&amp;ssl=1\" data-large-file=\"https:\/\/i0.wp.com\/agrund.com\/wp-content\/uploads\/sites\/6\/2013\/09\/fashion-day-in-as-flores-de-lolitta-6.jpg?fit=550%2C825&amp;ssl=1\" decoding=\"async\" loading=\"lazy\" class=\"size-full wp-image-82690\" alt=\"Fashion Day In :: As flores de Lolitta\" src=\"https:\/\/i0.wp.com\/www.agrund.com\/wp-content\/uploads\/sites\/6\/2013\/09\/fashion-day-in-as-flores-de-lolitta-6.jpg?resize=550%2C825\" width=\"550\" height=\"825\" srcset=\"https:\/\/i0.wp.com\/agrund.com\/wp-content\/uploads\/sites\/6\/2013\/09\/fashion-day-in-as-flores-de-lolitta-6.jpg?w=550&amp;ssl=1 550w, https:\/\/i0.wp.com\/agrund.com\/wp-content\/uploads\/sites\/6\/2013\/09\/fashion-day-in-as-flores-de-lolitta-6.jpg?resize=200%2C300&amp;ssl=1 200w\" sizes=\"(max-width: 550px) 100vw, 550px\" data-recalc-dims=\"1\" \/><\/a><p id=\"caption-attachment-82690\" class=\"wp-caption-text\">Fashion Day In :: As flores de Lolitta<\/p><\/div>\n<div id=\"attachment_82691\" style=\"width: 560px\" class=\"wp-caption aligncenter\"><a href=\"https:\/\/i0.wp.com\/www.agrund.com\/wp-content\/uploads\/sites\/6\/2013\/09\/fashion-day-in-as-flores-de-lolitta-7.jpg\"><img aria-describedby=\"caption-attachment-82691\" data-attachment-id=\"82691\" data-permalink=\"https:\/\/agrund.com\/index.php\/fashion-day-in-as-flores-de-lolitta\/fashion-day-in-as-flores-de-lolitta-7\/\" data-orig-file=\"https:\/\/i0.wp.com\/agrund.com\/wp-content\/uploads\/sites\/6\/2013\/09\/fashion-day-in-as-flores-de-lolitta-7.jpg?fit=550%2C825&amp;ssl=1\" data-orig-size=\"550,825\" data-comments-opened=\"1\" data-image-meta=\"{&quot;aperture&quot;:&quot;0&quot;,&quot;credit&quot;:&quot;&quot;,&quot;camera&quot;:&quot;&quot;,&quot;caption&quot;:&quot;&quot;,&quot;created_timestamp&quot;:&quot;0&quot;,&quot;copyright&quot;:&quot;&quot;,&quot;focal_length&quot;:&quot;0&quot;,&quot;iso&quot;:&quot;0&quot;,&quot;shutter_speed&quot;:&quot;0&quot;,&quot;title&quot;:&quot;&quot;}\" data-image-title=\"fashion-day-in-as-flores-de-lolitta (7)\" data-image-description=\"\" data-image-caption=\"&lt;p&gt;Fashion Day In :: As flores de Lolitta&lt;\/p&gt;\n\" data-medium-file=\"https:\/\/i0.wp.com\/agrund.com\/wp-content\/uploads\/sites\/6\/2013\/09\/fashion-day-in-as-flores-de-lolitta-7.jpg?fit=200%2C300&amp;ssl=1\" data-large-file=\"https:\/\/i0.wp.com\/agrund.com\/wp-content\/uploads\/sites\/6\/2013\/09\/fashion-day-in-as-flores-de-lolitta-7.jpg?fit=550%2C825&amp;ssl=1\" decoding=\"async\" loading=\"lazy\" class=\"size-full wp-image-82691\" alt=\"Fashion Day In :: As flores de Lolitta\" src=\"https:\/\/i0.wp.com\/www.agrund.com\/wp-content\/uploads\/sites\/6\/2013\/09\/fashion-day-in-as-flores-de-lolitta-7.jpg?resize=550%2C825\" width=\"550\" height=\"825\" srcset=\"https:\/\/i0.wp.com\/agrund.com\/wp-content\/uploads\/sites\/6\/2013\/09\/fashion-day-in-as-flores-de-lolitta-7.jpg?w=550&amp;ssl=1 550w, https:\/\/i0.wp.com\/agrund.com\/wp-content\/uploads\/sites\/6\/2013\/09\/fashion-day-in-as-flores-de-lolitta-7.jpg?resize=200%2C300&amp;ssl=1 200w\" sizes=\"(max-width: 550px) 100vw, 550px\" data-recalc-dims=\"1\" \/><\/a><p id=\"caption-attachment-82691\" class=\"wp-caption-text\">Fashion Day In :: As flores de Lolitta<\/p><\/div>\n<div id=\"attachment_82692\" style=\"width: 560px\" class=\"wp-caption aligncenter\"><a href=\"https:\/\/i0.wp.com\/www.agrund.com\/wp-content\/uploads\/sites\/6\/2013\/09\/fashion-day-in-as-flores-de-lolitta-8.jpg\"><img aria-describedby=\"caption-attachment-82692\" data-attachment-id=\"82692\" data-permalink=\"https:\/\/agrund.com\/index.php\/fashion-day-in-as-flores-de-lolitta\/fashion-day-in-as-flores-de-lolitta-8\/\" data-orig-file=\"https:\/\/i0.wp.com\/agrund.com\/wp-content\/uploads\/sites\/6\/2013\/09\/fashion-day-in-as-flores-de-lolitta-8.jpg?fit=550%2C825&amp;ssl=1\" data-orig-size=\"550,825\" data-comments-opened=\"1\" data-image-meta=\"{&quot;aperture&quot;:&quot;0&quot;,&quot;credit&quot;:&quot;&quot;,&quot;camera&quot;:&quot;&quot;,&quot;caption&quot;:&quot;&quot;,&quot;created_timestamp&quot;:&quot;0&quot;,&quot;copyright&quot;:&quot;&quot;,&quot;focal_length&quot;:&quot;0&quot;,&quot;iso&quot;:&quot;0&quot;,&quot;shutter_speed&quot;:&quot;0&quot;,&quot;title&quot;:&quot;&quot;}\" data-image-title=\"fashion-day-in-as-flores-de-lolitta (8)\" data-image-description=\"\" data-image-caption=\"&lt;p&gt;Fashion Day In :: As flores de Lolitta&lt;\/p&gt;\n\" data-medium-file=\"https:\/\/i0.wp.com\/agrund.com\/wp-content\/uploads\/sites\/6\/2013\/09\/fashion-day-in-as-flores-de-lolitta-8.jpg?fit=200%2C300&amp;ssl=1\" data-large-file=\"https:\/\/i0.wp.com\/agrund.com\/wp-content\/uploads\/sites\/6\/2013\/09\/fashion-day-in-as-flores-de-lolitta-8.jpg?fit=550%2C825&amp;ssl=1\" decoding=\"async\" loading=\"lazy\" class=\"size-full wp-image-82692\" alt=\"Fashion Day In :: As flores de Lolitta\" src=\"https:\/\/i0.wp.com\/www.agrund.com\/wp-content\/uploads\/sites\/6\/2013\/09\/fashion-day-in-as-flores-de-lolitta-8.jpg?resize=550%2C825\" width=\"550\" height=\"825\" srcset=\"https:\/\/i0.wp.com\/agrund.com\/wp-content\/uploads\/sites\/6\/2013\/09\/fashion-day-in-as-flores-de-lolitta-8.jpg?w=550&amp;ssl=1 550w, https:\/\/i0.wp.com\/agrund.com\/wp-content\/uploads\/sites\/6\/2013\/09\/fashion-day-in-as-flores-de-lolitta-8.jpg?resize=200%2C300&amp;ssl=1 200w\" sizes=\"(max-width: 550px) 100vw, 550px\" data-recalc-dims=\"1\" \/><\/a><p id=\"caption-attachment-82692\" class=\"wp-caption-text\">Fashion Day In :: As flores de Lolitta<\/p><\/div>\n<div id=\"attachment_82693\" style=\"width: 560px\" class=\"wp-caption aligncenter\"><a href=\"https:\/\/i0.wp.com\/www.agrund.com\/wp-content\/uploads\/sites\/6\/2013\/09\/fashion-day-in-as-flores-de-lolitta-9.jpg\"><img aria-describedby=\"caption-attachment-82693\" data-attachment-id=\"82693\" data-permalink=\"https:\/\/agrund.com\/index.php\/fashion-day-in-as-flores-de-lolitta\/fashion-day-in-as-flores-de-lolitta-9\/\" data-orig-file=\"https:\/\/i0.wp.com\/agrund.com\/wp-content\/uploads\/sites\/6\/2013\/09\/fashion-day-in-as-flores-de-lolitta-9.jpg?fit=550%2C825&amp;ssl=1\" data-orig-size=\"550,825\" data-comments-opened=\"1\" data-image-meta=\"{&quot;aperture&quot;:&quot;0&quot;,&quot;credit&quot;:&quot;&quot;,&quot;camera&quot;:&quot;&quot;,&quot;caption&quot;:&quot;&quot;,&quot;created_timestamp&quot;:&quot;0&quot;,&quot;copyright&quot;:&quot;&quot;,&quot;focal_length&quot;:&quot;0&quot;,&quot;iso&quot;:&quot;0&quot;,&quot;shutter_speed&quot;:&quot;0&quot;,&quot;title&quot;:&quot;&quot;}\" data-image-title=\"fashion-day-in-as-flores-de-lolitta (9)\" data-image-description=\"\" data-image-caption=\"&lt;p&gt;Fashion Day In :: As flores de Lolitta&lt;\/p&gt;\n\" data-medium-file=\"https:\/\/i0.wp.com\/agrund.com\/wp-content\/uploads\/sites\/6\/2013\/09\/fashion-day-in-as-flores-de-lolitta-9.jpg?fit=200%2C300&amp;ssl=1\" data-large-file=\"https:\/\/i0.wp.com\/agrund.com\/wp-content\/uploads\/sites\/6\/2013\/09\/fashion-day-in-as-flores-de-lolitta-9.jpg?fit=550%2C825&amp;ssl=1\" decoding=\"async\" loading=\"lazy\" class=\"size-full wp-image-82693\" alt=\"Fashion Day In :: As flores de Lolitta\" src=\"https:\/\/i0.wp.com\/www.agrund.com\/wp-content\/uploads\/sites\/6\/2013\/09\/fashion-day-in-as-flores-de-lolitta-9.jpg?resize=550%2C825\" width=\"550\" height=\"825\" srcset=\"https:\/\/i0.wp.com\/agrund.com\/wp-content\/uploads\/sites\/6\/2013\/09\/fashion-day-in-as-flores-de-lolitta-9.jpg?w=550&amp;ssl=1 550w, https:\/\/i0.wp.com\/agrund.com\/wp-content\/uploads\/sites\/6\/2013\/09\/fashion-day-in-as-flores-de-lolitta-9.jpg?resize=200%2C300&amp;ssl=1 200w\" sizes=\"(max-width: 550px) 100vw, 550px\" data-recalc-dims=\"1\" \/><\/a><p id=\"caption-attachment-82693\" class=\"wp-caption-text\">Fashion Day In :: As flores de Lolitta<\/p><\/div>\n<p>Imagens: Murilo Mahler<\/p>\n","protected":false},"excerpt":{"rendered":"<p>Por Vin\u00edcius Guidini Imagine um jardim parisiense com tulipas, rosas e cam\u00e9lias &#8211; esse foi o conceito da cole\u00e7\u00e3o de primavera-ver\u00e3o 2013\/14 da Lolitta apresentada durante o Fashion Day In. Croch\u00eas e tric\u00f4s buscam fazer refer\u00eancias \u00e0s flores junto da cartela de cores rom\u00e2ntica com rosas e laranjas, enquanto que as famosas bandagens da marca [&hellip;]<\/p>\n","protected":false},"author":1,"featured_media":82694,"comment_status":"open","ping_status":"open","sticky":false,"template":"","format":"standard","meta":{"jetpack_post_was_ever_published":false,"_jetpack_newsletter_access":"","jetpack_publicize_message":"","jetpack_is_tweetstorm":false,"jetpack_publicize_feature_enabled":true,"jetpack_social_post_already_shared":true,"jetpack_social_options":{"image_generator_settings":{"template":"highway","enabled":false}}},"categories":[9,6],"tags":[],"jetpack_publicize_connections":[],"jetpack_featured_media_url":"https:\/\/i0.wp.com\/agrund.com\/wp-content\/uploads\/sites\/6\/2013\/09\/slidelolita.jpg?fit=960%2C300&ssl=1","jetpack_sharing_enabled":true,"jetpack_shortlink":"https:\/\/wp.me\/p3Hz0n-lvC","jetpack_likes_enabled":true,"_links":{"self":[{"href":"https:\/\/agrund.com\/index.php\/wp-json\/wp\/v2\/posts\/82684"}],"collection":[{"href":"https:\/\/agrund.com\/index.php\/wp-json\/wp\/v2\/posts"}],"about":[{"href":"https:\/\/agrund.com\/index.php\/wp-json\/wp\/v2\/types\/post"}],"author":[{"embeddable":true,"href":"https:\/\/agrund.com\/index.php\/wp-json\/wp\/v2\/users\/1"}],"replies":[{"embeddable":true,"href":"https:\/\/agrund.com\/index.php\/wp-json\/wp\/v2\/comments?post=82684"}],"version-history":[{"count":0,"href":"https:\/\/agrund.com\/index.php\/wp-json\/wp\/v2\/posts\/82684\/revisions"}],"wp:featuredmedia":[{"embeddable":true,"href":"https:\/\/agrund.com\/index.php\/wp-json\/wp\/v2\/media\/82694"}],"wp:attachment":[{"href":"https:\/\/agrund.com\/index.php\/wp-json\/wp\/v2\/media?parent=82684"}],"wp:term":[{"taxonomy":"category","embeddable":true,"href":"https:\/\/agrund.com\/index.php\/wp-json\/wp\/v2\/categories?post=82684"},{"taxonomy":"post_tag","embeddable":true,"href":"https:\/\/agrund.com\/index.php\/wp-json\/wp\/v2\/tags?post=82684"}],"curies":[{"name":"wp","href":"https:\/\/api.w.org\/{rel}","templated":true}]}}