{"id":82664,"date":"2013-09-02T12:30:03","date_gmt":"2013-09-02T15:30:03","guid":{"rendered":"http:\/\/www.agrund.com\/?p=82664"},"modified":"2013-09-02T11:28:53","modified_gmt":"2013-09-02T14:28:53","slug":"fashion-day-in-o-que-rolou-na-edicao-de-primavera-verao-201314","status":"publish","type":"post","link":"https:\/\/agrund.com\/index.php\/fashion-day-in-o-que-rolou-na-edicao-de-primavera-verao-201314\/","title":{"rendered":"Fashion Day In:: O que rolou na edi\u00e7\u00e3o de primavera-ver\u00e3o 2013\/14"},"content":{"rendered":"<p>Por Vin\u00edcius Guidini<br \/>\nA quinta edi\u00e7\u00e3o do Fashion Day In aconteceu no s\u00e1bado (31) no Mube, em S\u00e3o Paulo. Organizado pelas s\u00f3cias Carolina Mac\u00e9a e Francesca Monfrinatti, o evento teve como tema um Ver\u00e3o na Bahia e apresentou as cole\u00e7\u00f5es de primavera-ver\u00e3o 2013\/14 da Noir, Le Lis, Lolitta, Amir Slama e Marc by Marc Jacobs.<\/p>\n<p>Al\u00e9m dos desfiles, o evento tamb\u00e9m contou com lounges de marcas de v\u00e1rios segmentos como a Schutz, a Uni e a Lace, especializada em tratamentos naturais para os cabelos. Confira mais do Fashion Day In na galeria.<\/p>\n<div id=\"attachment_82665\" style=\"width: 560px\" class=\"wp-caption aligncenter\"><a href=\"https:\/\/i0.wp.com\/www.agrund.com\/wp-content\/uploads\/sites\/6\/2013\/09\/fashion-day-in-o-que-rolou-na-edicao-de-primavera-verao-201314-1.jpg\"><img aria-describedby=\"caption-attachment-82665\" data-attachment-id=\"82665\" data-permalink=\"https:\/\/agrund.com\/index.php\/fashion-day-in-o-que-rolou-na-edicao-de-primavera-verao-201314\/fashion-day-in-o-que-rolou-na-edicao-de-primavera-verao-201314-1\/\" data-orig-file=\"https:\/\/i0.wp.com\/agrund.com\/wp-content\/uploads\/sites\/6\/2013\/09\/fashion-day-in-o-que-rolou-na-edicao-de-primavera-verao-201314-1.jpg?fit=550%2C825&amp;ssl=1\" data-orig-size=\"550,825\" data-comments-opened=\"1\" data-image-meta=\"{&quot;aperture&quot;:&quot;0&quot;,&quot;credit&quot;:&quot;&quot;,&quot;camera&quot;:&quot;&quot;,&quot;caption&quot;:&quot;&quot;,&quot;created_timestamp&quot;:&quot;0&quot;,&quot;copyright&quot;:&quot;&quot;,&quot;focal_length&quot;:&quot;0&quot;,&quot;iso&quot;:&quot;0&quot;,&quot;shutter_speed&quot;:&quot;0&quot;,&quot;title&quot;:&quot;&quot;}\" data-image-title=\"fashion-day-in-o-que-rolou-na-edicao-de-primavera-verao-201314 (1)\" data-image-description=\"\" data-image-caption=\"&lt;p&gt;Fashion Day In:: O que rolou na edi\u00e7\u00e3o de primavera-ver\u00e3o 2013\/14&lt;\/p&gt;\n\" data-medium-file=\"https:\/\/i0.wp.com\/agrund.com\/wp-content\/uploads\/sites\/6\/2013\/09\/fashion-day-in-o-que-rolou-na-edicao-de-primavera-verao-201314-1.jpg?fit=200%2C300&amp;ssl=1\" data-large-file=\"https:\/\/i0.wp.com\/agrund.com\/wp-content\/uploads\/sites\/6\/2013\/09\/fashion-day-in-o-que-rolou-na-edicao-de-primavera-verao-201314-1.jpg?fit=550%2C825&amp;ssl=1\" decoding=\"async\" loading=\"lazy\" class=\"size-full wp-image-82665\" alt=\"Fashion Day In:: O que rolou na edi\u00e7\u00e3o de primavera-ver\u00e3o 2013\/14\" src=\"https:\/\/i0.wp.com\/www.agrund.com\/wp-content\/uploads\/sites\/6\/2013\/09\/fashion-day-in-o-que-rolou-na-edicao-de-primavera-verao-201314-1.jpg?resize=550%2C825\" width=\"550\" height=\"825\" srcset=\"https:\/\/i0.wp.com\/agrund.com\/wp-content\/uploads\/sites\/6\/2013\/09\/fashion-day-in-o-que-rolou-na-edicao-de-primavera-verao-201314-1.jpg?w=550&amp;ssl=1 550w, https:\/\/i0.wp.com\/agrund.com\/wp-content\/uploads\/sites\/6\/2013\/09\/fashion-day-in-o-que-rolou-na-edicao-de-primavera-verao-201314-1.jpg?resize=200%2C300&amp;ssl=1 200w\" sizes=\"(max-width: 550px) 100vw, 550px\" data-recalc-dims=\"1\" \/><\/a><p id=\"caption-attachment-82665\" class=\"wp-caption-text\">Fashion Day In:: O que rolou na edi\u00e7\u00e3o de primavera-ver\u00e3o 2013\/14<\/p><\/div>\n<div id=\"attachment_82666\" style=\"width: 560px\" class=\"wp-caption aligncenter\"><a href=\"https:\/\/i0.wp.com\/www.agrund.com\/wp-content\/uploads\/sites\/6\/2013\/09\/fashion-day-in-o-que-rolou-na-edicao-de-primavera-verao-201314-2.jpg\"><img aria-describedby=\"caption-attachment-82666\" data-attachment-id=\"82666\" data-permalink=\"https:\/\/agrund.com\/index.php\/fashion-day-in-o-que-rolou-na-edicao-de-primavera-verao-201314\/fashion-day-in-o-que-rolou-na-edicao-de-primavera-verao-201314-2\/\" data-orig-file=\"https:\/\/i0.wp.com\/agrund.com\/wp-content\/uploads\/sites\/6\/2013\/09\/fashion-day-in-o-que-rolou-na-edicao-de-primavera-verao-201314-2.jpg?fit=550%2C367&amp;ssl=1\" data-orig-size=\"550,367\" data-comments-opened=\"1\" data-image-meta=\"{&quot;aperture&quot;:&quot;0&quot;,&quot;credit&quot;:&quot;&quot;,&quot;camera&quot;:&quot;&quot;,&quot;caption&quot;:&quot;&quot;,&quot;created_timestamp&quot;:&quot;0&quot;,&quot;copyright&quot;:&quot;&quot;,&quot;focal_length&quot;:&quot;0&quot;,&quot;iso&quot;:&quot;0&quot;,&quot;shutter_speed&quot;:&quot;0&quot;,&quot;title&quot;:&quot;&quot;}\" data-image-title=\"fashion-day-in-o-que-rolou-na-edicao-de-primavera-verao-201314 (2)\" data-image-description=\"\" data-image-caption=\"&lt;p&gt;Fashion Day In:: O que rolou na edi\u00e7\u00e3o de primavera-ver\u00e3o 2013\/14&lt;\/p&gt;\n\" data-medium-file=\"https:\/\/i0.wp.com\/agrund.com\/wp-content\/uploads\/sites\/6\/2013\/09\/fashion-day-in-o-que-rolou-na-edicao-de-primavera-verao-201314-2.jpg?fit=300%2C200&amp;ssl=1\" data-large-file=\"https:\/\/i0.wp.com\/agrund.com\/wp-content\/uploads\/sites\/6\/2013\/09\/fashion-day-in-o-que-rolou-na-edicao-de-primavera-verao-201314-2.jpg?fit=550%2C367&amp;ssl=1\" decoding=\"async\" loading=\"lazy\" class=\"size-full wp-image-82666\" alt=\"Fashion Day In:: O que rolou na edi\u00e7\u00e3o de primavera-ver\u00e3o 2013\/14\" src=\"https:\/\/i0.wp.com\/www.agrund.com\/wp-content\/uploads\/sites\/6\/2013\/09\/fashion-day-in-o-que-rolou-na-edicao-de-primavera-verao-201314-2.jpg?resize=550%2C367\" width=\"550\" height=\"367\" srcset=\"https:\/\/i0.wp.com\/agrund.com\/wp-content\/uploads\/sites\/6\/2013\/09\/fashion-day-in-o-que-rolou-na-edicao-de-primavera-verao-201314-2.jpg?w=550&amp;ssl=1 550w, https:\/\/i0.wp.com\/agrund.com\/wp-content\/uploads\/sites\/6\/2013\/09\/fashion-day-in-o-que-rolou-na-edicao-de-primavera-verao-201314-2.jpg?resize=300%2C200&amp;ssl=1 300w\" sizes=\"(max-width: 550px) 100vw, 550px\" data-recalc-dims=\"1\" \/><\/a><p id=\"caption-attachment-82666\" class=\"wp-caption-text\">Fashion Day In:: O que rolou na edi\u00e7\u00e3o de primavera-ver\u00e3o 2013\/14<\/p><\/div>\n<div id=\"attachment_82667\" style=\"width: 560px\" class=\"wp-caption aligncenter\"><a href=\"https:\/\/i0.wp.com\/www.agrund.com\/wp-content\/uploads\/sites\/6\/2013\/09\/fashion-day-in-o-que-rolou-na-edicao-de-primavera-verao-201314-3.jpg\"><img aria-describedby=\"caption-attachment-82667\" data-attachment-id=\"82667\" data-permalink=\"https:\/\/agrund.com\/index.php\/fashion-day-in-o-que-rolou-na-edicao-de-primavera-verao-201314\/fashion-day-in-o-que-rolou-na-edicao-de-primavera-verao-201314-3\/\" data-orig-file=\"https:\/\/i0.wp.com\/agrund.com\/wp-content\/uploads\/sites\/6\/2013\/09\/fashion-day-in-o-que-rolou-na-edicao-de-primavera-verao-201314-3.jpg?fit=550%2C367&amp;ssl=1\" data-orig-size=\"550,367\" data-comments-opened=\"1\" data-image-meta=\"{&quot;aperture&quot;:&quot;0&quot;,&quot;credit&quot;:&quot;&quot;,&quot;camera&quot;:&quot;&quot;,&quot;caption&quot;:&quot;&quot;,&quot;created_timestamp&quot;:&quot;0&quot;,&quot;copyright&quot;:&quot;&quot;,&quot;focal_length&quot;:&quot;0&quot;,&quot;iso&quot;:&quot;0&quot;,&quot;shutter_speed&quot;:&quot;0&quot;,&quot;title&quot;:&quot;&quot;}\" data-image-title=\"fashion-day-in-o-que-rolou-na-edicao-de-primavera-verao-201314 (3)\" data-image-description=\"\" data-image-caption=\"&lt;p&gt;Fashion Day In:: O que rolou na edi\u00e7\u00e3o de primavera-ver\u00e3o 2013\/14&lt;\/p&gt;\n\" data-medium-file=\"https:\/\/i0.wp.com\/agrund.com\/wp-content\/uploads\/sites\/6\/2013\/09\/fashion-day-in-o-que-rolou-na-edicao-de-primavera-verao-201314-3.jpg?fit=300%2C200&amp;ssl=1\" data-large-file=\"https:\/\/i0.wp.com\/agrund.com\/wp-content\/uploads\/sites\/6\/2013\/09\/fashion-day-in-o-que-rolou-na-edicao-de-primavera-verao-201314-3.jpg?fit=550%2C367&amp;ssl=1\" decoding=\"async\" loading=\"lazy\" class=\"size-full wp-image-82667\" alt=\"Fashion Day In:: O que rolou na edi\u00e7\u00e3o de primavera-ver\u00e3o 2013\/14\" src=\"https:\/\/i0.wp.com\/www.agrund.com\/wp-content\/uploads\/sites\/6\/2013\/09\/fashion-day-in-o-que-rolou-na-edicao-de-primavera-verao-201314-3.jpg?resize=550%2C367\" width=\"550\" height=\"367\" srcset=\"https:\/\/i0.wp.com\/agrund.com\/wp-content\/uploads\/sites\/6\/2013\/09\/fashion-day-in-o-que-rolou-na-edicao-de-primavera-verao-201314-3.jpg?w=550&amp;ssl=1 550w, https:\/\/i0.wp.com\/agrund.com\/wp-content\/uploads\/sites\/6\/2013\/09\/fashion-day-in-o-que-rolou-na-edicao-de-primavera-verao-201314-3.jpg?resize=300%2C200&amp;ssl=1 300w\" sizes=\"(max-width: 550px) 100vw, 550px\" data-recalc-dims=\"1\" \/><\/a><p id=\"caption-attachment-82667\" class=\"wp-caption-text\">Fashion Day In:: O que rolou na edi\u00e7\u00e3o de primavera-ver\u00e3o 2013\/14<\/p><\/div>\n<div id=\"attachment_82668\" style=\"width: 560px\" class=\"wp-caption aligncenter\"><a href=\"https:\/\/i0.wp.com\/www.agrund.com\/wp-content\/uploads\/sites\/6\/2013\/09\/fashion-day-in-o-que-rolou-na-edicao-de-primavera-verao-201314-4.jpg\"><img aria-describedby=\"caption-attachment-82668\" data-attachment-id=\"82668\" data-permalink=\"https:\/\/agrund.com\/index.php\/fashion-day-in-o-que-rolou-na-edicao-de-primavera-verao-201314\/fashion-day-in-o-que-rolou-na-edicao-de-primavera-verao-201314-4\/\" data-orig-file=\"https:\/\/i0.wp.com\/agrund.com\/wp-content\/uploads\/sites\/6\/2013\/09\/fashion-day-in-o-que-rolou-na-edicao-de-primavera-verao-201314-4.jpg?fit=550%2C367&amp;ssl=1\" data-orig-size=\"550,367\" data-comments-opened=\"1\" data-image-meta=\"{&quot;aperture&quot;:&quot;0&quot;,&quot;credit&quot;:&quot;&quot;,&quot;camera&quot;:&quot;&quot;,&quot;caption&quot;:&quot;&quot;,&quot;created_timestamp&quot;:&quot;0&quot;,&quot;copyright&quot;:&quot;&quot;,&quot;focal_length&quot;:&quot;0&quot;,&quot;iso&quot;:&quot;0&quot;,&quot;shutter_speed&quot;:&quot;0&quot;,&quot;title&quot;:&quot;&quot;}\" data-image-title=\"fashion-day-in-o-que-rolou-na-edicao-de-primavera-verao-201314 (4)\" data-image-description=\"\" data-image-caption=\"&lt;p&gt;Fashion Day In:: O que rolou na edi\u00e7\u00e3o de primavera-ver\u00e3o 2013\/14&lt;\/p&gt;\n\" data-medium-file=\"https:\/\/i0.wp.com\/agrund.com\/wp-content\/uploads\/sites\/6\/2013\/09\/fashion-day-in-o-que-rolou-na-edicao-de-primavera-verao-201314-4.jpg?fit=300%2C200&amp;ssl=1\" data-large-file=\"https:\/\/i0.wp.com\/agrund.com\/wp-content\/uploads\/sites\/6\/2013\/09\/fashion-day-in-o-que-rolou-na-edicao-de-primavera-verao-201314-4.jpg?fit=550%2C367&amp;ssl=1\" decoding=\"async\" loading=\"lazy\" class=\"size-full wp-image-82668\" alt=\"Fashion Day In:: O que rolou na edi\u00e7\u00e3o de primavera-ver\u00e3o 2013\/14\" src=\"https:\/\/i0.wp.com\/www.agrund.com\/wp-content\/uploads\/sites\/6\/2013\/09\/fashion-day-in-o-que-rolou-na-edicao-de-primavera-verao-201314-4.jpg?resize=550%2C367\" width=\"550\" height=\"367\" srcset=\"https:\/\/i0.wp.com\/agrund.com\/wp-content\/uploads\/sites\/6\/2013\/09\/fashion-day-in-o-que-rolou-na-edicao-de-primavera-verao-201314-4.jpg?w=550&amp;ssl=1 550w, https:\/\/i0.wp.com\/agrund.com\/wp-content\/uploads\/sites\/6\/2013\/09\/fashion-day-in-o-que-rolou-na-edicao-de-primavera-verao-201314-4.jpg?resize=300%2C200&amp;ssl=1 300w\" sizes=\"(max-width: 550px) 100vw, 550px\" data-recalc-dims=\"1\" \/><\/a><p id=\"caption-attachment-82668\" class=\"wp-caption-text\">Fashion Day In:: O que rolou na edi\u00e7\u00e3o de primavera-ver\u00e3o 2013\/14<\/p><\/div>\n<p>Imagens: Murilo Mahler<\/p>\n","protected":false},"excerpt":{"rendered":"<p>Por Vin\u00edcius Guidini A quinta edi\u00e7\u00e3o do Fashion Day In aconteceu no s\u00e1bado (31) no Mube, em S\u00e3o Paulo. Organizado pelas s\u00f3cias Carolina Mac\u00e9a e Francesca Monfrinatti, o evento teve como tema um Ver\u00e3o na Bahia e apresentou as cole\u00e7\u00f5es de primavera-ver\u00e3o 2013\/14 da Noir, Le Lis, Lolitta, Amir Slama e Marc by Marc Jacobs. [&hellip;]<\/p>\n","protected":false},"author":1,"featured_media":82669,"comment_status":"open","ping_status":"open","sticky":false,"template":"","format":"standard","meta":{"jetpack_post_was_ever_published":false,"_jetpack_newsletter_access":"","jetpack_publicize_message":"","jetpack_is_tweetstorm":false,"jetpack_publicize_feature_enabled":true,"jetpack_social_post_already_shared":true,"jetpack_social_options":{"image_generator_settings":{"template":"highway","enabled":false}}},"categories":[9,6],"tags":[],"jetpack_publicize_connections":[],"jetpack_featured_media_url":"https:\/\/i0.wp.com\/agrund.com\/wp-content\/uploads\/sites\/6\/2013\/09\/slide3.jpg?fit=960%2C300&ssl=1","jetpack_sharing_enabled":true,"jetpack_shortlink":"https:\/\/wp.me\/p3Hz0n-lvi","jetpack_likes_enabled":true,"_links":{"self":[{"href":"https:\/\/agrund.com\/index.php\/wp-json\/wp\/v2\/posts\/82664"}],"collection":[{"href":"https:\/\/agrund.com\/index.php\/wp-json\/wp\/v2\/posts"}],"about":[{"href":"https:\/\/agrund.com\/index.php\/wp-json\/wp\/v2\/types\/post"}],"author":[{"embeddable":true,"href":"https:\/\/agrund.com\/index.php\/wp-json\/wp\/v2\/users\/1"}],"replies":[{"embeddable":true,"href":"https:\/\/agrund.com\/index.php\/wp-json\/wp\/v2\/comments?post=82664"}],"version-history":[{"count":0,"href":"https:\/\/agrund.com\/index.php\/wp-json\/wp\/v2\/posts\/82664\/revisions"}],"wp:featuredmedia":[{"embeddable":true,"href":"https:\/\/agrund.com\/index.php\/wp-json\/wp\/v2\/media\/82669"}],"wp:attachment":[{"href":"https:\/\/agrund.com\/index.php\/wp-json\/wp\/v2\/media?parent=82664"}],"wp:term":[{"taxonomy":"category","embeddable":true,"href":"https:\/\/agrund.com\/index.php\/wp-json\/wp\/v2\/categories?post=82664"},{"taxonomy":"post_tag","embeddable":true,"href":"https:\/\/agrund.com\/index.php\/wp-json\/wp\/v2\/tags?post=82664"}],"curies":[{"name":"wp","href":"https:\/\/api.w.org\/{rel}","templated":true}]}}