{"id":82641,"date":"2013-09-02T11:30:17","date_gmt":"2013-09-02T14:30:17","guid":{"rendered":"http:\/\/www.agrund.com\/?p=82641"},"modified":"2013-09-02T10:39:11","modified_gmt":"2013-09-02T13:39:11","slug":"fashion-day-in-a-primavera-verao-201314-da-noir-le-lis","status":"publish","type":"post","link":"https:\/\/agrund.com\/index.php\/fashion-day-in-a-primavera-verao-201314-da-noir-le-lis\/","title":{"rendered":"Fashion Day In:: A primavera-ver\u00e3o 2013\/14 da Noir, Le Lis"},"content":{"rendered":"<p>Por Vin\u00edcius Guidini<\/p>\n<p>A Noir, Le Lis, marca masculina do grupo Le Lis Blanc, desfilou sua cole\u00e7\u00e3o de primavera-ver\u00e3o 2013\/14 durante o Fashion Day In. Inspirada na \u00cdndia, a Noir mostrou pe\u00e7as em tecidos casuais e leves como o algod\u00e3o e o linho, al\u00e9m de uma alfaiataria confort\u00e1vel para um homem cl\u00e1ssico com uma ess\u00eancia fashion.<\/p>\n<p>O destaque fica para as estampas \u00e9tnicas, blazers em piqu\u00ea, looks com refer\u00eancias militares e shorts casuais com estampas geom\u00e9tricas com visual gravata e pijama, al\u00e9m das j\u00e1 tradicionais estampas Liberty originais e da cole\u00e7\u00e3o infantil &#8211; a Noir Petit, que chegou \u00e0s lojas h\u00e1 um m\u00eas com roupas que seguem o estilo das pe\u00e7as adultas.<\/p>\n<p>Veja mais da cole\u00e7\u00e3o na galeria!<\/p>\n<div id=\"attachment_82642\" style=\"width: 560px\" class=\"wp-caption aligncenter\"><a href=\"https:\/\/i0.wp.com\/www.agrund.com\/wp-content\/uploads\/sites\/6\/2013\/09\/fashion-day-in-a-primavera-verao-201314-da-noir-le-lis-1.jpg\"><img aria-describedby=\"caption-attachment-82642\" data-attachment-id=\"82642\" data-permalink=\"https:\/\/agrund.com\/index.php\/fashion-day-in-a-primavera-verao-201314-da-noir-le-lis\/fashion-day-in-a-primavera-verao-201314-da-noir-le-lis-1\/\" data-orig-file=\"https:\/\/i0.wp.com\/agrund.com\/wp-content\/uploads\/sites\/6\/2013\/09\/fashion-day-in-a-primavera-verao-201314-da-noir-le-lis-1.jpg?fit=550%2C825&amp;ssl=1\" data-orig-size=\"550,825\" data-comments-opened=\"1\" data-image-meta=\"{&quot;aperture&quot;:&quot;0&quot;,&quot;credit&quot;:&quot;&quot;,&quot;camera&quot;:&quot;&quot;,&quot;caption&quot;:&quot;&quot;,&quot;created_timestamp&quot;:&quot;0&quot;,&quot;copyright&quot;:&quot;&quot;,&quot;focal_length&quot;:&quot;0&quot;,&quot;iso&quot;:&quot;0&quot;,&quot;shutter_speed&quot;:&quot;0&quot;,&quot;title&quot;:&quot;&quot;}\" data-image-title=\"fashion-day-in-a-primavera-verao-201314-da-noir-le-lis (1)\" data-image-description=\"\" data-image-caption=\"&lt;p&gt;Fashion Day In:: A primavera-ver\u00e3o 2013\/14 da Noir, Le Lis&lt;\/p&gt;\n\" data-medium-file=\"https:\/\/i0.wp.com\/agrund.com\/wp-content\/uploads\/sites\/6\/2013\/09\/fashion-day-in-a-primavera-verao-201314-da-noir-le-lis-1.jpg?fit=200%2C300&amp;ssl=1\" data-large-file=\"https:\/\/i0.wp.com\/agrund.com\/wp-content\/uploads\/sites\/6\/2013\/09\/fashion-day-in-a-primavera-verao-201314-da-noir-le-lis-1.jpg?fit=550%2C825&amp;ssl=1\" decoding=\"async\" loading=\"lazy\" class=\"size-full wp-image-82642\" alt=\"Fashion Day In:: A primavera-ver\u00e3o 2013\/14 da Noir, Le Lis\" src=\"https:\/\/i0.wp.com\/www.agrund.com\/wp-content\/uploads\/sites\/6\/2013\/09\/fashion-day-in-a-primavera-verao-201314-da-noir-le-lis-1.jpg?resize=550%2C825\" width=\"550\" height=\"825\" srcset=\"https:\/\/i0.wp.com\/agrund.com\/wp-content\/uploads\/sites\/6\/2013\/09\/fashion-day-in-a-primavera-verao-201314-da-noir-le-lis-1.jpg?w=550&amp;ssl=1 550w, https:\/\/i0.wp.com\/agrund.com\/wp-content\/uploads\/sites\/6\/2013\/09\/fashion-day-in-a-primavera-verao-201314-da-noir-le-lis-1.jpg?resize=200%2C300&amp;ssl=1 200w\" sizes=\"(max-width: 550px) 100vw, 550px\" data-recalc-dims=\"1\" \/><\/a><p id=\"caption-attachment-82642\" class=\"wp-caption-text\">Fashion Day In:: A primavera-ver\u00e3o 2013\/14 da Noir, Le Lis<\/p><\/div>\n<div id=\"attachment_82643\" style=\"width: 560px\" class=\"wp-caption aligncenter\"><a href=\"https:\/\/i0.wp.com\/www.agrund.com\/wp-content\/uploads\/sites\/6\/2013\/09\/fashion-day-in-a-primavera-verao-201314-da-noir-le-lis-2.jpg\"><img aria-describedby=\"caption-attachment-82643\" data-attachment-id=\"82643\" data-permalink=\"https:\/\/agrund.com\/index.php\/fashion-day-in-a-primavera-verao-201314-da-noir-le-lis\/fashion-day-in-a-primavera-verao-201314-da-noir-le-lis-2\/\" data-orig-file=\"https:\/\/i0.wp.com\/agrund.com\/wp-content\/uploads\/sites\/6\/2013\/09\/fashion-day-in-a-primavera-verao-201314-da-noir-le-lis-2.jpg?fit=550%2C825&amp;ssl=1\" data-orig-size=\"550,825\" data-comments-opened=\"1\" data-image-meta=\"{&quot;aperture&quot;:&quot;0&quot;,&quot;credit&quot;:&quot;&quot;,&quot;camera&quot;:&quot;&quot;,&quot;caption&quot;:&quot;&quot;,&quot;created_timestamp&quot;:&quot;0&quot;,&quot;copyright&quot;:&quot;&quot;,&quot;focal_length&quot;:&quot;0&quot;,&quot;iso&quot;:&quot;0&quot;,&quot;shutter_speed&quot;:&quot;0&quot;,&quot;title&quot;:&quot;&quot;}\" data-image-title=\"fashion-day-in-a-primavera-verao-201314-da-noir-le-lis (2)\" data-image-description=\"\" data-image-caption=\"&lt;p&gt;Fashion Day In:: A primavera-ver\u00e3o 2013\/14 da Noir, Le Lis&lt;\/p&gt;\n\" data-medium-file=\"https:\/\/i0.wp.com\/agrund.com\/wp-content\/uploads\/sites\/6\/2013\/09\/fashion-day-in-a-primavera-verao-201314-da-noir-le-lis-2.jpg?fit=200%2C300&amp;ssl=1\" data-large-file=\"https:\/\/i0.wp.com\/agrund.com\/wp-content\/uploads\/sites\/6\/2013\/09\/fashion-day-in-a-primavera-verao-201314-da-noir-le-lis-2.jpg?fit=550%2C825&amp;ssl=1\" decoding=\"async\" loading=\"lazy\" class=\"size-full wp-image-82643\" alt=\"Fashion Day In:: A primavera-ver\u00e3o 2013\/14 da Noir, Le Lis\" src=\"https:\/\/i0.wp.com\/www.agrund.com\/wp-content\/uploads\/sites\/6\/2013\/09\/fashion-day-in-a-primavera-verao-201314-da-noir-le-lis-2.jpg?resize=550%2C825\" width=\"550\" height=\"825\" srcset=\"https:\/\/i0.wp.com\/agrund.com\/wp-content\/uploads\/sites\/6\/2013\/09\/fashion-day-in-a-primavera-verao-201314-da-noir-le-lis-2.jpg?w=550&amp;ssl=1 550w, https:\/\/i0.wp.com\/agrund.com\/wp-content\/uploads\/sites\/6\/2013\/09\/fashion-day-in-a-primavera-verao-201314-da-noir-le-lis-2.jpg?resize=200%2C300&amp;ssl=1 200w\" sizes=\"(max-width: 550px) 100vw, 550px\" data-recalc-dims=\"1\" \/><\/a><p id=\"caption-attachment-82643\" class=\"wp-caption-text\">Fashion Day In:: A primavera-ver\u00e3o 2013\/14 da Noir, Le Lis<\/p><\/div>\n<div id=\"attachment_82644\" style=\"width: 560px\" class=\"wp-caption aligncenter\"><a href=\"https:\/\/i0.wp.com\/www.agrund.com\/wp-content\/uploads\/sites\/6\/2013\/09\/fashion-day-in-a-primavera-verao-201314-da-noir-le-lis-3.jpg\"><img aria-describedby=\"caption-attachment-82644\" data-attachment-id=\"82644\" data-permalink=\"https:\/\/agrund.com\/index.php\/fashion-day-in-a-primavera-verao-201314-da-noir-le-lis\/fashion-day-in-a-primavera-verao-201314-da-noir-le-lis-3\/\" data-orig-file=\"https:\/\/i0.wp.com\/agrund.com\/wp-content\/uploads\/sites\/6\/2013\/09\/fashion-day-in-a-primavera-verao-201314-da-noir-le-lis-3.jpg?fit=550%2C825&amp;ssl=1\" data-orig-size=\"550,825\" data-comments-opened=\"1\" data-image-meta=\"{&quot;aperture&quot;:&quot;0&quot;,&quot;credit&quot;:&quot;&quot;,&quot;camera&quot;:&quot;&quot;,&quot;caption&quot;:&quot;&quot;,&quot;created_timestamp&quot;:&quot;0&quot;,&quot;copyright&quot;:&quot;&quot;,&quot;focal_length&quot;:&quot;0&quot;,&quot;iso&quot;:&quot;0&quot;,&quot;shutter_speed&quot;:&quot;0&quot;,&quot;title&quot;:&quot;&quot;}\" data-image-title=\"fashion-day-in-a-primavera-verao-201314-da-noir-le-lis (3)\" data-image-description=\"\" data-image-caption=\"&lt;p&gt;Fashion Day In:: A primavera-ver\u00e3o 2013\/14 da Noir, Le Lis&lt;\/p&gt;\n\" data-medium-file=\"https:\/\/i0.wp.com\/agrund.com\/wp-content\/uploads\/sites\/6\/2013\/09\/fashion-day-in-a-primavera-verao-201314-da-noir-le-lis-3.jpg?fit=200%2C300&amp;ssl=1\" data-large-file=\"https:\/\/i0.wp.com\/agrund.com\/wp-content\/uploads\/sites\/6\/2013\/09\/fashion-day-in-a-primavera-verao-201314-da-noir-le-lis-3.jpg?fit=550%2C825&amp;ssl=1\" decoding=\"async\" loading=\"lazy\" class=\"size-full wp-image-82644\" alt=\"Fashion Day In:: A primavera-ver\u00e3o 2013\/14 da Noir, Le Lis\" src=\"https:\/\/i0.wp.com\/www.agrund.com\/wp-content\/uploads\/sites\/6\/2013\/09\/fashion-day-in-a-primavera-verao-201314-da-noir-le-lis-3.jpg?resize=550%2C825\" width=\"550\" height=\"825\" srcset=\"https:\/\/i0.wp.com\/agrund.com\/wp-content\/uploads\/sites\/6\/2013\/09\/fashion-day-in-a-primavera-verao-201314-da-noir-le-lis-3.jpg?w=550&amp;ssl=1 550w, https:\/\/i0.wp.com\/agrund.com\/wp-content\/uploads\/sites\/6\/2013\/09\/fashion-day-in-a-primavera-verao-201314-da-noir-le-lis-3.jpg?resize=200%2C300&amp;ssl=1 200w\" sizes=\"(max-width: 550px) 100vw, 550px\" data-recalc-dims=\"1\" \/><\/a><p id=\"caption-attachment-82644\" class=\"wp-caption-text\">Fashion Day In:: A primavera-ver\u00e3o 2013\/14 da Noir, Le Lis<\/p><\/div>\n<div id=\"attachment_82645\" style=\"width: 560px\" class=\"wp-caption aligncenter\"><a href=\"https:\/\/i0.wp.com\/www.agrund.com\/wp-content\/uploads\/sites\/6\/2013\/09\/fashion-day-in-a-primavera-verao-201314-da-noir-le-lis-4.jpg\"><img aria-describedby=\"caption-attachment-82645\" data-attachment-id=\"82645\" data-permalink=\"https:\/\/agrund.com\/index.php\/fashion-day-in-a-primavera-verao-201314-da-noir-le-lis\/fashion-day-in-a-primavera-verao-201314-da-noir-le-lis-4\/\" data-orig-file=\"https:\/\/i0.wp.com\/agrund.com\/wp-content\/uploads\/sites\/6\/2013\/09\/fashion-day-in-a-primavera-verao-201314-da-noir-le-lis-4.jpg?fit=550%2C825&amp;ssl=1\" data-orig-size=\"550,825\" data-comments-opened=\"1\" data-image-meta=\"{&quot;aperture&quot;:&quot;0&quot;,&quot;credit&quot;:&quot;&quot;,&quot;camera&quot;:&quot;&quot;,&quot;caption&quot;:&quot;&quot;,&quot;created_timestamp&quot;:&quot;0&quot;,&quot;copyright&quot;:&quot;&quot;,&quot;focal_length&quot;:&quot;0&quot;,&quot;iso&quot;:&quot;0&quot;,&quot;shutter_speed&quot;:&quot;0&quot;,&quot;title&quot;:&quot;&quot;}\" data-image-title=\"fashion-day-in-a-primavera-verao-201314-da-noir-le-lis (4)\" data-image-description=\"\" data-image-caption=\"&lt;p&gt;Fashion Day In:: A primavera-ver\u00e3o 2013\/14 da Noir, Le Lis&lt;\/p&gt;\n\" data-medium-file=\"https:\/\/i0.wp.com\/agrund.com\/wp-content\/uploads\/sites\/6\/2013\/09\/fashion-day-in-a-primavera-verao-201314-da-noir-le-lis-4.jpg?fit=200%2C300&amp;ssl=1\" data-large-file=\"https:\/\/i0.wp.com\/agrund.com\/wp-content\/uploads\/sites\/6\/2013\/09\/fashion-day-in-a-primavera-verao-201314-da-noir-le-lis-4.jpg?fit=550%2C825&amp;ssl=1\" decoding=\"async\" loading=\"lazy\" class=\"size-full wp-image-82645\" alt=\"Fashion Day In:: A primavera-ver\u00e3o 2013\/14 da Noir, Le Lis\" src=\"https:\/\/i0.wp.com\/www.agrund.com\/wp-content\/uploads\/sites\/6\/2013\/09\/fashion-day-in-a-primavera-verao-201314-da-noir-le-lis-4.jpg?resize=550%2C825\" width=\"550\" height=\"825\" srcset=\"https:\/\/i0.wp.com\/agrund.com\/wp-content\/uploads\/sites\/6\/2013\/09\/fashion-day-in-a-primavera-verao-201314-da-noir-le-lis-4.jpg?w=550&amp;ssl=1 550w, https:\/\/i0.wp.com\/agrund.com\/wp-content\/uploads\/sites\/6\/2013\/09\/fashion-day-in-a-primavera-verao-201314-da-noir-le-lis-4.jpg?resize=200%2C300&amp;ssl=1 200w\" sizes=\"(max-width: 550px) 100vw, 550px\" data-recalc-dims=\"1\" \/><\/a><p id=\"caption-attachment-82645\" class=\"wp-caption-text\">Fashion Day In:: A primavera-ver\u00e3o 2013\/14 da Noir, Le Lis<\/p><\/div>\n<div id=\"attachment_82646\" style=\"width: 560px\" class=\"wp-caption aligncenter\"><a href=\"https:\/\/i0.wp.com\/www.agrund.com\/wp-content\/uploads\/sites\/6\/2013\/09\/fashion-day-in-a-primavera-verao-201314-da-noir-le-lis-5.jpg\"><img aria-describedby=\"caption-attachment-82646\" data-attachment-id=\"82646\" data-permalink=\"https:\/\/agrund.com\/index.php\/fashion-day-in-a-primavera-verao-201314-da-noir-le-lis\/fashion-day-in-a-primavera-verao-201314-da-noir-le-lis-5\/\" data-orig-file=\"https:\/\/i0.wp.com\/agrund.com\/wp-content\/uploads\/sites\/6\/2013\/09\/fashion-day-in-a-primavera-verao-201314-da-noir-le-lis-5.jpg?fit=550%2C825&amp;ssl=1\" data-orig-size=\"550,825\" data-comments-opened=\"1\" data-image-meta=\"{&quot;aperture&quot;:&quot;0&quot;,&quot;credit&quot;:&quot;&quot;,&quot;camera&quot;:&quot;&quot;,&quot;caption&quot;:&quot;&quot;,&quot;created_timestamp&quot;:&quot;0&quot;,&quot;copyright&quot;:&quot;&quot;,&quot;focal_length&quot;:&quot;0&quot;,&quot;iso&quot;:&quot;0&quot;,&quot;shutter_speed&quot;:&quot;0&quot;,&quot;title&quot;:&quot;&quot;}\" data-image-title=\"fashion-day-in-a-primavera-verao-201314-da-noir-le-lis (5)\" data-image-description=\"\" data-image-caption=\"&lt;p&gt;Fashion Day In:: A primavera-ver\u00e3o 2013\/14 da Noir, Le Lis&lt;\/p&gt;\n\" data-medium-file=\"https:\/\/i0.wp.com\/agrund.com\/wp-content\/uploads\/sites\/6\/2013\/09\/fashion-day-in-a-primavera-verao-201314-da-noir-le-lis-5.jpg?fit=200%2C300&amp;ssl=1\" data-large-file=\"https:\/\/i0.wp.com\/agrund.com\/wp-content\/uploads\/sites\/6\/2013\/09\/fashion-day-in-a-primavera-verao-201314-da-noir-le-lis-5.jpg?fit=550%2C825&amp;ssl=1\" decoding=\"async\" loading=\"lazy\" class=\"size-full wp-image-82646\" alt=\"Fashion Day In:: A primavera-ver\u00e3o 2013\/14 da Noir, Le Lis\" src=\"https:\/\/i0.wp.com\/www.agrund.com\/wp-content\/uploads\/sites\/6\/2013\/09\/fashion-day-in-a-primavera-verao-201314-da-noir-le-lis-5.jpg?resize=550%2C825\" width=\"550\" height=\"825\" srcset=\"https:\/\/i0.wp.com\/agrund.com\/wp-content\/uploads\/sites\/6\/2013\/09\/fashion-day-in-a-primavera-verao-201314-da-noir-le-lis-5.jpg?w=550&amp;ssl=1 550w, https:\/\/i0.wp.com\/agrund.com\/wp-content\/uploads\/sites\/6\/2013\/09\/fashion-day-in-a-primavera-verao-201314-da-noir-le-lis-5.jpg?resize=200%2C300&amp;ssl=1 200w\" sizes=\"(max-width: 550px) 100vw, 550px\" data-recalc-dims=\"1\" \/><\/a><p id=\"caption-attachment-82646\" class=\"wp-caption-text\">Fashion Day In:: A primavera-ver\u00e3o 2013\/14 da Noir, Le Lis<\/p><\/div>\n<div id=\"attachment_82647\" style=\"width: 560px\" class=\"wp-caption aligncenter\"><a href=\"https:\/\/i0.wp.com\/www.agrund.com\/wp-content\/uploads\/sites\/6\/2013\/09\/fashion-day-in-a-primavera-verao-201314-da-noir-le-lis-6.jpg\"><img aria-describedby=\"caption-attachment-82647\" data-attachment-id=\"82647\" data-permalink=\"https:\/\/agrund.com\/index.php\/fashion-day-in-a-primavera-verao-201314-da-noir-le-lis\/fashion-day-in-a-primavera-verao-201314-da-noir-le-lis-6\/\" data-orig-file=\"https:\/\/i0.wp.com\/agrund.com\/wp-content\/uploads\/sites\/6\/2013\/09\/fashion-day-in-a-primavera-verao-201314-da-noir-le-lis-6.jpg?fit=550%2C367&amp;ssl=1\" data-orig-size=\"550,367\" data-comments-opened=\"1\" data-image-meta=\"{&quot;aperture&quot;:&quot;0&quot;,&quot;credit&quot;:&quot;&quot;,&quot;camera&quot;:&quot;&quot;,&quot;caption&quot;:&quot;&quot;,&quot;created_timestamp&quot;:&quot;0&quot;,&quot;copyright&quot;:&quot;&quot;,&quot;focal_length&quot;:&quot;0&quot;,&quot;iso&quot;:&quot;0&quot;,&quot;shutter_speed&quot;:&quot;0&quot;,&quot;title&quot;:&quot;&quot;}\" data-image-title=\"fashion-day-in-a-primavera-verao-201314-da-noir-le-lis (6)\" data-image-description=\"\" data-image-caption=\"&lt;p&gt;Fashion Day In:: A primavera-ver\u00e3o 2013\/14 da Noir, Le Lis&lt;\/p&gt;\n\" data-medium-file=\"https:\/\/i0.wp.com\/agrund.com\/wp-content\/uploads\/sites\/6\/2013\/09\/fashion-day-in-a-primavera-verao-201314-da-noir-le-lis-6.jpg?fit=300%2C200&amp;ssl=1\" data-large-file=\"https:\/\/i0.wp.com\/agrund.com\/wp-content\/uploads\/sites\/6\/2013\/09\/fashion-day-in-a-primavera-verao-201314-da-noir-le-lis-6.jpg?fit=550%2C367&amp;ssl=1\" decoding=\"async\" loading=\"lazy\" class=\"size-full wp-image-82647\" alt=\"Fashion Day In:: A primavera-ver\u00e3o 2013\/14 da Noir, Le Lis\" src=\"https:\/\/i0.wp.com\/www.agrund.com\/wp-content\/uploads\/sites\/6\/2013\/09\/fashion-day-in-a-primavera-verao-201314-da-noir-le-lis-6.jpg?resize=550%2C367\" width=\"550\" height=\"367\" srcset=\"https:\/\/i0.wp.com\/agrund.com\/wp-content\/uploads\/sites\/6\/2013\/09\/fashion-day-in-a-primavera-verao-201314-da-noir-le-lis-6.jpg?w=550&amp;ssl=1 550w, https:\/\/i0.wp.com\/agrund.com\/wp-content\/uploads\/sites\/6\/2013\/09\/fashion-day-in-a-primavera-verao-201314-da-noir-le-lis-6.jpg?resize=300%2C200&amp;ssl=1 300w\" sizes=\"(max-width: 550px) 100vw, 550px\" data-recalc-dims=\"1\" \/><\/a><p id=\"caption-attachment-82647\" class=\"wp-caption-text\">Fashion Day In:: A primavera-ver\u00e3o 2013\/14 da Noir, Le Lis<\/p><\/div>\n<div id=\"attachment_82648\" style=\"width: 560px\" class=\"wp-caption aligncenter\"><a href=\"https:\/\/i0.wp.com\/www.agrund.com\/wp-content\/uploads\/sites\/6\/2013\/09\/fashion-day-in-a-primavera-verao-201314-da-noir-le-lis-7.jpg\"><img aria-describedby=\"caption-attachment-82648\" data-attachment-id=\"82648\" data-permalink=\"https:\/\/agrund.com\/index.php\/fashion-day-in-a-primavera-verao-201314-da-noir-le-lis\/fashion-day-in-a-primavera-verao-201314-da-noir-le-lis-7\/\" data-orig-file=\"https:\/\/i0.wp.com\/agrund.com\/wp-content\/uploads\/sites\/6\/2013\/09\/fashion-day-in-a-primavera-verao-201314-da-noir-le-lis-7.jpg?fit=550%2C825&amp;ssl=1\" data-orig-size=\"550,825\" data-comments-opened=\"1\" data-image-meta=\"{&quot;aperture&quot;:&quot;0&quot;,&quot;credit&quot;:&quot;&quot;,&quot;camera&quot;:&quot;&quot;,&quot;caption&quot;:&quot;&quot;,&quot;created_timestamp&quot;:&quot;0&quot;,&quot;copyright&quot;:&quot;&quot;,&quot;focal_length&quot;:&quot;0&quot;,&quot;iso&quot;:&quot;0&quot;,&quot;shutter_speed&quot;:&quot;0&quot;,&quot;title&quot;:&quot;&quot;}\" data-image-title=\"fashion-day-in-a-primavera-verao-201314-da-noir-le-lis (7)\" data-image-description=\"\" data-image-caption=\"&lt;p&gt;Fashion Day In:: A primavera-ver\u00e3o 2013\/14 da Noir, Le Lis&lt;\/p&gt;\n\" data-medium-file=\"https:\/\/i0.wp.com\/agrund.com\/wp-content\/uploads\/sites\/6\/2013\/09\/fashion-day-in-a-primavera-verao-201314-da-noir-le-lis-7.jpg?fit=200%2C300&amp;ssl=1\" data-large-file=\"https:\/\/i0.wp.com\/agrund.com\/wp-content\/uploads\/sites\/6\/2013\/09\/fashion-day-in-a-primavera-verao-201314-da-noir-le-lis-7.jpg?fit=550%2C825&amp;ssl=1\" decoding=\"async\" loading=\"lazy\" class=\"size-full wp-image-82648\" alt=\"Fashion Day In:: A primavera-ver\u00e3o 2013\/14 da Noir, Le Lis\" src=\"https:\/\/i0.wp.com\/www.agrund.com\/wp-content\/uploads\/sites\/6\/2013\/09\/fashion-day-in-a-primavera-verao-201314-da-noir-le-lis-7.jpg?resize=550%2C825\" width=\"550\" height=\"825\" srcset=\"https:\/\/i0.wp.com\/agrund.com\/wp-content\/uploads\/sites\/6\/2013\/09\/fashion-day-in-a-primavera-verao-201314-da-noir-le-lis-7.jpg?w=550&amp;ssl=1 550w, https:\/\/i0.wp.com\/agrund.com\/wp-content\/uploads\/sites\/6\/2013\/09\/fashion-day-in-a-primavera-verao-201314-da-noir-le-lis-7.jpg?resize=200%2C300&amp;ssl=1 200w\" sizes=\"(max-width: 550px) 100vw, 550px\" data-recalc-dims=\"1\" \/><\/a><p id=\"caption-attachment-82648\" class=\"wp-caption-text\">Fashion Day In:: A primavera-ver\u00e3o 2013\/14 da Noir, Le Lis<\/p><\/div>\n<div id=\"attachment_82649\" style=\"width: 560px\" class=\"wp-caption aligncenter\"><a href=\"https:\/\/i0.wp.com\/www.agrund.com\/wp-content\/uploads\/sites\/6\/2013\/09\/fashion-day-in-a-primavera-verao-201314-da-noir-le-lis-8.jpg\"><img aria-describedby=\"caption-attachment-82649\" data-attachment-id=\"82649\" data-permalink=\"https:\/\/agrund.com\/index.php\/fashion-day-in-a-primavera-verao-201314-da-noir-le-lis\/fashion-day-in-a-primavera-verao-201314-da-noir-le-lis-8\/\" data-orig-file=\"https:\/\/i0.wp.com\/agrund.com\/wp-content\/uploads\/sites\/6\/2013\/09\/fashion-day-in-a-primavera-verao-201314-da-noir-le-lis-8.jpg?fit=550%2C367&amp;ssl=1\" data-orig-size=\"550,367\" data-comments-opened=\"1\" data-image-meta=\"{&quot;aperture&quot;:&quot;0&quot;,&quot;credit&quot;:&quot;&quot;,&quot;camera&quot;:&quot;&quot;,&quot;caption&quot;:&quot;&quot;,&quot;created_timestamp&quot;:&quot;0&quot;,&quot;copyright&quot;:&quot;&quot;,&quot;focal_length&quot;:&quot;0&quot;,&quot;iso&quot;:&quot;0&quot;,&quot;shutter_speed&quot;:&quot;0&quot;,&quot;title&quot;:&quot;&quot;}\" data-image-title=\"fashion-day-in-a-primavera-verao-201314-da-noir-le-lis (8)\" data-image-description=\"\" data-image-caption=\"&lt;p&gt;Fashion Day In:: A primavera-ver\u00e3o 2013\/14 da Noir, Le Lis&lt;\/p&gt;\n\" data-medium-file=\"https:\/\/i0.wp.com\/agrund.com\/wp-content\/uploads\/sites\/6\/2013\/09\/fashion-day-in-a-primavera-verao-201314-da-noir-le-lis-8.jpg?fit=300%2C200&amp;ssl=1\" data-large-file=\"https:\/\/i0.wp.com\/agrund.com\/wp-content\/uploads\/sites\/6\/2013\/09\/fashion-day-in-a-primavera-verao-201314-da-noir-le-lis-8.jpg?fit=550%2C367&amp;ssl=1\" decoding=\"async\" loading=\"lazy\" class=\"size-full wp-image-82649\" alt=\"Fashion Day In:: A primavera-ver\u00e3o 2013\/14 da Noir, Le Lis\" src=\"https:\/\/i0.wp.com\/www.agrund.com\/wp-content\/uploads\/sites\/6\/2013\/09\/fashion-day-in-a-primavera-verao-201314-da-noir-le-lis-8.jpg?resize=550%2C367\" width=\"550\" height=\"367\" srcset=\"https:\/\/i0.wp.com\/agrund.com\/wp-content\/uploads\/sites\/6\/2013\/09\/fashion-day-in-a-primavera-verao-201314-da-noir-le-lis-8.jpg?w=550&amp;ssl=1 550w, https:\/\/i0.wp.com\/agrund.com\/wp-content\/uploads\/sites\/6\/2013\/09\/fashion-day-in-a-primavera-verao-201314-da-noir-le-lis-8.jpg?resize=300%2C200&amp;ssl=1 300w\" sizes=\"(max-width: 550px) 100vw, 550px\" data-recalc-dims=\"1\" \/><\/a><p id=\"caption-attachment-82649\" class=\"wp-caption-text\">Fashion Day In:: A primavera-ver\u00e3o 2013\/14 da Noir, Le Lis<\/p><\/div>\n<div id=\"attachment_82650\" style=\"width: 560px\" class=\"wp-caption aligncenter\"><a href=\"https:\/\/i0.wp.com\/www.agrund.com\/wp-content\/uploads\/sites\/6\/2013\/09\/fashion-day-in-a-primavera-verao-201314-da-noir-le-lis-9.jpg\"><img aria-describedby=\"caption-attachment-82650\" data-attachment-id=\"82650\" data-permalink=\"https:\/\/agrund.com\/index.php\/fashion-day-in-a-primavera-verao-201314-da-noir-le-lis\/fashion-day-in-a-primavera-verao-201314-da-noir-le-lis-9\/\" data-orig-file=\"https:\/\/i0.wp.com\/agrund.com\/wp-content\/uploads\/sites\/6\/2013\/09\/fashion-day-in-a-primavera-verao-201314-da-noir-le-lis-9.jpg?fit=550%2C825&amp;ssl=1\" data-orig-size=\"550,825\" data-comments-opened=\"1\" data-image-meta=\"{&quot;aperture&quot;:&quot;0&quot;,&quot;credit&quot;:&quot;&quot;,&quot;camera&quot;:&quot;&quot;,&quot;caption&quot;:&quot;&quot;,&quot;created_timestamp&quot;:&quot;0&quot;,&quot;copyright&quot;:&quot;&quot;,&quot;focal_length&quot;:&quot;0&quot;,&quot;iso&quot;:&quot;0&quot;,&quot;shutter_speed&quot;:&quot;0&quot;,&quot;title&quot;:&quot;&quot;}\" data-image-title=\"fashion-day-in-a-primavera-verao-201314-da-noir-le-lis (9)\" data-image-description=\"\" data-image-caption=\"&lt;p&gt;Fashion Day In:: A primavera-ver\u00e3o 2013\/14 da Noir, Le Lis&lt;\/p&gt;\n\" data-medium-file=\"https:\/\/i0.wp.com\/agrund.com\/wp-content\/uploads\/sites\/6\/2013\/09\/fashion-day-in-a-primavera-verao-201314-da-noir-le-lis-9.jpg?fit=200%2C300&amp;ssl=1\" data-large-file=\"https:\/\/i0.wp.com\/agrund.com\/wp-content\/uploads\/sites\/6\/2013\/09\/fashion-day-in-a-primavera-verao-201314-da-noir-le-lis-9.jpg?fit=550%2C825&amp;ssl=1\" decoding=\"async\" loading=\"lazy\" class=\"size-full wp-image-82650\" alt=\"Fashion Day In:: A primavera-ver\u00e3o 2013\/14 da Noir, Le Lis\" src=\"https:\/\/i0.wp.com\/www.agrund.com\/wp-content\/uploads\/sites\/6\/2013\/09\/fashion-day-in-a-primavera-verao-201314-da-noir-le-lis-9.jpg?resize=550%2C825\" width=\"550\" height=\"825\" srcset=\"https:\/\/i0.wp.com\/agrund.com\/wp-content\/uploads\/sites\/6\/2013\/09\/fashion-day-in-a-primavera-verao-201314-da-noir-le-lis-9.jpg?w=550&amp;ssl=1 550w, https:\/\/i0.wp.com\/agrund.com\/wp-content\/uploads\/sites\/6\/2013\/09\/fashion-day-in-a-primavera-verao-201314-da-noir-le-lis-9.jpg?resize=200%2C300&amp;ssl=1 200w\" sizes=\"(max-width: 550px) 100vw, 550px\" data-recalc-dims=\"1\" \/><\/a><p id=\"caption-attachment-82650\" class=\"wp-caption-text\">Fashion Day In:: A primavera-ver\u00e3o 2013\/14 da Noir, Le Lis<\/p><\/div>\n<div id=\"attachment_82651\" style=\"width: 560px\" class=\"wp-caption aligncenter\"><a href=\"https:\/\/i0.wp.com\/www.agrund.com\/wp-content\/uploads\/sites\/6\/2013\/09\/fashion-day-in-a-primavera-verao-201314-da-noir-le-lis-10.jpg\"><img aria-describedby=\"caption-attachment-82651\" data-attachment-id=\"82651\" data-permalink=\"https:\/\/agrund.com\/index.php\/fashion-day-in-a-primavera-verao-201314-da-noir-le-lis\/fashion-day-in-a-primavera-verao-201314-da-noir-le-lis-10\/\" data-orig-file=\"https:\/\/i0.wp.com\/agrund.com\/wp-content\/uploads\/sites\/6\/2013\/09\/fashion-day-in-a-primavera-verao-201314-da-noir-le-lis-10.jpg?fit=550%2C825&amp;ssl=1\" data-orig-size=\"550,825\" data-comments-opened=\"1\" data-image-meta=\"{&quot;aperture&quot;:&quot;0&quot;,&quot;credit&quot;:&quot;&quot;,&quot;camera&quot;:&quot;&quot;,&quot;caption&quot;:&quot;&quot;,&quot;created_timestamp&quot;:&quot;0&quot;,&quot;copyright&quot;:&quot;&quot;,&quot;focal_length&quot;:&quot;0&quot;,&quot;iso&quot;:&quot;0&quot;,&quot;shutter_speed&quot;:&quot;0&quot;,&quot;title&quot;:&quot;&quot;}\" data-image-title=\"fashion-day-in-a-primavera-verao-201314-da-noir-le-lis (10)\" data-image-description=\"\" data-image-caption=\"&lt;p&gt;Fashion Day In:: A primavera-ver\u00e3o 2013\/14 da Noir, Le Lis&lt;\/p&gt;\n\" data-medium-file=\"https:\/\/i0.wp.com\/agrund.com\/wp-content\/uploads\/sites\/6\/2013\/09\/fashion-day-in-a-primavera-verao-201314-da-noir-le-lis-10.jpg?fit=200%2C300&amp;ssl=1\" data-large-file=\"https:\/\/i0.wp.com\/agrund.com\/wp-content\/uploads\/sites\/6\/2013\/09\/fashion-day-in-a-primavera-verao-201314-da-noir-le-lis-10.jpg?fit=550%2C825&amp;ssl=1\" decoding=\"async\" loading=\"lazy\" class=\"size-full wp-image-82651\" alt=\"Fashion Day In:: A primavera-ver\u00e3o 2013\/14 da Noir, Le Lis\" src=\"https:\/\/i0.wp.com\/www.agrund.com\/wp-content\/uploads\/sites\/6\/2013\/09\/fashion-day-in-a-primavera-verao-201314-da-noir-le-lis-10.jpg?resize=550%2C825\" width=\"550\" height=\"825\" srcset=\"https:\/\/i0.wp.com\/agrund.com\/wp-content\/uploads\/sites\/6\/2013\/09\/fashion-day-in-a-primavera-verao-201314-da-noir-le-lis-10.jpg?w=550&amp;ssl=1 550w, https:\/\/i0.wp.com\/agrund.com\/wp-content\/uploads\/sites\/6\/2013\/09\/fashion-day-in-a-primavera-verao-201314-da-noir-le-lis-10.jpg?resize=200%2C300&amp;ssl=1 200w\" sizes=\"(max-width: 550px) 100vw, 550px\" data-recalc-dims=\"1\" \/><\/a><p id=\"caption-attachment-82651\" class=\"wp-caption-text\">Fashion Day In:: A primavera-ver\u00e3o 2013\/14 da Noir, Le Lis<\/p><\/div>\n<p>Imagens: Murilo Mahler<\/p>\n","protected":false},"excerpt":{"rendered":"<p>Por Vin\u00edcius Guidini A Noir, Le Lis, marca masculina do grupo Le Lis Blanc, desfilou sua cole\u00e7\u00e3o de primavera-ver\u00e3o 2013\/14 durante o Fashion Day In. Inspirada na \u00cdndia, a Noir mostrou pe\u00e7as em tecidos casuais e leves como o algod\u00e3o e o linho, al\u00e9m de uma alfaiataria confort\u00e1vel para um homem cl\u00e1ssico com uma ess\u00eancia [&hellip;]<\/p>\n","protected":false},"author":1,"featured_media":82652,"comment_status":"open","ping_status":"open","sticky":false,"template":"","format":"standard","meta":{"jetpack_post_was_ever_published":false,"_jetpack_newsletter_access":"","jetpack_publicize_message":"","jetpack_is_tweetstorm":false,"jetpack_publicize_feature_enabled":true,"jetpack_social_post_already_shared":true,"jetpack_social_options":{"image_generator_settings":{"template":"highway","enabled":false}}},"categories":[9,6],"tags":[],"jetpack_publicize_connections":[],"jetpack_featured_media_url":"https:\/\/i0.wp.com\/agrund.com\/wp-content\/uploads\/sites\/6\/2013\/09\/slide1.jpg?fit=960%2C300&ssl=1","jetpack_sharing_enabled":true,"jetpack_shortlink":"https:\/\/wp.me\/p3Hz0n-luV","jetpack_likes_enabled":true,"_links":{"self":[{"href":"https:\/\/agrund.com\/index.php\/wp-json\/wp\/v2\/posts\/82641"}],"collection":[{"href":"https:\/\/agrund.com\/index.php\/wp-json\/wp\/v2\/posts"}],"about":[{"href":"https:\/\/agrund.com\/index.php\/wp-json\/wp\/v2\/types\/post"}],"author":[{"embeddable":true,"href":"https:\/\/agrund.com\/index.php\/wp-json\/wp\/v2\/users\/1"}],"replies":[{"embeddable":true,"href":"https:\/\/agrund.com\/index.php\/wp-json\/wp\/v2\/comments?post=82641"}],"version-history":[{"count":0,"href":"https:\/\/agrund.com\/index.php\/wp-json\/wp\/v2\/posts\/82641\/revisions"}],"wp:featuredmedia":[{"embeddable":true,"href":"https:\/\/agrund.com\/index.php\/wp-json\/wp\/v2\/media\/82652"}],"wp:attachment":[{"href":"https:\/\/agrund.com\/index.php\/wp-json\/wp\/v2\/media?parent=82641"}],"wp:term":[{"taxonomy":"category","embeddable":true,"href":"https:\/\/agrund.com\/index.php\/wp-json\/wp\/v2\/categories?post=82641"},{"taxonomy":"post_tag","embeddable":true,"href":"https:\/\/agrund.com\/index.php\/wp-json\/wp\/v2\/tags?post=82641"}],"curies":[{"name":"wp","href":"https:\/\/api.w.org\/{rel}","templated":true}]}}