{"id":8137,"date":"2011-04-13T09:30:10","date_gmt":"2011-04-13T12:30:10","guid":{"rendered":"http:\/\/www.agrund.com\/blogs\/notas\/?p=8137"},"modified":"2011-04-13T09:30:10","modified_gmt":"2011-04-13T12:30:10","slug":"o-loft-de-alexander-wang","status":"publish","type":"post","link":"https:\/\/agrund.com\/index.php\/o-loft-de-alexander-wang\/","title":{"rendered":"O loft de Alexander Wang"},"content":{"rendered":"<p>A \u00faltima edi\u00e7\u00e3o da revista W fotografou a casa de Alexander Wang, no chic bairro de Tribeca, em NY. E como j\u00e1 esper\u00e1vamos, parece que suas cole\u00e7\u00f5es se transformaram em objetos de decora\u00e7\u00e3o. Preto e branco, um leve minimalismo, luxuoso sem ostentar e uma pitadinha de rock\u2019n\u2019roll. O apartamento foi decorado por seu colega de faculdade, Ryan Korban, mas tem a exata est\u00e9tica de Wang. Mentes brilhantes, pensamentos semelhantes. Veja as fotos:<\/p>\n<p style=\"text-align: center\"><img decoding=\"async\" loading=\"lazy\" class=\"aligncenter size-full wp-image-8138\" src=\"https:\/\/i0.wp.com\/www.agrund.com\/arquivo\/notas\/files\/2011\/04\/Picture-13.png?resize=464%2C349\" alt=\"\" width=\"464\" height=\"349\" data-recalc-dims=\"1\" \/><\/p>\n<p style=\"text-align: center\"><img decoding=\"async\" loading=\"lazy\" class=\"aligncenter size-full wp-image-8139\" src=\"https:\/\/i0.wp.com\/www.agrund.com\/arquivo\/notas\/files\/2011\/04\/Picture-35.png?resize=464%2C345\" alt=\"\" width=\"464\" height=\"345\" data-recalc-dims=\"1\" \/><\/p>\n<p style=\"text-align: center\"><img decoding=\"async\" loading=\"lazy\" class=\"aligncenter size-full wp-image-8140\" src=\"https:\/\/i0.wp.com\/www.agrund.com\/arquivo\/notas\/files\/2011\/04\/Picture-43.png?resize=464%2C346\" alt=\"\" width=\"464\" height=\"346\" data-recalc-dims=\"1\" \/><\/p>\n<p style=\"text-align: center\"><img decoding=\"async\" loading=\"lazy\" class=\"aligncenter size-full wp-image-8141\" src=\"https:\/\/i0.wp.com\/www.agrund.com\/arquivo\/notas\/files\/2011\/04\/Picture-52.png?resize=466%2C345\" alt=\"\" width=\"466\" height=\"345\" data-recalc-dims=\"1\" \/><\/p>\n<p style=\"text-align: center\"><img decoding=\"async\" loading=\"lazy\" class=\"aligncenter size-full wp-image-8142\" src=\"https:\/\/i0.wp.com\/www.agrund.com\/arquivo\/notas\/files\/2011\/04\/Picture-62.png?resize=463%2C346\" alt=\"\" width=\"463\" height=\"346\" data-recalc-dims=\"1\" \/><\/p>\n","protected":false},"excerpt":{"rendered":"<p>A \u00faltima edi\u00e7\u00e3o da revista W fotografou a casa de Alexander Wang, no chic bairro de Tribeca, em NY. E como j\u00e1 esper\u00e1vamos, parece que suas cole\u00e7\u00f5es se transformaram em objetos de decora\u00e7\u00e3o. Preto e branco, um leve minimalismo, luxuoso sem ostentar e uma pitadinha de rock\u2019n\u2019roll. O apartamento foi decorado por seu colega de [&hellip;]<\/p>\n","protected":false},"author":8,"featured_media":8138,"comment_status":"open","ping_status":"open","sticky":false,"template":"","format":"standard","meta":{"jetpack_post_was_ever_published":false,"_jetpack_newsletter_access":"","jetpack_publicize_message":"","jetpack_is_tweetstorm":false,"jetpack_publicize_feature_enabled":true,"jetpack_social_post_already_shared":false,"jetpack_social_options":{"image_generator_settings":{"template":"highway","enabled":false}}},"categories":[2],"tags":[],"jetpack_publicize_connections":[],"jetpack_featured_media_url":"","jetpack_sharing_enabled":true,"jetpack_shortlink":"https:\/\/wp.me\/p3Hz0n-27f","jetpack_likes_enabled":true,"_links":{"self":[{"href":"https:\/\/agrund.com\/index.php\/wp-json\/wp\/v2\/posts\/8137"}],"collection":[{"href":"https:\/\/agrund.com\/index.php\/wp-json\/wp\/v2\/posts"}],"about":[{"href":"https:\/\/agrund.com\/index.php\/wp-json\/wp\/v2\/types\/post"}],"author":[{"embeddable":true,"href":"https:\/\/agrund.com\/index.php\/wp-json\/wp\/v2\/users\/8"}],"replies":[{"embeddable":true,"href":"https:\/\/agrund.com\/index.php\/wp-json\/wp\/v2\/comments?post=8137"}],"version-history":[{"count":0,"href":"https:\/\/agrund.com\/index.php\/wp-json\/wp\/v2\/posts\/8137\/revisions"}],"wp:featuredmedia":[{"embeddable":true,"href":"https:\/\/agrund.com\/index.php\/wp-json\/"}],"wp:attachment":[{"href":"https:\/\/agrund.com\/index.php\/wp-json\/wp\/v2\/media?parent=8137"}],"wp:term":[{"taxonomy":"category","embeddable":true,"href":"https:\/\/agrund.com\/index.php\/wp-json\/wp\/v2\/categories?post=8137"},{"taxonomy":"post_tag","embeddable":true,"href":"https:\/\/agrund.com\/index.php\/wp-json\/wp\/v2\/tags?post=8137"}],"curies":[{"name":"wp","href":"https:\/\/api.w.org\/{rel}","templated":true}]}}