{"id":77443,"date":"2013-07-08T15:00:24","date_gmt":"2013-07-08T18:00:24","guid":{"rendered":"http:\/\/www.agrund.com\/?p=77443"},"modified":"2013-07-10T11:30:48","modified_gmt":"2013-07-10T14:30:48","slug":"band-of-outsiders-se-inspira-em-mick-jagger-para-seu-verao-2014","status":"publish","type":"post","link":"https:\/\/agrund.com\/index.php\/band-of-outsiders-se-inspira-em-mick-jagger-para-seu-verao-2014\/","title":{"rendered":"Moda Masculina :: Band of Outsiders se inspira em Mick Jagger para seu Ver\u00e3o 2014"},"content":{"rendered":"<p>A Band Of Outsiders convocou o m\u00fasico Devendra Banhart para estrelar sua campanha Primavera\/Ver\u00e3o 2014. Nos cliques, Devandra n\u00e3o \u00e9 ele mesmo, isso porque o artista interpreta Mick Jagger em sua juventude.<\/p>\n<p>A cole\u00e7\u00e3o toda \u00e9 inspirada em Jagger e traz desde tecidos leves como seda \u00e0 moletom, couro e alfaiataria. Os cliques foram feitos no Marmont Hotel e foi bem espont\u00e2neo, como se ele estivesse sendo flagrado por paparazzis. Confira:<\/p>\n<div id=\"attachment_77444\" style=\"width: 460px\" class=\"wp-caption aligncenter\"><a href=\"https:\/\/i0.wp.com\/www.agrund.com\/wp-content\/uploads\/sites\/6\/2013\/07\/1372168451647_band-of-outsiders-milan-fashion-week-spring-2014-03.jpg\"><img aria-describedby=\"caption-attachment-77444\" data-attachment-id=\"77444\" data-permalink=\"https:\/\/agrund.com\/index.php\/band-of-outsiders-se-inspira-em-mick-jagger-para-seu-verao-2014\/1372168451647_band-of-outsiders-milan-fashion-week-spring-2014-03\/\" data-orig-file=\"https:\/\/i0.wp.com\/agrund.com\/wp-content\/uploads\/sites\/6\/2013\/07\/1372168451647_band-of-outsiders-milan-fashion-week-spring-2014-03.jpg?fit=450%2C675&amp;ssl=1\" data-orig-size=\"450,675\" data-comments-opened=\"1\" data-image-meta=\"{&quot;aperture&quot;:&quot;8&quot;,&quot;credit&quot;:&quot;&quot;,&quot;camera&quot;:&quot;NIKON D800&quot;,&quot;caption&quot;:&quot;&quot;,&quot;created_timestamp&quot;:&quot;1371966038&quot;,&quot;copyright&quot;:&quot;&quot;,&quot;focal_length&quot;:&quot;50&quot;,&quot;iso&quot;:&quot;200&quot;,&quot;shutter_speed&quot;:&quot;0.00625&quot;,&quot;title&quot;:&quot;&quot;}\" data-image-title=\"Moda Masculina :: Band of Outsiders se inspira em Mick Jagger para seu Ver\u00e3o 2014  \" data-image-description=\"\" data-image-caption=\"&lt;p&gt;Moda Masculina :: Band of Outsiders se inspira em Mick Jagger para seu Ver\u00e3o 2014  &lt;\/p&gt;\n\" data-medium-file=\"https:\/\/i0.wp.com\/agrund.com\/wp-content\/uploads\/sites\/6\/2013\/07\/1372168451647_band-of-outsiders-milan-fashion-week-spring-2014-03.jpg?fit=200%2C300&amp;ssl=1\" data-large-file=\"https:\/\/i0.wp.com\/agrund.com\/wp-content\/uploads\/sites\/6\/2013\/07\/1372168451647_band-of-outsiders-milan-fashion-week-spring-2014-03.jpg?fit=450%2C675&amp;ssl=1\" decoding=\"async\" loading=\"lazy\" class=\"size-full wp-image-77444\" alt=\"Moda Masculina :: Band of Outsiders se inspira em Mick Jagger para seu Ver\u00e3o 2014  \" src=\"https:\/\/i0.wp.com\/www.agrund.com\/wp-content\/uploads\/sites\/6\/2013\/07\/1372168451647_band-of-outsiders-milan-fashion-week-spring-2014-03.jpg?resize=450%2C675\" width=\"450\" height=\"675\" srcset=\"https:\/\/i0.wp.com\/agrund.com\/wp-content\/uploads\/sites\/6\/2013\/07\/1372168451647_band-of-outsiders-milan-fashion-week-spring-2014-03.jpg?w=450&amp;ssl=1 450w, https:\/\/i0.wp.com\/agrund.com\/wp-content\/uploads\/sites\/6\/2013\/07\/1372168451647_band-of-outsiders-milan-fashion-week-spring-2014-03.jpg?resize=200%2C300&amp;ssl=1 200w\" sizes=\"(max-width: 450px) 100vw, 450px\" data-recalc-dims=\"1\" \/><\/a><p id=\"caption-attachment-77444\" class=\"wp-caption-text\">Moda Masculina :: Band of Outsiders se inspira em Mick Jagger para seu Ver\u00e3o 2014<\/p><\/div>\n<div id=\"attachment_77445\" style=\"width: 460px\" class=\"wp-caption aligncenter\"><a href=\"https:\/\/i0.wp.com\/www.agrund.com\/wp-content\/uploads\/sites\/6\/2013\/07\/1372168451650_band-of-outsiders-milan-fashion-week-spring-2014-05.jpg\"><img aria-describedby=\"caption-attachment-77445\" data-attachment-id=\"77445\" data-permalink=\"https:\/\/agrund.com\/index.php\/band-of-outsiders-se-inspira-em-mick-jagger-para-seu-verao-2014\/1372168451650_band-of-outsiders-milan-fashion-week-spring-2014-05\/\" data-orig-file=\"https:\/\/i0.wp.com\/agrund.com\/wp-content\/uploads\/sites\/6\/2013\/07\/1372168451650_band-of-outsiders-milan-fashion-week-spring-2014-05.jpg?fit=450%2C675&amp;ssl=1\" data-orig-size=\"450,675\" data-comments-opened=\"1\" data-image-meta=\"{&quot;aperture&quot;:&quot;8&quot;,&quot;credit&quot;:&quot;&quot;,&quot;camera&quot;:&quot;NIKON D800&quot;,&quot;caption&quot;:&quot;&quot;,&quot;created_timestamp&quot;:&quot;1371970337&quot;,&quot;copyright&quot;:&quot;&quot;,&quot;focal_length&quot;:&quot;50&quot;,&quot;iso&quot;:&quot;200&quot;,&quot;shutter_speed&quot;:&quot;0.00625&quot;,&quot;title&quot;:&quot;&quot;}\" data-image-title=\"Moda Masculina :: Band of Outsiders se inspira em Mick Jagger para seu Ver\u00e3o 2014  \" data-image-description=\"\" data-image-caption=\"&lt;p&gt;Moda Masculina :: Band of Outsiders se inspira em Mick Jagger para seu Ver\u00e3o 2014  &lt;\/p&gt;\n\" data-medium-file=\"https:\/\/i0.wp.com\/agrund.com\/wp-content\/uploads\/sites\/6\/2013\/07\/1372168451650_band-of-outsiders-milan-fashion-week-spring-2014-05.jpg?fit=200%2C300&amp;ssl=1\" data-large-file=\"https:\/\/i0.wp.com\/agrund.com\/wp-content\/uploads\/sites\/6\/2013\/07\/1372168451650_band-of-outsiders-milan-fashion-week-spring-2014-05.jpg?fit=450%2C675&amp;ssl=1\" decoding=\"async\" loading=\"lazy\" class=\"size-full wp-image-77445\" alt=\"Moda Masculina :: Band of Outsiders se inspira em Mick Jagger para seu Ver\u00e3o 2014  \" src=\"https:\/\/i0.wp.com\/www.agrund.com\/wp-content\/uploads\/sites\/6\/2013\/07\/1372168451650_band-of-outsiders-milan-fashion-week-spring-2014-05.jpg?resize=450%2C675\" width=\"450\" height=\"675\" srcset=\"https:\/\/i0.wp.com\/agrund.com\/wp-content\/uploads\/sites\/6\/2013\/07\/1372168451650_band-of-outsiders-milan-fashion-week-spring-2014-05.jpg?w=450&amp;ssl=1 450w, https:\/\/i0.wp.com\/agrund.com\/wp-content\/uploads\/sites\/6\/2013\/07\/1372168451650_band-of-outsiders-milan-fashion-week-spring-2014-05.jpg?resize=200%2C300&amp;ssl=1 200w\" sizes=\"(max-width: 450px) 100vw, 450px\" data-recalc-dims=\"1\" \/><\/a><p id=\"caption-attachment-77445\" class=\"wp-caption-text\">Moda Masculina :: Band of Outsiders se inspira em Mick Jagger para seu Ver\u00e3o 2014<\/p><\/div>\n<div id=\"attachment_77446\" style=\"width: 460px\" class=\"wp-caption aligncenter\"><a href=\"https:\/\/i0.wp.com\/www.agrund.com\/wp-content\/uploads\/sites\/6\/2013\/07\/1372168451652_band-of-outsiders-milan-fashion-week-spring-2014-07.jpg\"><img aria-describedby=\"caption-attachment-77446\" data-attachment-id=\"77446\" data-permalink=\"https:\/\/agrund.com\/index.php\/band-of-outsiders-se-inspira-em-mick-jagger-para-seu-verao-2014\/1372168451652_band-of-outsiders-milan-fashion-week-spring-2014-07\/\" data-orig-file=\"https:\/\/i0.wp.com\/agrund.com\/wp-content\/uploads\/sites\/6\/2013\/07\/1372168451652_band-of-outsiders-milan-fashion-week-spring-2014-07.jpg?fit=450%2C675&amp;ssl=1\" data-orig-size=\"450,675\" data-comments-opened=\"1\" data-image-meta=\"{&quot;aperture&quot;:&quot;8&quot;,&quot;credit&quot;:&quot;&quot;,&quot;camera&quot;:&quot;NIKON D800&quot;,&quot;caption&quot;:&quot;&quot;,&quot;created_timestamp&quot;:&quot;1371971837&quot;,&quot;copyright&quot;:&quot;&quot;,&quot;focal_length&quot;:&quot;50&quot;,&quot;iso&quot;:&quot;200&quot;,&quot;shutter_speed&quot;:&quot;0.00625&quot;,&quot;title&quot;:&quot;&quot;}\" data-image-title=\"Moda Masculina :: Band of Outsiders se inspira em Mick Jagger para seu Ver\u00e3o 2014  \" data-image-description=\"\" data-image-caption=\"&lt;p&gt;Moda Masculina :: Band of Outsiders se inspira em Mick Jagger para seu Ver\u00e3o 2014  &lt;\/p&gt;\n\" data-medium-file=\"https:\/\/i0.wp.com\/agrund.com\/wp-content\/uploads\/sites\/6\/2013\/07\/1372168451652_band-of-outsiders-milan-fashion-week-spring-2014-07.jpg?fit=200%2C300&amp;ssl=1\" data-large-file=\"https:\/\/i0.wp.com\/agrund.com\/wp-content\/uploads\/sites\/6\/2013\/07\/1372168451652_band-of-outsiders-milan-fashion-week-spring-2014-07.jpg?fit=450%2C675&amp;ssl=1\" decoding=\"async\" loading=\"lazy\" class=\"size-full wp-image-77446\" alt=\"Moda Masculina :: Band of Outsiders se inspira em Mick Jagger para seu Ver\u00e3o 2014  \" src=\"https:\/\/i0.wp.com\/www.agrund.com\/wp-content\/uploads\/sites\/6\/2013\/07\/1372168451652_band-of-outsiders-milan-fashion-week-spring-2014-07.jpg?resize=450%2C675\" width=\"450\" height=\"675\" srcset=\"https:\/\/i0.wp.com\/agrund.com\/wp-content\/uploads\/sites\/6\/2013\/07\/1372168451652_band-of-outsiders-milan-fashion-week-spring-2014-07.jpg?w=450&amp;ssl=1 450w, https:\/\/i0.wp.com\/agrund.com\/wp-content\/uploads\/sites\/6\/2013\/07\/1372168451652_band-of-outsiders-milan-fashion-week-spring-2014-07.jpg?resize=200%2C300&amp;ssl=1 200w\" sizes=\"(max-width: 450px) 100vw, 450px\" data-recalc-dims=\"1\" \/><\/a><p id=\"caption-attachment-77446\" class=\"wp-caption-text\">Moda Masculina :: Band of Outsiders se inspira em Mick Jagger para seu Ver\u00e3o 2014<\/p><\/div>\n<div id=\"attachment_77447\" style=\"width: 460px\" class=\"wp-caption aligncenter\"><a href=\"https:\/\/i0.wp.com\/www.agrund.com\/wp-content\/uploads\/sites\/6\/2013\/07\/1372168451655_band-of-outsiders-milan-fashion-week-spring-2014-10.jpg\"><img aria-describedby=\"caption-attachment-77447\" data-attachment-id=\"77447\" data-permalink=\"https:\/\/agrund.com\/index.php\/band-of-outsiders-se-inspira-em-mick-jagger-para-seu-verao-2014\/1372168451655_band-of-outsiders-milan-fashion-week-spring-2014-10\/\" data-orig-file=\"https:\/\/i0.wp.com\/agrund.com\/wp-content\/uploads\/sites\/6\/2013\/07\/1372168451655_band-of-outsiders-milan-fashion-week-spring-2014-10.jpg?fit=450%2C675&amp;ssl=1\" data-orig-size=\"450,675\" data-comments-opened=\"1\" data-image-meta=\"{&quot;aperture&quot;:&quot;8&quot;,&quot;credit&quot;:&quot;&quot;,&quot;camera&quot;:&quot;NIKON D800&quot;,&quot;caption&quot;:&quot;&quot;,&quot;created_timestamp&quot;:&quot;1371974570&quot;,&quot;copyright&quot;:&quot;&quot;,&quot;focal_length&quot;:&quot;50&quot;,&quot;iso&quot;:&quot;200&quot;,&quot;shutter_speed&quot;:&quot;0.00625&quot;,&quot;title&quot;:&quot;&quot;}\" data-image-title=\"Moda Masculina :: Band of Outsiders se inspira em Mick Jagger para seu Ver\u00e3o 2014  \" data-image-description=\"\" data-image-caption=\"&lt;p&gt;Moda Masculina :: Band of Outsiders se inspira em Mick Jagger para seu Ver\u00e3o 2014  &lt;\/p&gt;\n\" data-medium-file=\"https:\/\/i0.wp.com\/agrund.com\/wp-content\/uploads\/sites\/6\/2013\/07\/1372168451655_band-of-outsiders-milan-fashion-week-spring-2014-10.jpg?fit=200%2C300&amp;ssl=1\" data-large-file=\"https:\/\/i0.wp.com\/agrund.com\/wp-content\/uploads\/sites\/6\/2013\/07\/1372168451655_band-of-outsiders-milan-fashion-week-spring-2014-10.jpg?fit=450%2C675&amp;ssl=1\" decoding=\"async\" loading=\"lazy\" class=\"size-full wp-image-77447\" alt=\"Moda Masculina :: Band of Outsiders se inspira em Mick Jagger para seu Ver\u00e3o 2014  \" src=\"https:\/\/i0.wp.com\/www.agrund.com\/wp-content\/uploads\/sites\/6\/2013\/07\/1372168451655_band-of-outsiders-milan-fashion-week-spring-2014-10.jpg?resize=450%2C675\" width=\"450\" height=\"675\" srcset=\"https:\/\/i0.wp.com\/agrund.com\/wp-content\/uploads\/sites\/6\/2013\/07\/1372168451655_band-of-outsiders-milan-fashion-week-spring-2014-10.jpg?w=450&amp;ssl=1 450w, https:\/\/i0.wp.com\/agrund.com\/wp-content\/uploads\/sites\/6\/2013\/07\/1372168451655_band-of-outsiders-milan-fashion-week-spring-2014-10.jpg?resize=200%2C300&amp;ssl=1 200w\" sizes=\"(max-width: 450px) 100vw, 450px\" data-recalc-dims=\"1\" \/><\/a><p id=\"caption-attachment-77447\" class=\"wp-caption-text\">Moda Masculina :: Band of Outsiders se inspira em Mick Jagger para seu Ver\u00e3o 2014<\/p><\/div>\n<div id=\"attachment_77448\" style=\"width: 460px\" class=\"wp-caption aligncenter\"><a href=\"https:\/\/i0.wp.com\/www.agrund.com\/wp-content\/uploads\/sites\/6\/2013\/07\/1372168451657_band-of-outsiders-milan-fashion-week-spring-2014-12.jpg\"><img aria-describedby=\"caption-attachment-77448\" data-attachment-id=\"77448\" data-permalink=\"https:\/\/agrund.com\/index.php\/band-of-outsiders-se-inspira-em-mick-jagger-para-seu-verao-2014\/1372168451657_band-of-outsiders-milan-fashion-week-spring-2014-12\/\" data-orig-file=\"https:\/\/i0.wp.com\/agrund.com\/wp-content\/uploads\/sites\/6\/2013\/07\/1372168451657_band-of-outsiders-milan-fashion-week-spring-2014-12.jpg?fit=450%2C675&amp;ssl=1\" data-orig-size=\"450,675\" data-comments-opened=\"1\" data-image-meta=\"{&quot;aperture&quot;:&quot;8&quot;,&quot;credit&quot;:&quot;&quot;,&quot;camera&quot;:&quot;NIKON D800&quot;,&quot;caption&quot;:&quot;&quot;,&quot;created_timestamp&quot;:&quot;1371947700&quot;,&quot;copyright&quot;:&quot;&quot;,&quot;focal_length&quot;:&quot;50&quot;,&quot;iso&quot;:&quot;200&quot;,&quot;shutter_speed&quot;:&quot;0.008&quot;,&quot;title&quot;:&quot;&quot;}\" data-image-title=\"Moda Masculina :: Band of Outsiders se inspira em Mick Jagger para seu Ver\u00e3o 2014  \" data-image-description=\"\" data-image-caption=\"&lt;p&gt;Moda Masculina :: Band of Outsiders se inspira em Mick Jagger para seu Ver\u00e3o 2014  &lt;\/p&gt;\n\" data-medium-file=\"https:\/\/i0.wp.com\/agrund.com\/wp-content\/uploads\/sites\/6\/2013\/07\/1372168451657_band-of-outsiders-milan-fashion-week-spring-2014-12.jpg?fit=200%2C300&amp;ssl=1\" data-large-file=\"https:\/\/i0.wp.com\/agrund.com\/wp-content\/uploads\/sites\/6\/2013\/07\/1372168451657_band-of-outsiders-milan-fashion-week-spring-2014-12.jpg?fit=450%2C675&amp;ssl=1\" decoding=\"async\" loading=\"lazy\" class=\"size-full wp-image-77448\" alt=\"Moda Masculina :: Band of Outsiders se inspira em Mick Jagger para seu Ver\u00e3o 2014  \" src=\"https:\/\/i0.wp.com\/www.agrund.com\/wp-content\/uploads\/sites\/6\/2013\/07\/1372168451657_band-of-outsiders-milan-fashion-week-spring-2014-12.jpg?resize=450%2C675\" width=\"450\" height=\"675\" srcset=\"https:\/\/i0.wp.com\/agrund.com\/wp-content\/uploads\/sites\/6\/2013\/07\/1372168451657_band-of-outsiders-milan-fashion-week-spring-2014-12.jpg?w=450&amp;ssl=1 450w, https:\/\/i0.wp.com\/agrund.com\/wp-content\/uploads\/sites\/6\/2013\/07\/1372168451657_band-of-outsiders-milan-fashion-week-spring-2014-12.jpg?resize=200%2C300&amp;ssl=1 200w\" sizes=\"(max-width: 450px) 100vw, 450px\" data-recalc-dims=\"1\" \/><\/a><p id=\"caption-attachment-77448\" class=\"wp-caption-text\">Moda Masculina :: Band of Outsiders se inspira em Mick Jagger para seu Ver\u00e3o 2014<\/p><\/div>\n<div id=\"attachment_77449\" style=\"width: 460px\" class=\"wp-caption aligncenter\"><a href=\"https:\/\/i0.wp.com\/www.agrund.com\/wp-content\/uploads\/sites\/6\/2013\/07\/1372168451658_band-of-outsiders-milan-fashion-week-spring-2014-13.jpg\"><img aria-describedby=\"caption-attachment-77449\" data-attachment-id=\"77449\" data-permalink=\"https:\/\/agrund.com\/index.php\/band-of-outsiders-se-inspira-em-mick-jagger-para-seu-verao-2014\/1372168451658_band-of-outsiders-milan-fashion-week-spring-2014-13\/\" data-orig-file=\"https:\/\/i0.wp.com\/agrund.com\/wp-content\/uploads\/sites\/6\/2013\/07\/1372168451658_band-of-outsiders-milan-fashion-week-spring-2014-13.jpg?fit=450%2C675&amp;ssl=1\" data-orig-size=\"450,675\" data-comments-opened=\"1\" data-image-meta=\"{&quot;aperture&quot;:&quot;8&quot;,&quot;credit&quot;:&quot;&quot;,&quot;camera&quot;:&quot;NIKON D800&quot;,&quot;caption&quot;:&quot;&quot;,&quot;created_timestamp&quot;:&quot;1371976436&quot;,&quot;copyright&quot;:&quot;&quot;,&quot;focal_length&quot;:&quot;50&quot;,&quot;iso&quot;:&quot;200&quot;,&quot;shutter_speed&quot;:&quot;0.00625&quot;,&quot;title&quot;:&quot;&quot;}\" data-image-title=\"Moda Masculina :: Band of Outsiders se inspira em Mick Jagger para seu Ver\u00e3o 2014  \" data-image-description=\"\" data-image-caption=\"&lt;p&gt;Moda Masculina :: Band of Outsiders se inspira em Mick Jagger para seu Ver\u00e3o 2014  &lt;\/p&gt;\n\" data-medium-file=\"https:\/\/i0.wp.com\/agrund.com\/wp-content\/uploads\/sites\/6\/2013\/07\/1372168451658_band-of-outsiders-milan-fashion-week-spring-2014-13.jpg?fit=200%2C300&amp;ssl=1\" data-large-file=\"https:\/\/i0.wp.com\/agrund.com\/wp-content\/uploads\/sites\/6\/2013\/07\/1372168451658_band-of-outsiders-milan-fashion-week-spring-2014-13.jpg?fit=450%2C675&amp;ssl=1\" decoding=\"async\" loading=\"lazy\" class=\"size-full wp-image-77449\" alt=\"Moda Masculina :: Band of Outsiders se inspira em Mick Jagger para seu Ver\u00e3o 2014  \" src=\"https:\/\/i0.wp.com\/www.agrund.com\/wp-content\/uploads\/sites\/6\/2013\/07\/1372168451658_band-of-outsiders-milan-fashion-week-spring-2014-13.jpg?resize=450%2C675\" width=\"450\" height=\"675\" srcset=\"https:\/\/i0.wp.com\/agrund.com\/wp-content\/uploads\/sites\/6\/2013\/07\/1372168451658_band-of-outsiders-milan-fashion-week-spring-2014-13.jpg?w=450&amp;ssl=1 450w, https:\/\/i0.wp.com\/agrund.com\/wp-content\/uploads\/sites\/6\/2013\/07\/1372168451658_band-of-outsiders-milan-fashion-week-spring-2014-13.jpg?resize=200%2C300&amp;ssl=1 200w\" sizes=\"(max-width: 450px) 100vw, 450px\" data-recalc-dims=\"1\" \/><\/a><p id=\"caption-attachment-77449\" class=\"wp-caption-text\">Moda Masculina :: Band of Outsiders se inspira em Mick Jagger para seu Ver\u00e3o 2014<\/p><\/div>\n<div id=\"attachment_77450\" style=\"width: 460px\" class=\"wp-caption aligncenter\"><a href=\"https:\/\/i0.wp.com\/www.agrund.com\/wp-content\/uploads\/sites\/6\/2013\/07\/1372168451658_band-of-outsiders-milan-fashion-week-spring-2014-14.jpg\"><img aria-describedby=\"caption-attachment-77450\" data-attachment-id=\"77450\" data-permalink=\"https:\/\/agrund.com\/index.php\/band-of-outsiders-se-inspira-em-mick-jagger-para-seu-verao-2014\/1372168451658_band-of-outsiders-milan-fashion-week-spring-2014-14\/\" data-orig-file=\"https:\/\/i0.wp.com\/agrund.com\/wp-content\/uploads\/sites\/6\/2013\/07\/1372168451658_band-of-outsiders-milan-fashion-week-spring-2014-14.jpg?fit=450%2C675&amp;ssl=1\" data-orig-size=\"450,675\" data-comments-opened=\"1\" data-image-meta=\"{&quot;aperture&quot;:&quot;8&quot;,&quot;credit&quot;:&quot;&quot;,&quot;camera&quot;:&quot;NIKON D800&quot;,&quot;caption&quot;:&quot;&quot;,&quot;created_timestamp&quot;:&quot;1371949659&quot;,&quot;copyright&quot;:&quot;&quot;,&quot;focal_length&quot;:&quot;50&quot;,&quot;iso&quot;:&quot;200&quot;,&quot;shutter_speed&quot;:&quot;0.00625&quot;,&quot;title&quot;:&quot;&quot;}\" data-image-title=\"Moda Masculina :: Band of Outsiders se inspira em Mick Jagger para seu Ver\u00e3o 2014  \" data-image-description=\"\" data-image-caption=\"&lt;p&gt;Moda Masculina :: Band of Outsiders se inspira em Mick Jagger para seu Ver\u00e3o 2014  &lt;\/p&gt;\n\" data-medium-file=\"https:\/\/i0.wp.com\/agrund.com\/wp-content\/uploads\/sites\/6\/2013\/07\/1372168451658_band-of-outsiders-milan-fashion-week-spring-2014-14.jpg?fit=200%2C300&amp;ssl=1\" data-large-file=\"https:\/\/i0.wp.com\/agrund.com\/wp-content\/uploads\/sites\/6\/2013\/07\/1372168451658_band-of-outsiders-milan-fashion-week-spring-2014-14.jpg?fit=450%2C675&amp;ssl=1\" decoding=\"async\" loading=\"lazy\" class=\"size-full wp-image-77450\" alt=\"Moda Masculina :: Band of Outsiders se inspira em Mick Jagger para seu Ver\u00e3o 2014  \" src=\"https:\/\/i0.wp.com\/www.agrund.com\/wp-content\/uploads\/sites\/6\/2013\/07\/1372168451658_band-of-outsiders-milan-fashion-week-spring-2014-14.jpg?resize=450%2C675\" width=\"450\" height=\"675\" srcset=\"https:\/\/i0.wp.com\/agrund.com\/wp-content\/uploads\/sites\/6\/2013\/07\/1372168451658_band-of-outsiders-milan-fashion-week-spring-2014-14.jpg?w=450&amp;ssl=1 450w, https:\/\/i0.wp.com\/agrund.com\/wp-content\/uploads\/sites\/6\/2013\/07\/1372168451658_band-of-outsiders-milan-fashion-week-spring-2014-14.jpg?resize=200%2C300&amp;ssl=1 200w\" sizes=\"(max-width: 450px) 100vw, 450px\" data-recalc-dims=\"1\" \/><\/a><p id=\"caption-attachment-77450\" class=\"wp-caption-text\">Moda Masculina :: Band of Outsiders se inspira em Mick Jagger para seu Ver\u00e3o 2014<\/p><\/div>\n<div id=\"attachment_77451\" style=\"width: 460px\" class=\"wp-caption aligncenter\"><a href=\"https:\/\/i0.wp.com\/www.agrund.com\/wp-content\/uploads\/sites\/6\/2013\/07\/1372168451662_band-of-outsiders-milan-fashion-week-spring-2014-18.jpg\"><img aria-describedby=\"caption-attachment-77451\" data-attachment-id=\"77451\" data-permalink=\"https:\/\/agrund.com\/index.php\/band-of-outsiders-se-inspira-em-mick-jagger-para-seu-verao-2014\/1372168451662_band-of-outsiders-milan-fashion-week-spring-2014-18\/\" data-orig-file=\"https:\/\/i0.wp.com\/agrund.com\/wp-content\/uploads\/sites\/6\/2013\/07\/1372168451662_band-of-outsiders-milan-fashion-week-spring-2014-18.jpg?fit=450%2C675&amp;ssl=1\" data-orig-size=\"450,675\" data-comments-opened=\"1\" data-image-meta=\"{&quot;aperture&quot;:&quot;8&quot;,&quot;credit&quot;:&quot;&quot;,&quot;camera&quot;:&quot;NIKON D800&quot;,&quot;caption&quot;:&quot;&quot;,&quot;created_timestamp&quot;:&quot;1371959634&quot;,&quot;copyright&quot;:&quot;&quot;,&quot;focal_length&quot;:&quot;50&quot;,&quot;iso&quot;:&quot;200&quot;,&quot;shutter_speed&quot;:&quot;0.00625&quot;,&quot;title&quot;:&quot;&quot;}\" data-image-title=\"Moda Masculina :: Band of Outsiders se inspira em Mick Jagger para seu Ver\u00e3o 2014  \" data-image-description=\"\" data-image-caption=\"&lt;p&gt;Moda Masculina :: Band of Outsiders se inspira em Mick Jagger para seu Ver\u00e3o 2014  &lt;\/p&gt;\n\" data-medium-file=\"https:\/\/i0.wp.com\/agrund.com\/wp-content\/uploads\/sites\/6\/2013\/07\/1372168451662_band-of-outsiders-milan-fashion-week-spring-2014-18.jpg?fit=200%2C300&amp;ssl=1\" data-large-file=\"https:\/\/i0.wp.com\/agrund.com\/wp-content\/uploads\/sites\/6\/2013\/07\/1372168451662_band-of-outsiders-milan-fashion-week-spring-2014-18.jpg?fit=450%2C675&amp;ssl=1\" decoding=\"async\" loading=\"lazy\" class=\"size-full wp-image-77451\" alt=\"Moda Masculina :: Band of Outsiders se inspira em Mick Jagger para seu Ver\u00e3o 2014  \" src=\"https:\/\/i0.wp.com\/www.agrund.com\/wp-content\/uploads\/sites\/6\/2013\/07\/1372168451662_band-of-outsiders-milan-fashion-week-spring-2014-18.jpg?resize=450%2C675\" width=\"450\" height=\"675\" srcset=\"https:\/\/i0.wp.com\/agrund.com\/wp-content\/uploads\/sites\/6\/2013\/07\/1372168451662_band-of-outsiders-milan-fashion-week-spring-2014-18.jpg?w=450&amp;ssl=1 450w, https:\/\/i0.wp.com\/agrund.com\/wp-content\/uploads\/sites\/6\/2013\/07\/1372168451662_band-of-outsiders-milan-fashion-week-spring-2014-18.jpg?resize=200%2C300&amp;ssl=1 200w\" sizes=\"(max-width: 450px) 100vw, 450px\" data-recalc-dims=\"1\" \/><\/a><p id=\"caption-attachment-77451\" class=\"wp-caption-text\">Moda Masculina :: Band of Outsiders se inspira em Mick Jagger para seu Ver\u00e3o 2014<\/p><\/div>\n<div id=\"attachment_77452\" style=\"width: 460px\" class=\"wp-caption aligncenter\"><a href=\"https:\/\/i0.wp.com\/www.agrund.com\/wp-content\/uploads\/sites\/6\/2013\/07\/1372168451663_band-of-outsiders-milan-fashion-week-spring-2014-19.jpg\"><img aria-describedby=\"caption-attachment-77452\" data-attachment-id=\"77452\" data-permalink=\"https:\/\/agrund.com\/index.php\/band-of-outsiders-se-inspira-em-mick-jagger-para-seu-verao-2014\/1372168451663_band-of-outsiders-milan-fashion-week-spring-2014-19\/\" data-orig-file=\"https:\/\/i0.wp.com\/agrund.com\/wp-content\/uploads\/sites\/6\/2013\/07\/1372168451663_band-of-outsiders-milan-fashion-week-spring-2014-19.jpg?fit=450%2C675&amp;ssl=1\" data-orig-size=\"450,675\" data-comments-opened=\"1\" data-image-meta=\"{&quot;aperture&quot;:&quot;7.1&quot;,&quot;credit&quot;:&quot;&quot;,&quot;camera&quot;:&quot;NIKON D800&quot;,&quot;caption&quot;:&quot;&quot;,&quot;created_timestamp&quot;:&quot;1371961903&quot;,&quot;copyright&quot;:&quot;&quot;,&quot;focal_length&quot;:&quot;50&quot;,&quot;iso&quot;:&quot;200&quot;,&quot;shutter_speed&quot;:&quot;0.00625&quot;,&quot;title&quot;:&quot;&quot;}\" data-image-title=\"Moda Masculina :: Band of Outsiders se inspira em Mick Jagger para seu Ver\u00e3o 2014  \" data-image-description=\"\" data-image-caption=\"&lt;p&gt;Moda Masculina :: Band of Outsiders se inspira em Mick Jagger para seu Ver\u00e3o 2014  &lt;\/p&gt;\n\" data-medium-file=\"https:\/\/i0.wp.com\/agrund.com\/wp-content\/uploads\/sites\/6\/2013\/07\/1372168451663_band-of-outsiders-milan-fashion-week-spring-2014-19.jpg?fit=200%2C300&amp;ssl=1\" data-large-file=\"https:\/\/i0.wp.com\/agrund.com\/wp-content\/uploads\/sites\/6\/2013\/07\/1372168451663_band-of-outsiders-milan-fashion-week-spring-2014-19.jpg?fit=450%2C675&amp;ssl=1\" decoding=\"async\" loading=\"lazy\" class=\"size-full wp-image-77452\" alt=\"Moda Masculina :: Band of Outsiders se inspira em Mick Jagger para seu Ver\u00e3o 2014  \" src=\"https:\/\/i0.wp.com\/www.agrund.com\/wp-content\/uploads\/sites\/6\/2013\/07\/1372168451663_band-of-outsiders-milan-fashion-week-spring-2014-19.jpg?resize=450%2C675\" width=\"450\" height=\"675\" srcset=\"https:\/\/i0.wp.com\/agrund.com\/wp-content\/uploads\/sites\/6\/2013\/07\/1372168451663_band-of-outsiders-milan-fashion-week-spring-2014-19.jpg?w=450&amp;ssl=1 450w, https:\/\/i0.wp.com\/agrund.com\/wp-content\/uploads\/sites\/6\/2013\/07\/1372168451663_band-of-outsiders-milan-fashion-week-spring-2014-19.jpg?resize=200%2C300&amp;ssl=1 200w\" sizes=\"(max-width: 450px) 100vw, 450px\" data-recalc-dims=\"1\" \/><\/a><p id=\"caption-attachment-77452\" class=\"wp-caption-text\">Moda Masculina :: Band of Outsiders se inspira em Mick Jagger para seu Ver\u00e3o 2014<\/p><\/div>\n<div id=\"attachment_77453\" style=\"width: 460px\" class=\"wp-caption aligncenter\"><a href=\"https:\/\/i0.wp.com\/www.agrund.com\/wp-content\/uploads\/sites\/6\/2013\/07\/1372168451663_band-of-outsiders-milan-fashion-week-spring-2014-20.jpg\"><img aria-describedby=\"caption-attachment-77453\" data-attachment-id=\"77453\" data-permalink=\"https:\/\/agrund.com\/index.php\/band-of-outsiders-se-inspira-em-mick-jagger-para-seu-verao-2014\/1372168451663_band-of-outsiders-milan-fashion-week-spring-2014-20\/\" data-orig-file=\"https:\/\/i0.wp.com\/agrund.com\/wp-content\/uploads\/sites\/6\/2013\/07\/1372168451663_band-of-outsiders-milan-fashion-week-spring-2014-20.jpg?fit=450%2C675&amp;ssl=1\" data-orig-size=\"450,675\" data-comments-opened=\"1\" data-image-meta=\"{&quot;aperture&quot;:&quot;6.3&quot;,&quot;credit&quot;:&quot;&quot;,&quot;camera&quot;:&quot;NIKON D800&quot;,&quot;caption&quot;:&quot;&quot;,&quot;created_timestamp&quot;:&quot;1371962304&quot;,&quot;copyright&quot;:&quot;&quot;,&quot;focal_length&quot;:&quot;50&quot;,&quot;iso&quot;:&quot;200&quot;,&quot;shutter_speed&quot;:&quot;0.00625&quot;,&quot;title&quot;:&quot;&quot;}\" data-image-title=\"Moda Masculina :: Band of Outsiders se inspira em Mick Jagger para seu Ver\u00e3o 2014  \" data-image-description=\"\" data-image-caption=\"&lt;p&gt;Moda Masculina :: Band of Outsiders se inspira em Mick Jagger para seu Ver\u00e3o 2014  &lt;\/p&gt;\n\" data-medium-file=\"https:\/\/i0.wp.com\/agrund.com\/wp-content\/uploads\/sites\/6\/2013\/07\/1372168451663_band-of-outsiders-milan-fashion-week-spring-2014-20.jpg?fit=200%2C300&amp;ssl=1\" data-large-file=\"https:\/\/i0.wp.com\/agrund.com\/wp-content\/uploads\/sites\/6\/2013\/07\/1372168451663_band-of-outsiders-milan-fashion-week-spring-2014-20.jpg?fit=450%2C675&amp;ssl=1\" decoding=\"async\" loading=\"lazy\" class=\"size-full wp-image-77453\" alt=\"Moda Masculina :: Band of Outsiders se inspira em Mick Jagger para seu Ver\u00e3o 2014  \" src=\"https:\/\/i0.wp.com\/www.agrund.com\/wp-content\/uploads\/sites\/6\/2013\/07\/1372168451663_band-of-outsiders-milan-fashion-week-spring-2014-20.jpg?resize=450%2C675\" width=\"450\" height=\"675\" srcset=\"https:\/\/i0.wp.com\/agrund.com\/wp-content\/uploads\/sites\/6\/2013\/07\/1372168451663_band-of-outsiders-milan-fashion-week-spring-2014-20.jpg?w=450&amp;ssl=1 450w, https:\/\/i0.wp.com\/agrund.com\/wp-content\/uploads\/sites\/6\/2013\/07\/1372168451663_band-of-outsiders-milan-fashion-week-spring-2014-20.jpg?resize=200%2C300&amp;ssl=1 200w\" sizes=\"(max-width: 450px) 100vw, 450px\" data-recalc-dims=\"1\" \/><\/a><p id=\"caption-attachment-77453\" class=\"wp-caption-text\">Moda Masculina :: Band of Outsiders se inspira em Mick Jagger para seu Ver\u00e3o 2014<\/p><\/div>\n<div id=\"attachment_77454\" style=\"width: 460px\" class=\"wp-caption aligncenter\"><a href=\"https:\/\/i0.wp.com\/www.agrund.com\/wp-content\/uploads\/sites\/6\/2013\/07\/1372169028994_band-of-outsiders-milan-fashion-week-spring-2014-08.jpg\"><img aria-describedby=\"caption-attachment-77454\" data-attachment-id=\"77454\" data-permalink=\"https:\/\/agrund.com\/index.php\/band-of-outsiders-se-inspira-em-mick-jagger-para-seu-verao-2014\/1372169028994_band-of-outsiders-milan-fashion-week-spring-2014-08\/\" data-orig-file=\"https:\/\/i0.wp.com\/agrund.com\/wp-content\/uploads\/sites\/6\/2013\/07\/1372169028994_band-of-outsiders-milan-fashion-week-spring-2014-08.jpg?fit=450%2C675&amp;ssl=1\" data-orig-size=\"450,675\" data-comments-opened=\"1\" data-image-meta=\"{&quot;aperture&quot;:&quot;0&quot;,&quot;credit&quot;:&quot;&quot;,&quot;camera&quot;:&quot;&quot;,&quot;caption&quot;:&quot;&quot;,&quot;created_timestamp&quot;:&quot;0&quot;,&quot;copyright&quot;:&quot;&quot;,&quot;focal_length&quot;:&quot;0&quot;,&quot;iso&quot;:&quot;0&quot;,&quot;shutter_speed&quot;:&quot;0&quot;,&quot;title&quot;:&quot;&quot;}\" data-image-title=\"Moda Masculina :: Band of Outsiders se inspira em Mick Jagger para seu Ver\u00e3o 2014  \" data-image-description=\"\" data-image-caption=\"&lt;p&gt;Moda Masculina :: Band of Outsiders se inspira em Mick Jagger para seu Ver\u00e3o 2014  &lt;\/p&gt;\n\" data-medium-file=\"https:\/\/i0.wp.com\/agrund.com\/wp-content\/uploads\/sites\/6\/2013\/07\/1372169028994_band-of-outsiders-milan-fashion-week-spring-2014-08.jpg?fit=200%2C300&amp;ssl=1\" data-large-file=\"https:\/\/i0.wp.com\/agrund.com\/wp-content\/uploads\/sites\/6\/2013\/07\/1372169028994_band-of-outsiders-milan-fashion-week-spring-2014-08.jpg?fit=450%2C675&amp;ssl=1\" decoding=\"async\" loading=\"lazy\" class=\"size-full wp-image-77454\" alt=\"Moda Masculina :: Band of Outsiders se inspira em Mick Jagger para seu Ver\u00e3o 2014  \" src=\"https:\/\/i0.wp.com\/www.agrund.com\/wp-content\/uploads\/sites\/6\/2013\/07\/1372169028994_band-of-outsiders-milan-fashion-week-spring-2014-08.jpg?resize=450%2C675\" width=\"450\" height=\"675\" srcset=\"https:\/\/i0.wp.com\/agrund.com\/wp-content\/uploads\/sites\/6\/2013\/07\/1372169028994_band-of-outsiders-milan-fashion-week-spring-2014-08.jpg?w=450&amp;ssl=1 450w, https:\/\/i0.wp.com\/agrund.com\/wp-content\/uploads\/sites\/6\/2013\/07\/1372169028994_band-of-outsiders-milan-fashion-week-spring-2014-08.jpg?resize=200%2C300&amp;ssl=1 200w\" sizes=\"(max-width: 450px) 100vw, 450px\" data-recalc-dims=\"1\" \/><\/a><p id=\"caption-attachment-77454\" class=\"wp-caption-text\">Moda Masculina :: Band of Outsiders se inspira em Mick Jagger para seu Ver\u00e3o 2014<\/p><\/div>\n<p>Imagens Reprodu\u00e7\u00e3o.<\/p>\n<p>&nbsp;<\/p>\n<p>&nbsp;<\/p>\n<p>&nbsp;<\/p>\n<p>&nbsp;<\/p>\n<p>&nbsp;<\/p>\n<p>&nbsp;<\/p>\n<p>&nbsp;<\/p>\n<p>&nbsp;<\/p>\n<p>&nbsp;<\/p>\n<p>&nbsp;<\/p>\n","protected":false},"excerpt":{"rendered":"<p>A Band Of Outsiders convocou o m\u00fasico Devendra Banhart para estrelar sua campanha Primavera\/Ver\u00e3o 2014. Nos cliques, Devandra n\u00e3o \u00e9 ele mesmo, isso porque o artista interpreta Mick Jagger em sua juventude. A cole\u00e7\u00e3o toda \u00e9 inspirada em Jagger e traz desde tecidos leves como seda \u00e0 moletom, couro e alfaiataria. Os cliques foram feitos [&hellip;]<\/p>\n","protected":false},"author":8,"featured_media":77456,"comment_status":"open","ping_status":"open","sticky":false,"template":"","format":"standard","meta":{"jetpack_post_was_ever_published":false,"_jetpack_newsletter_access":"","jetpack_publicize_message":"","jetpack_is_tweetstorm":false,"jetpack_publicize_feature_enabled":true,"jetpack_social_post_already_shared":true,"jetpack_social_options":{"image_generator_settings":{"template":"highway","enabled":false}}},"categories":[6],"tags":[],"jetpack_publicize_connections":[],"jetpack_featured_media_url":"https:\/\/i0.wp.com\/agrund.com\/wp-content\/uploads\/sites\/6\/2013\/07\/slideband.png?fit=960%2C300&ssl=1","jetpack_sharing_enabled":true,"jetpack_shortlink":"https:\/\/wp.me\/p3Hz0n-k95","jetpack_likes_enabled":true,"_links":{"self":[{"href":"https:\/\/agrund.com\/index.php\/wp-json\/wp\/v2\/posts\/77443"}],"collection":[{"href":"https:\/\/agrund.com\/index.php\/wp-json\/wp\/v2\/posts"}],"about":[{"href":"https:\/\/agrund.com\/index.php\/wp-json\/wp\/v2\/types\/post"}],"author":[{"embeddable":true,"href":"https:\/\/agrund.com\/index.php\/wp-json\/wp\/v2\/users\/8"}],"replies":[{"embeddable":true,"href":"https:\/\/agrund.com\/index.php\/wp-json\/wp\/v2\/comments?post=77443"}],"version-history":[{"count":0,"href":"https:\/\/agrund.com\/index.php\/wp-json\/wp\/v2\/posts\/77443\/revisions"}],"wp:featuredmedia":[{"embeddable":true,"href":"https:\/\/agrund.com\/index.php\/wp-json\/wp\/v2\/media\/77456"}],"wp:attachment":[{"href":"https:\/\/agrund.com\/index.php\/wp-json\/wp\/v2\/media?parent=77443"}],"wp:term":[{"taxonomy":"category","embeddable":true,"href":"https:\/\/agrund.com\/index.php\/wp-json\/wp\/v2\/categories?post=77443"},{"taxonomy":"post_tag","embeddable":true,"href":"https:\/\/agrund.com\/index.php\/wp-json\/wp\/v2\/tags?post=77443"}],"curies":[{"name":"wp","href":"https:\/\/api.w.org\/{rel}","templated":true}]}}