{"id":77441,"date":"2013-07-08T14:00:04","date_gmt":"2013-07-08T17:00:04","guid":{"rendered":"http:\/\/www.agrund.com\/?p=77441"},"modified":"2013-07-08T14:31:44","modified_gmt":"2013-07-08T17:31:44","slug":"homem-de-estilo-rodrigo-hilbert","status":"publish","type":"post","link":"https:\/\/agrund.com\/index.php\/homem-de-estilo-rodrigo-hilbert\/","title":{"rendered":"Moda Masculina :: Homem de Estilo Rodrigo Hilbert"},"content":{"rendered":"<p>Fui ao Rio de Janeiro fotografar um ensaio com o ator Rodrigo Hilbert para a Revista Estilo, edi\u00e7\u00e3o de Junho. Para um homem que cuida dos filhos g\u00eameos, atua, tem um programa de TV e ainda \u00e9 apaixonado por sua mulher, a atriz Fernanda Lima, Rodrigo se mostrou dispon\u00edvel e tranquilo nas fotos.<\/p>\n<div id=\"attachment_77462\" style=\"width: 476px\" class=\"wp-caption aligncenter\"><a href=\"https:\/\/i0.wp.com\/www.agrund.com\/wp-content\/uploads\/sites\/6\/2013\/07\/19.jpg\"><img aria-describedby=\"caption-attachment-77462\" data-attachment-id=\"77462\" data-permalink=\"https:\/\/agrund.com\/index.php\/homem-de-estilo-rodrigo-hilbert\/1-7\/\" data-orig-file=\"https:\/\/i0.wp.com\/agrund.com\/wp-content\/uploads\/sites\/6\/2013\/07\/19.jpg?fit=466%2C558&amp;ssl=1\" data-orig-size=\"466,558\" data-comments-opened=\"1\" data-image-meta=\"{&quot;aperture&quot;:&quot;0&quot;,&quot;credit&quot;:&quot;&quot;,&quot;camera&quot;:&quot;&quot;,&quot;caption&quot;:&quot;&quot;,&quot;created_timestamp&quot;:&quot;0&quot;,&quot;copyright&quot;:&quot;&quot;,&quot;focal_length&quot;:&quot;0&quot;,&quot;iso&quot;:&quot;0&quot;,&quot;shutter_speed&quot;:&quot;0&quot;,&quot;title&quot;:&quot;&quot;}\" data-image-title=\"Moda Masculina :: Homem de Estilo Rodrigo Hilbert  \" data-image-description=\"\" data-image-caption=\"&lt;p&gt;Moda Masculina :: Homem de Estilo Rodrigo Hilbert  &lt;\/p&gt;\n\" data-medium-file=\"https:\/\/i0.wp.com\/agrund.com\/wp-content\/uploads\/sites\/6\/2013\/07\/19.jpg?fit=250%2C300&amp;ssl=1\" data-large-file=\"https:\/\/i0.wp.com\/agrund.com\/wp-content\/uploads\/sites\/6\/2013\/07\/19.jpg?fit=466%2C558&amp;ssl=1\" decoding=\"async\" loading=\"lazy\" class=\"size-full wp-image-77462\" alt=\"Moda Masculina :: Homem de Estilo Rodrigo Hilbert  \" src=\"https:\/\/i0.wp.com\/www.agrund.com\/wp-content\/uploads\/sites\/6\/2013\/07\/19.jpg?resize=466%2C558\" width=\"466\" height=\"558\" srcset=\"https:\/\/i0.wp.com\/agrund.com\/wp-content\/uploads\/sites\/6\/2013\/07\/19.jpg?w=466&amp;ssl=1 466w, https:\/\/i0.wp.com\/agrund.com\/wp-content\/uploads\/sites\/6\/2013\/07\/19.jpg?resize=250%2C300&amp;ssl=1 250w\" sizes=\"(max-width: 466px) 100vw, 466px\" data-recalc-dims=\"1\" \/><\/a><p id=\"caption-attachment-77462\" class=\"wp-caption-text\">Moda Masculina :: Homem de Estilo Rodrigo Hilbert<\/p><\/div>\n<div id=\"attachment_77463\" style=\"width: 476px\" class=\"wp-caption aligncenter\"><a href=\"https:\/\/i0.wp.com\/www.agrund.com\/wp-content\/uploads\/sites\/6\/2013\/07\/26.jpg\"><img aria-describedby=\"caption-attachment-77463\" data-attachment-id=\"77463\" data-permalink=\"https:\/\/agrund.com\/index.php\/homem-de-estilo-rodrigo-hilbert\/2-7\/\" data-orig-file=\"https:\/\/i0.wp.com\/agrund.com\/wp-content\/uploads\/sites\/6\/2013\/07\/26.jpg?fit=466%2C558&amp;ssl=1\" data-orig-size=\"466,558\" data-comments-opened=\"1\" data-image-meta=\"{&quot;aperture&quot;:&quot;0&quot;,&quot;credit&quot;:&quot;&quot;,&quot;camera&quot;:&quot;&quot;,&quot;caption&quot;:&quot;&quot;,&quot;created_timestamp&quot;:&quot;0&quot;,&quot;copyright&quot;:&quot;&quot;,&quot;focal_length&quot;:&quot;0&quot;,&quot;iso&quot;:&quot;0&quot;,&quot;shutter_speed&quot;:&quot;0&quot;,&quot;title&quot;:&quot;&quot;}\" data-image-title=\"Moda Masculina :: Homem de Estilo Rodrigo Hilbert  \" data-image-description=\"\" data-image-caption=\"&lt;p&gt;Moda Masculina :: Homem de Estilo Rodrigo Hilbert  &lt;\/p&gt;\n\" data-medium-file=\"https:\/\/i0.wp.com\/agrund.com\/wp-content\/uploads\/sites\/6\/2013\/07\/26.jpg?fit=250%2C300&amp;ssl=1\" data-large-file=\"https:\/\/i0.wp.com\/agrund.com\/wp-content\/uploads\/sites\/6\/2013\/07\/26.jpg?fit=466%2C558&amp;ssl=1\" decoding=\"async\" loading=\"lazy\" class=\"size-full wp-image-77463\" alt=\"Moda Masculina :: Homem de Estilo Rodrigo Hilbert  \" src=\"https:\/\/i0.wp.com\/www.agrund.com\/wp-content\/uploads\/sites\/6\/2013\/07\/26.jpg?resize=466%2C558\" width=\"466\" height=\"558\" srcset=\"https:\/\/i0.wp.com\/agrund.com\/wp-content\/uploads\/sites\/6\/2013\/07\/26.jpg?w=466&amp;ssl=1 466w, https:\/\/i0.wp.com\/agrund.com\/wp-content\/uploads\/sites\/6\/2013\/07\/26.jpg?resize=250%2C300&amp;ssl=1 250w\" sizes=\"(max-width: 466px) 100vw, 466px\" data-recalc-dims=\"1\" \/><\/a><p id=\"caption-attachment-77463\" class=\"wp-caption-text\">Moda Masculina :: Homem de Estilo Rodrigo Hilbert<\/p><\/div>\n<div id=\"attachment_77464\" style=\"width: 476px\" class=\"wp-caption aligncenter\"><a href=\"https:\/\/i0.wp.com\/www.agrund.com\/wp-content\/uploads\/sites\/6\/2013\/07\/36.jpg\"><img aria-describedby=\"caption-attachment-77464\" data-attachment-id=\"77464\" data-permalink=\"https:\/\/agrund.com\/index.php\/homem-de-estilo-rodrigo-hilbert\/3-7\/\" data-orig-file=\"https:\/\/i0.wp.com\/agrund.com\/wp-content\/uploads\/sites\/6\/2013\/07\/36.jpg?fit=466%2C558&amp;ssl=1\" data-orig-size=\"466,558\" data-comments-opened=\"1\" data-image-meta=\"{&quot;aperture&quot;:&quot;0&quot;,&quot;credit&quot;:&quot;&quot;,&quot;camera&quot;:&quot;&quot;,&quot;caption&quot;:&quot;&quot;,&quot;created_timestamp&quot;:&quot;0&quot;,&quot;copyright&quot;:&quot;&quot;,&quot;focal_length&quot;:&quot;0&quot;,&quot;iso&quot;:&quot;0&quot;,&quot;shutter_speed&quot;:&quot;0&quot;,&quot;title&quot;:&quot;&quot;}\" data-image-title=\"Moda Masculina :: Homem de Estilo Rodrigo Hilbert  \" data-image-description=\"\" data-image-caption=\"&lt;p&gt;Moda Masculina :: Homem de Estilo Rodrigo Hilbert  &lt;\/p&gt;\n\" data-medium-file=\"https:\/\/i0.wp.com\/agrund.com\/wp-content\/uploads\/sites\/6\/2013\/07\/36.jpg?fit=250%2C300&amp;ssl=1\" data-large-file=\"https:\/\/i0.wp.com\/agrund.com\/wp-content\/uploads\/sites\/6\/2013\/07\/36.jpg?fit=466%2C558&amp;ssl=1\" decoding=\"async\" loading=\"lazy\" class=\"size-full wp-image-77464\" alt=\"Moda Masculina :: Homem de Estilo Rodrigo Hilbert  \" src=\"https:\/\/i0.wp.com\/www.agrund.com\/wp-content\/uploads\/sites\/6\/2013\/07\/36.jpg?resize=466%2C558\" width=\"466\" height=\"558\" srcset=\"https:\/\/i0.wp.com\/agrund.com\/wp-content\/uploads\/sites\/6\/2013\/07\/36.jpg?w=466&amp;ssl=1 466w, https:\/\/i0.wp.com\/agrund.com\/wp-content\/uploads\/sites\/6\/2013\/07\/36.jpg?resize=250%2C300&amp;ssl=1 250w\" sizes=\"(max-width: 466px) 100vw, 466px\" data-recalc-dims=\"1\" \/><\/a><p id=\"caption-attachment-77464\" class=\"wp-caption-text\">Moda Masculina :: Homem de Estilo Rodrigo Hilbert<\/p><\/div>\n<p>Imagens: Divulga\u00e7\u00e3o.<\/p>\n<p>&nbsp;<\/p>\n<p>&nbsp;<\/p>\n<p>&nbsp;<\/p>\n","protected":false},"excerpt":{"rendered":"<p>Fui ao Rio de Janeiro fotografar um ensaio com o ator Rodrigo Hilbert para a Revista Estilo, edi\u00e7\u00e3o de Junho. Para um homem que cuida dos filhos g\u00eameos, atua, tem um programa de TV e ainda \u00e9 apaixonado por sua mulher, a atriz Fernanda Lima, Rodrigo se mostrou dispon\u00edvel e tranquilo nas fotos. Imagens: Divulga\u00e7\u00e3o. [&hellip;]<\/p>\n","protected":false},"author":8,"featured_media":77534,"comment_status":"open","ping_status":"open","sticky":false,"template":"","format":"standard","meta":{"jetpack_post_was_ever_published":false,"_jetpack_newsletter_access":"","jetpack_publicize_message":"","jetpack_is_tweetstorm":false,"jetpack_publicize_feature_enabled":true,"jetpack_social_post_already_shared":true,"jetpack_social_options":{"image_generator_settings":{"template":"highway","enabled":false}}},"categories":[6],"tags":[],"jetpack_publicize_connections":[],"jetpack_featured_media_url":"https:\/\/i0.wp.com\/agrund.com\/wp-content\/uploads\/sites\/6\/2013\/07\/slideorodrigo1.jpg?fit=960%2C300&ssl=1","jetpack_sharing_enabled":true,"jetpack_shortlink":"https:\/\/wp.me\/p3Hz0n-k93","jetpack_likes_enabled":true,"_links":{"self":[{"href":"https:\/\/agrund.com\/index.php\/wp-json\/wp\/v2\/posts\/77441"}],"collection":[{"href":"https:\/\/agrund.com\/index.php\/wp-json\/wp\/v2\/posts"}],"about":[{"href":"https:\/\/agrund.com\/index.php\/wp-json\/wp\/v2\/types\/post"}],"author":[{"embeddable":true,"href":"https:\/\/agrund.com\/index.php\/wp-json\/wp\/v2\/users\/8"}],"replies":[{"embeddable":true,"href":"https:\/\/agrund.com\/index.php\/wp-json\/wp\/v2\/comments?post=77441"}],"version-history":[{"count":0,"href":"https:\/\/agrund.com\/index.php\/wp-json\/wp\/v2\/posts\/77441\/revisions"}],"wp:featuredmedia":[{"embeddable":true,"href":"https:\/\/agrund.com\/index.php\/wp-json\/wp\/v2\/media\/77534"}],"wp:attachment":[{"href":"https:\/\/agrund.com\/index.php\/wp-json\/wp\/v2\/media?parent=77441"}],"wp:term":[{"taxonomy":"category","embeddable":true,"href":"https:\/\/agrund.com\/index.php\/wp-json\/wp\/v2\/categories?post=77441"},{"taxonomy":"post_tag","embeddable":true,"href":"https:\/\/agrund.com\/index.php\/wp-json\/wp\/v2\/tags?post=77441"}],"curies":[{"name":"wp","href":"https:\/\/api.w.org\/{rel}","templated":true}]}}