{"id":77413,"date":"2013-07-08T11:00:53","date_gmt":"2013-07-08T14:00:53","guid":{"rendered":"http:\/\/www.agrund.com\/?p=77413"},"modified":"2013-07-08T15:08:59","modified_gmt":"2013-07-08T18:08:59","slug":"semana-de-moda-de-paris-alerta-tendencia-para-os-mais-descolados","status":"publish","type":"post","link":"https:\/\/agrund.com\/index.php\/semana-de-moda-de-paris-alerta-tendencia-para-os-mais-descolados\/","title":{"rendered":"Semana de Moda de Paris \u2013 Tend\u00eancia para os mais descolados"},"content":{"rendered":"<p>A \u00faltima semana de moda masculina da temporada ver\u00e3o 2014 aconteceu em Paris e, claro, fiquei de olhos bem abertos para trazer mais novidades para voc\u00eas. Se \u00e9 que \u00e9 poss\u00edvel t\u00ea-las, mas como a moda se reinventa, inclusive para os homens, vamos l\u00e1! Invas\u00e3o ao closet alheio, o enaltecer da natureza, praticidade na hora de pensar com que roupa eu vou e mais ainda, estaria o mundo de novo voltando \u00e0s suas origens ind\u00edgenas? Bem, o que vale mesmo \u00e9 que a moda junta tudo isso em uma salada e a chama de tend\u00eancia. E o nosso alerta ligou!<\/p>\n<p>Alerta tend\u00eancia \u2013 Viva Natureza: Cada estilista se apropriou do tema e trouxe sua interpreta\u00e7\u00e3o para uma cole\u00e7\u00e3o bem ver\u00e3o. O estilista belga Dries van Noten trouxe flores, folhas, animais e uma cartela de cores que vai do s\u00f3brio verde ao rosa de uma ave. Escolhi esse look por que, al\u00e9m da estampa, a jaqueta esportiva com z\u00edper aparece num belo mix com camiseta e shorts. J\u00e1 a marca Kenzo foi para um caminho mar\u00edtimo e criou uma estampa figurativa de ondas revoltas e turbulentas, s\u00f3 que em preto e branco.<\/p>\n<div id=\"attachment_77414\" style=\"width: 459px\" class=\"wp-caption aligncenter\"><a href=\"https:\/\/i0.wp.com\/www.agrund.com\/wp-content\/uploads\/sites\/6\/2013\/07\/1-Dries-van-Noten-Estampa-natureza.jpg\"><img aria-describedby=\"caption-attachment-77414\" data-attachment-id=\"77414\" data-permalink=\"https:\/\/agrund.com\/index.php\/semana-de-moda-de-paris-alerta-tendencia-para-os-mais-descolados\/1-dries-van-noten-estampa-natureza\/\" data-orig-file=\"https:\/\/i0.wp.com\/agrund.com\/wp-content\/uploads\/sites\/6\/2013\/07\/1-Dries-van-Noten-Estampa-natureza.jpg?fit=449%2C675&amp;ssl=1\" data-orig-size=\"449,675\" data-comments-opened=\"1\" data-image-meta=\"{&quot;aperture&quot;:&quot;5.6&quot;,&quot;credit&quot;:&quot;&quot;,&quot;camera&quot;:&quot;NIKON D4&quot;,&quot;caption&quot;:&quot;&quot;,&quot;created_timestamp&quot;:&quot;1372361872&quot;,&quot;copyright&quot;:&quot;photo: Yannis Vlamos \\\/InDigitalteam | GoRunway&quot;,&quot;focal_length&quot;:&quot;160&quot;,&quot;iso&quot;:&quot;400&quot;,&quot;shutter_speed&quot;:&quot;0.002&quot;,&quot;title&quot;:&quot;&quot;}\" data-image-title=\"Semana de Moda de Paris &#8211; Alerta Tend\u00eancia para os mais descolados  \" data-image-description=\"\" data-image-caption=\"&lt;p&gt;Dries van Noten &lt;\/p&gt;\n\" data-medium-file=\"https:\/\/i0.wp.com\/agrund.com\/wp-content\/uploads\/sites\/6\/2013\/07\/1-Dries-van-Noten-Estampa-natureza.jpg?fit=199%2C300&amp;ssl=1\" data-large-file=\"https:\/\/i0.wp.com\/agrund.com\/wp-content\/uploads\/sites\/6\/2013\/07\/1-Dries-van-Noten-Estampa-natureza.jpg?fit=449%2C675&amp;ssl=1\" decoding=\"async\" loading=\"lazy\" class=\"size-full wp-image-77414\" alt=\"Semana de Moda de Paris - Alerta Tend\u00eancia para os mais descolados  \" src=\"https:\/\/i0.wp.com\/www.agrund.com\/wp-content\/uploads\/sites\/6\/2013\/07\/1-Dries-van-Noten-Estampa-natureza.jpg?resize=449%2C675\" width=\"449\" height=\"675\" srcset=\"https:\/\/i0.wp.com\/agrund.com\/wp-content\/uploads\/sites\/6\/2013\/07\/1-Dries-van-Noten-Estampa-natureza.jpg?w=449&amp;ssl=1 449w, https:\/\/i0.wp.com\/agrund.com\/wp-content\/uploads\/sites\/6\/2013\/07\/1-Dries-van-Noten-Estampa-natureza.jpg?resize=199%2C300&amp;ssl=1 199w\" sizes=\"(max-width: 449px) 100vw, 449px\" data-recalc-dims=\"1\" \/><\/a><p id=\"caption-attachment-77414\" class=\"wp-caption-text\">Dries van Noten<\/p><\/div>\n<div id=\"attachment_77415\" style=\"width: 460px\" class=\"wp-caption aligncenter\"><a href=\"https:\/\/i0.wp.com\/www.agrund.com\/wp-content\/uploads\/sites\/6\/2013\/07\/1-Kenzo-Estampa-natureza.jpg\"><img aria-describedby=\"caption-attachment-77415\" data-attachment-id=\"77415\" data-permalink=\"https:\/\/agrund.com\/index.php\/semana-de-moda-de-paris-alerta-tendencia-para-os-mais-descolados\/1-kenzo-estampa-natureza\/\" data-orig-file=\"https:\/\/i0.wp.com\/agrund.com\/wp-content\/uploads\/sites\/6\/2013\/07\/1-Kenzo-Estampa-natureza.jpg?fit=450%2C675&amp;ssl=1\" data-orig-size=\"450,675\" data-comments-opened=\"1\" data-image-meta=\"{&quot;aperture&quot;:&quot;0&quot;,&quot;credit&quot;:&quot;&quot;,&quot;camera&quot;:&quot;&quot;,&quot;caption&quot;:&quot;&quot;,&quot;created_timestamp&quot;:&quot;0&quot;,&quot;copyright&quot;:&quot;Photo: Yannis Vlamos\\\/InDigitalteam I GoRunway&quot;,&quot;focal_length&quot;:&quot;0&quot;,&quot;iso&quot;:&quot;0&quot;,&quot;shutter_speed&quot;:&quot;0&quot;,&quot;title&quot;:&quot;&quot;}\" data-image-title=\"Semana de Moda de Paris &#8211; Alerta Tend\u00eancia para os mais descolados  \" data-image-description=\"\" data-image-caption=\"&lt;p&gt;Kenzo&lt;\/p&gt;\n\" data-medium-file=\"https:\/\/i0.wp.com\/agrund.com\/wp-content\/uploads\/sites\/6\/2013\/07\/1-Kenzo-Estampa-natureza.jpg?fit=200%2C300&amp;ssl=1\" data-large-file=\"https:\/\/i0.wp.com\/agrund.com\/wp-content\/uploads\/sites\/6\/2013\/07\/1-Kenzo-Estampa-natureza.jpg?fit=450%2C675&amp;ssl=1\" decoding=\"async\" loading=\"lazy\" class=\"size-full wp-image-77415\" alt=\"Semana de Moda de Paris - Alerta Tend\u00eancia para os mais descolados  \" src=\"https:\/\/i0.wp.com\/www.agrund.com\/wp-content\/uploads\/sites\/6\/2013\/07\/1-Kenzo-Estampa-natureza.jpg?resize=450%2C675\" width=\"450\" height=\"675\" srcset=\"https:\/\/i0.wp.com\/agrund.com\/wp-content\/uploads\/sites\/6\/2013\/07\/1-Kenzo-Estampa-natureza.jpg?w=450&amp;ssl=1 450w, https:\/\/i0.wp.com\/agrund.com\/wp-content\/uploads\/sites\/6\/2013\/07\/1-Kenzo-Estampa-natureza.jpg?resize=200%2C300&amp;ssl=1 200w\" sizes=\"(max-width: 450px) 100vw, 450px\" data-recalc-dims=\"1\" \/><\/a><p id=\"caption-attachment-77415\" class=\"wp-caption-text\">Kenzo<\/p><\/div>\n<p>&nbsp;<\/p>\n<p>Alerta tend\u00eancia \u2013 Homens de vestido: O estilista Raf Simons, que hoje assina a dire\u00e7\u00e3o criativa da casa Christian Dior, se apropriou do tema invas\u00e3o. E dessa vez trouxe do closet feminino os vestidos para homens. Os mais retos e recatados para os cl\u00e1ssicos e os vestidos regata para os esportivos. Tudo num comprimento curto. Curt\u00edssimo!<\/p>\n<div id=\"attachment_77416\" style=\"width: 459px\" class=\"wp-caption aligncenter\"><a href=\"https:\/\/i0.wp.com\/www.agrund.com\/wp-content\/uploads\/sites\/6\/2013\/07\/2-Raf-Simons-vestido.jpg\"><img aria-describedby=\"caption-attachment-77416\" data-attachment-id=\"77416\" data-permalink=\"https:\/\/agrund.com\/index.php\/semana-de-moda-de-paris-alerta-tendencia-para-os-mais-descolados\/2-raf-simons-vestido\/\" data-orig-file=\"https:\/\/i0.wp.com\/agrund.com\/wp-content\/uploads\/sites\/6\/2013\/07\/2-Raf-Simons-vestido.jpg?fit=449%2C675&amp;ssl=1\" data-orig-size=\"449,675\" data-comments-opened=\"1\" data-image-meta=\"{&quot;aperture&quot;:&quot;5&quot;,&quot;credit&quot;:&quot;&quot;,&quot;camera&quot;:&quot;NIKON D4&quot;,&quot;caption&quot;:&quot;&quot;,&quot;created_timestamp&quot;:&quot;1372276755&quot;,&quot;copyright&quot;:&quot;photo: Yannis Vlamos \\\/InDigitalteam | GoRunway&quot;,&quot;focal_length&quot;:&quot;140&quot;,&quot;iso&quot;:&quot;800&quot;,&quot;shutter_speed&quot;:&quot;0.0025&quot;,&quot;title&quot;:&quot;&quot;}\" data-image-title=\"Semana de Moda de Paris &#8211; Alerta Tend\u00eancia para os mais descolados  \" data-image-description=\"\" data-image-caption=\"&lt;p&gt;Raf Simons&lt;\/p&gt;\n\" data-medium-file=\"https:\/\/i0.wp.com\/agrund.com\/wp-content\/uploads\/sites\/6\/2013\/07\/2-Raf-Simons-vestido.jpg?fit=199%2C300&amp;ssl=1\" data-large-file=\"https:\/\/i0.wp.com\/agrund.com\/wp-content\/uploads\/sites\/6\/2013\/07\/2-Raf-Simons-vestido.jpg?fit=449%2C675&amp;ssl=1\" decoding=\"async\" loading=\"lazy\" class=\"size-full wp-image-77416\" alt=\"Semana de Moda de Paris - Alerta Tend\u00eancia para os mais descolados  \" src=\"https:\/\/i0.wp.com\/www.agrund.com\/wp-content\/uploads\/sites\/6\/2013\/07\/2-Raf-Simons-vestido.jpg?resize=449%2C675\" width=\"449\" height=\"675\" srcset=\"https:\/\/i0.wp.com\/agrund.com\/wp-content\/uploads\/sites\/6\/2013\/07\/2-Raf-Simons-vestido.jpg?w=449&amp;ssl=1 449w, https:\/\/i0.wp.com\/agrund.com\/wp-content\/uploads\/sites\/6\/2013\/07\/2-Raf-Simons-vestido.jpg?resize=199%2C300&amp;ssl=1 199w\" sizes=\"(max-width: 449px) 100vw, 449px\" data-recalc-dims=\"1\" \/><\/a><p id=\"caption-attachment-77416\" class=\"wp-caption-text\">Raf Simons<\/p><\/div>\n<div id=\"attachment_77417\" style=\"width: 459px\" class=\"wp-caption aligncenter\"><a href=\"https:\/\/i0.wp.com\/www.agrund.com\/wp-content\/uploads\/sites\/6\/2013\/07\/2-Raf-Simons-vestido-1.jpg\"><img aria-describedby=\"caption-attachment-77417\" data-attachment-id=\"77417\" data-permalink=\"https:\/\/agrund.com\/index.php\/semana-de-moda-de-paris-alerta-tendencia-para-os-mais-descolados\/2-raf-simons-vestido-1\/\" data-orig-file=\"https:\/\/i0.wp.com\/agrund.com\/wp-content\/uploads\/sites\/6\/2013\/07\/2-Raf-Simons-vestido-1.jpg?fit=449%2C675&amp;ssl=1\" data-orig-size=\"449,675\" data-comments-opened=\"1\" data-image-meta=\"{&quot;aperture&quot;:&quot;4.5&quot;,&quot;credit&quot;:&quot;&quot;,&quot;camera&quot;:&quot;NIKON D4&quot;,&quot;caption&quot;:&quot;&quot;,&quot;created_timestamp&quot;:&quot;1372276950&quot;,&quot;copyright&quot;:&quot;photo: Yannis Vlamos \\\/InDigitalteam | GoRunway&quot;,&quot;focal_length&quot;:&quot;175&quot;,&quot;iso&quot;:&quot;800&quot;,&quot;shutter_speed&quot;:&quot;0.0025&quot;,&quot;title&quot;:&quot;&quot;}\" data-image-title=\"Semana de Moda de Paris &#8211; Alerta Tend\u00eancia para os mais descolados  \" data-image-description=\"\" data-image-caption=\"&lt;p&gt;Raf Simons&lt;\/p&gt;\n\" data-medium-file=\"https:\/\/i0.wp.com\/agrund.com\/wp-content\/uploads\/sites\/6\/2013\/07\/2-Raf-Simons-vestido-1.jpg?fit=199%2C300&amp;ssl=1\" data-large-file=\"https:\/\/i0.wp.com\/agrund.com\/wp-content\/uploads\/sites\/6\/2013\/07\/2-Raf-Simons-vestido-1.jpg?fit=449%2C675&amp;ssl=1\" decoding=\"async\" loading=\"lazy\" class=\"size-full wp-image-77417\" alt=\"Semana de Moda de Paris - Alerta Tend\u00eancia para os mais descolados  \" src=\"https:\/\/i0.wp.com\/www.agrund.com\/wp-content\/uploads\/sites\/6\/2013\/07\/2-Raf-Simons-vestido-1.jpg?resize=449%2C675\" width=\"449\" height=\"675\" srcset=\"https:\/\/i0.wp.com\/agrund.com\/wp-content\/uploads\/sites\/6\/2013\/07\/2-Raf-Simons-vestido-1.jpg?w=449&amp;ssl=1 449w, https:\/\/i0.wp.com\/agrund.com\/wp-content\/uploads\/sites\/6\/2013\/07\/2-Raf-Simons-vestido-1.jpg?resize=199%2C300&amp;ssl=1 199w\" sizes=\"(max-width: 449px) 100vw, 449px\" data-recalc-dims=\"1\" \/><\/a><p id=\"caption-attachment-77417\" class=\"wp-caption-text\">Raf Simons<\/p><\/div>\n<p>&nbsp;<\/p>\n<p>Alerta tend\u00eancia \u2013 Eu quero praticidade: O estilo de vida do homem moderno \u00e9 n\u00f4made. Ele sai de casa cedo e s\u00f3 volta \u00e0 noite. Para estar pronto para seus compromissos a qualquer hora, uma roupa f\u00e1cil de vestir cai literalmente bem. Ent\u00e3o, o macac\u00e3o foi o eleito. Escolha o modelo de acordo com seu estilo e encare essa pe\u00e7a. Aqui, do cl\u00e1ssico Herm\u00e8s ao moderno Rick Owens.<\/p>\n<div id=\"attachment_77418\" style=\"width: 460px\" class=\"wp-caption aligncenter\"><a href=\"https:\/\/i0.wp.com\/www.agrund.com\/wp-content\/uploads\/sites\/6\/2013\/07\/3-Hermes-macacao.jpg\"><img aria-describedby=\"caption-attachment-77418\" data-attachment-id=\"77418\" data-permalink=\"https:\/\/agrund.com\/index.php\/semana-de-moda-de-paris-alerta-tendencia-para-os-mais-descolados\/3-hermes-macacao\/\" data-orig-file=\"https:\/\/i0.wp.com\/agrund.com\/wp-content\/uploads\/sites\/6\/2013\/07\/3-Hermes-macacao.jpg?fit=450%2C675&amp;ssl=1\" data-orig-size=\"450,675\" data-comments-opened=\"1\" data-image-meta=\"{&quot;aperture&quot;:&quot;0&quot;,&quot;credit&quot;:&quot;&quot;,&quot;camera&quot;:&quot;&quot;,&quot;caption&quot;:&quot;&quot;,&quot;created_timestamp&quot;:&quot;0&quot;,&quot;copyright&quot;:&quot;Photo: Marcus Tondo \\\/ InDigitalteam | GoRunway&quot;,&quot;focal_length&quot;:&quot;0&quot;,&quot;iso&quot;:&quot;0&quot;,&quot;shutter_speed&quot;:&quot;0&quot;,&quot;title&quot;:&quot;&quot;}\" data-image-title=\"Semana de Moda de Paris &#8211; Alerta Tend\u00eancia para os mais descolados  \" data-image-description=\"\" data-image-caption=\"&lt;p&gt;H\u00e8rmes&lt;\/p&gt;\n\" data-medium-file=\"https:\/\/i0.wp.com\/agrund.com\/wp-content\/uploads\/sites\/6\/2013\/07\/3-Hermes-macacao.jpg?fit=200%2C300&amp;ssl=1\" data-large-file=\"https:\/\/i0.wp.com\/agrund.com\/wp-content\/uploads\/sites\/6\/2013\/07\/3-Hermes-macacao.jpg?fit=450%2C675&amp;ssl=1\" decoding=\"async\" loading=\"lazy\" class=\"size-full wp-image-77418\" alt=\"Semana de Moda de Paris - Alerta Tend\u00eancia para os mais descolados  \" src=\"https:\/\/i0.wp.com\/www.agrund.com\/wp-content\/uploads\/sites\/6\/2013\/07\/3-Hermes-macacao.jpg?resize=450%2C675\" width=\"450\" height=\"675\" srcset=\"https:\/\/i0.wp.com\/agrund.com\/wp-content\/uploads\/sites\/6\/2013\/07\/3-Hermes-macacao.jpg?w=450&amp;ssl=1 450w, https:\/\/i0.wp.com\/agrund.com\/wp-content\/uploads\/sites\/6\/2013\/07\/3-Hermes-macacao.jpg?resize=200%2C300&amp;ssl=1 200w\" sizes=\"(max-width: 450px) 100vw, 450px\" data-recalc-dims=\"1\" \/><\/a><p id=\"caption-attachment-77418\" class=\"wp-caption-text\">Herm\u00e8s<\/p><\/div>\n<div id=\"attachment_77419\" style=\"width: 460px\" class=\"wp-caption aligncenter\"><a href=\"https:\/\/i0.wp.com\/www.agrund.com\/wp-content\/uploads\/sites\/6\/2013\/07\/3-Rick-Owens-macacao.jpg\"><img aria-describedby=\"caption-attachment-77419\" data-attachment-id=\"77419\" data-permalink=\"https:\/\/agrund.com\/index.php\/semana-de-moda-de-paris-alerta-tendencia-para-os-mais-descolados\/3-rick-owens-macacao\/\" data-orig-file=\"https:\/\/i0.wp.com\/agrund.com\/wp-content\/uploads\/sites\/6\/2013\/07\/3-Rick-Owens-macacao.jpg?fit=450%2C675&amp;ssl=1\" data-orig-size=\"450,675\" data-comments-opened=\"1\" data-image-meta=\"{&quot;aperture&quot;:&quot;0&quot;,&quot;credit&quot;:&quot;&quot;,&quot;camera&quot;:&quot;&quot;,&quot;caption&quot;:&quot;&quot;,&quot;created_timestamp&quot;:&quot;0&quot;,&quot;copyright&quot;:&quot;&quot;,&quot;focal_length&quot;:&quot;0&quot;,&quot;iso&quot;:&quot;0&quot;,&quot;shutter_speed&quot;:&quot;0&quot;,&quot;title&quot;:&quot;&quot;}\" data-image-title=\"Semana de Moda de Paris &#8211; Alerta Tend\u00eancia para os mais descolados  \" data-image-description=\"\" data-image-caption=\"&lt;p&gt;Rick Owens&lt;\/p&gt;\n\" data-medium-file=\"https:\/\/i0.wp.com\/agrund.com\/wp-content\/uploads\/sites\/6\/2013\/07\/3-Rick-Owens-macacao.jpg?fit=200%2C300&amp;ssl=1\" data-large-file=\"https:\/\/i0.wp.com\/agrund.com\/wp-content\/uploads\/sites\/6\/2013\/07\/3-Rick-Owens-macacao.jpg?fit=450%2C675&amp;ssl=1\" decoding=\"async\" loading=\"lazy\" class=\"size-full wp-image-77419\" alt=\"Semana de Moda de Paris - Alerta Tend\u00eancia para os mais descolados  \" src=\"https:\/\/i0.wp.com\/www.agrund.com\/wp-content\/uploads\/sites\/6\/2013\/07\/3-Rick-Owens-macacao.jpg?resize=450%2C675\" width=\"450\" height=\"675\" srcset=\"https:\/\/i0.wp.com\/agrund.com\/wp-content\/uploads\/sites\/6\/2013\/07\/3-Rick-Owens-macacao.jpg?w=450&amp;ssl=1 450w, https:\/\/i0.wp.com\/agrund.com\/wp-content\/uploads\/sites\/6\/2013\/07\/3-Rick-Owens-macacao.jpg?resize=200%2C300&amp;ssl=1 200w\" sizes=\"(max-width: 450px) 100vw, 450px\" data-recalc-dims=\"1\" \/><\/a><p id=\"caption-attachment-77419\" class=\"wp-caption-text\">Rick Owens<\/p><\/div>\n<p>Alerta tend\u00eancia \u2013 Nada de c\u00e1lculo: Dessa vez a geometria cedeu suas formas mais retas para a moda, que por sua vez se encarregou de jogar cores, de prefer\u00eancia o azul da temporada, como fez Dior ao criar contrastes entre quadrados e ret\u00e2ngulos. E mais ainda, ela se deu super bem com o estilo mais militar proposto pelo ver\u00e3o 2014 Valentino.<\/p>\n<div id=\"attachment_77420\" style=\"width: 459px\" class=\"wp-caption aligncenter\"><a href=\"https:\/\/i0.wp.com\/www.agrund.com\/wp-content\/uploads\/sites\/6\/2013\/07\/4-Dior-Geometria.jpg\"><img aria-describedby=\"caption-attachment-77420\" data-attachment-id=\"77420\" data-permalink=\"https:\/\/agrund.com\/index.php\/semana-de-moda-de-paris-alerta-tendencia-para-os-mais-descolados\/4-dior-geometria\/\" data-orig-file=\"https:\/\/i0.wp.com\/agrund.com\/wp-content\/uploads\/sites\/6\/2013\/07\/4-Dior-Geometria.jpg?fit=449%2C675&amp;ssl=1\" data-orig-size=\"449,675\" data-comments-opened=\"1\" data-image-meta=\"{&quot;aperture&quot;:&quot;6.3&quot;,&quot;credit&quot;:&quot;&quot;,&quot;camera&quot;:&quot;NIKON D4&quot;,&quot;caption&quot;:&quot;&quot;,&quot;created_timestamp&quot;:&quot;1372519944&quot;,&quot;copyright&quot;:&quot;photo: Yannis Vlamos \\\/InDigitalteam | GoRunway&quot;,&quot;focal_length&quot;:&quot;170&quot;,&quot;iso&quot;:&quot;500&quot;,&quot;shutter_speed&quot;:&quot;0.002&quot;,&quot;title&quot;:&quot;&quot;}\" data-image-title=\"Semana de Moda de Paris &#8211; Alerta Tend\u00eancia para os mais descolados  \" data-image-description=\"\" data-image-caption=\"&lt;p&gt;Dior&lt;\/p&gt;\n\" data-medium-file=\"https:\/\/i0.wp.com\/agrund.com\/wp-content\/uploads\/sites\/6\/2013\/07\/4-Dior-Geometria.jpg?fit=199%2C300&amp;ssl=1\" data-large-file=\"https:\/\/i0.wp.com\/agrund.com\/wp-content\/uploads\/sites\/6\/2013\/07\/4-Dior-Geometria.jpg?fit=449%2C675&amp;ssl=1\" decoding=\"async\" loading=\"lazy\" class=\"size-full wp-image-77420\" alt=\"Semana de Moda de Paris - Alerta Tend\u00eancia para os mais descolados  \" src=\"https:\/\/i0.wp.com\/www.agrund.com\/wp-content\/uploads\/sites\/6\/2013\/07\/4-Dior-Geometria.jpg?resize=449%2C675\" width=\"449\" height=\"675\" srcset=\"https:\/\/i0.wp.com\/agrund.com\/wp-content\/uploads\/sites\/6\/2013\/07\/4-Dior-Geometria.jpg?w=449&amp;ssl=1 449w, https:\/\/i0.wp.com\/agrund.com\/wp-content\/uploads\/sites\/6\/2013\/07\/4-Dior-Geometria.jpg?resize=199%2C300&amp;ssl=1 199w\" sizes=\"(max-width: 449px) 100vw, 449px\" data-recalc-dims=\"1\" \/><\/a><p id=\"caption-attachment-77420\" class=\"wp-caption-text\">Dior<\/p><\/div>\n<div id=\"attachment_77421\" style=\"width: 460px\" class=\"wp-caption aligncenter\"><a href=\"https:\/\/i0.wp.com\/www.agrund.com\/wp-content\/uploads\/sites\/6\/2013\/07\/4-Valentino-geometria.jpg\"><img aria-describedby=\"caption-attachment-77421\" data-attachment-id=\"77421\" data-permalink=\"https:\/\/agrund.com\/index.php\/semana-de-moda-de-paris-alerta-tendencia-para-os-mais-descolados\/4-valentino-geometria\/\" data-orig-file=\"https:\/\/i0.wp.com\/agrund.com\/wp-content\/uploads\/sites\/6\/2013\/07\/4-Valentino-geometria.jpg?fit=450%2C675&amp;ssl=1\" data-orig-size=\"450,675\" data-comments-opened=\"1\" data-image-meta=\"{&quot;aperture&quot;:&quot;9&quot;,&quot;credit&quot;:&quot;Marcus Tondo&quot;,&quot;camera&quot;:&quot;Canon EOS-1D Mark IV&quot;,&quot;caption&quot;:&quot;&quot;,&quot;created_timestamp&quot;:&quot;1372270042&quot;,&quot;copyright&quot;:&quot;Photo: Marcus Tondo\\\/InDigitalteam I GoRunway&quot;,&quot;focal_length&quot;:&quot;94&quot;,&quot;iso&quot;:&quot;800&quot;,&quot;shutter_speed&quot;:&quot;0.0025&quot;,&quot;title&quot;:&quot;&quot;}\" data-image-title=\"Semana de Moda de Paris &#8211; Alerta Tend\u00eancia para os mais descolados  \" data-image-description=\"\" data-image-caption=\"&lt;p&gt;Valentino&lt;\/p&gt;\n\" data-medium-file=\"https:\/\/i0.wp.com\/agrund.com\/wp-content\/uploads\/sites\/6\/2013\/07\/4-Valentino-geometria.jpg?fit=200%2C300&amp;ssl=1\" data-large-file=\"https:\/\/i0.wp.com\/agrund.com\/wp-content\/uploads\/sites\/6\/2013\/07\/4-Valentino-geometria.jpg?fit=450%2C675&amp;ssl=1\" decoding=\"async\" loading=\"lazy\" class=\"size-full wp-image-77421\" alt=\"Semana de Moda de Paris - Alerta Tend\u00eancia para os mais descolados  \" src=\"https:\/\/i0.wp.com\/www.agrund.com\/wp-content\/uploads\/sites\/6\/2013\/07\/4-Valentino-geometria.jpg?resize=450%2C675\" width=\"450\" height=\"675\" srcset=\"https:\/\/i0.wp.com\/agrund.com\/wp-content\/uploads\/sites\/6\/2013\/07\/4-Valentino-geometria.jpg?w=450&amp;ssl=1 450w, https:\/\/i0.wp.com\/agrund.com\/wp-content\/uploads\/sites\/6\/2013\/07\/4-Valentino-geometria.jpg?resize=200%2C300&amp;ssl=1 200w\" sizes=\"(max-width: 450px) 100vw, 450px\" data-recalc-dims=\"1\" \/><\/a><p id=\"caption-attachment-77421\" class=\"wp-caption-text\">Valentino<\/p><\/div>\n<p>&nbsp;<\/p>\n<p>Alerta tend\u00eancia \u2013 Ola! Hi! Aloha! : N\u00e3o importa qual sua l\u00edngua materna, aqui fazer refer\u00eancias a etnias \u00e9 um bom caminho. Ousando e chocando, Ricardo Tisci mostrou um ver\u00e3o colorido e cheio de refer\u00eancias ind\u00edgenas americana com uma pitada ciber. Sim, cada um tem sua maneira de enxergar uma tend\u00eancia. J\u00e1 a calejada Louis Vuitton apostou num cashmere meio indiano em tons de azul grego. Mais leveza imposs\u00edvel. Ali\u00e1s, o sucesso da LV \u00e9 essa maneira global de se comunicar.<\/p>\n<div id=\"attachment_77422\" style=\"width: 460px\" class=\"wp-caption aligncenter\"><a href=\"https:\/\/i0.wp.com\/www.agrund.com\/wp-content\/uploads\/sites\/6\/2013\/07\/5-Givenchy-Etnia.jpg\"><img aria-describedby=\"caption-attachment-77422\" data-attachment-id=\"77422\" data-permalink=\"https:\/\/agrund.com\/index.php\/semana-de-moda-de-paris-alerta-tendencia-para-os-mais-descolados\/5-givenchy-etnia\/\" data-orig-file=\"https:\/\/i0.wp.com\/agrund.com\/wp-content\/uploads\/sites\/6\/2013\/07\/5-Givenchy-Etnia.jpg?fit=450%2C675&amp;ssl=1\" data-orig-size=\"450,675\" data-comments-opened=\"1\" data-image-meta=\"{&quot;aperture&quot;:&quot;7.1&quot;,&quot;credit&quot;:&quot;monica_feudi\\\/FeudiGuaineri&quot;,&quot;camera&quot;:&quot;Canon EOS-1D Mark IV&quot;,&quot;caption&quot;:&quot;&quot;,&quot;created_timestamp&quot;:&quot;1372445428&quot;,&quot;copyright&quot;:&quot;feudiguaineri.com&quot;,&quot;focal_length&quot;:&quot;140&quot;,&quot;iso&quot;:&quot;800&quot;,&quot;shutter_speed&quot;:&quot;0.003125&quot;,&quot;title&quot;:&quot;&quot;}\" data-image-title=\"Semana de Moda de Paris &#8211; Alerta Tend\u00eancia para os mais descolados  \" data-image-description=\"\" data-image-caption=\"&lt;p&gt;Givenchy&lt;\/p&gt;\n\" data-medium-file=\"https:\/\/i0.wp.com\/agrund.com\/wp-content\/uploads\/sites\/6\/2013\/07\/5-Givenchy-Etnia.jpg?fit=200%2C300&amp;ssl=1\" data-large-file=\"https:\/\/i0.wp.com\/agrund.com\/wp-content\/uploads\/sites\/6\/2013\/07\/5-Givenchy-Etnia.jpg?fit=450%2C675&amp;ssl=1\" decoding=\"async\" loading=\"lazy\" class=\"size-full wp-image-77422\" alt=\"Semana de Moda de Paris - Alerta Tend\u00eancia para os mais descolados  \" src=\"https:\/\/i0.wp.com\/www.agrund.com\/wp-content\/uploads\/sites\/6\/2013\/07\/5-Givenchy-Etnia.jpg?resize=450%2C675\" width=\"450\" height=\"675\" srcset=\"https:\/\/i0.wp.com\/agrund.com\/wp-content\/uploads\/sites\/6\/2013\/07\/5-Givenchy-Etnia.jpg?w=450&amp;ssl=1 450w, https:\/\/i0.wp.com\/agrund.com\/wp-content\/uploads\/sites\/6\/2013\/07\/5-Givenchy-Etnia.jpg?resize=200%2C300&amp;ssl=1 200w\" sizes=\"(max-width: 450px) 100vw, 450px\" data-recalc-dims=\"1\" \/><\/a><p id=\"caption-attachment-77422\" class=\"wp-caption-text\">Givenchy<\/p><\/div>\n<div id=\"attachment_77423\" style=\"width: 460px\" class=\"wp-caption aligncenter\"><a href=\"https:\/\/i0.wp.com\/www.agrund.com\/wp-content\/uploads\/sites\/6\/2013\/07\/5-LV-etnia.jpg\"><img aria-describedby=\"caption-attachment-77423\" data-attachment-id=\"77423\" data-permalink=\"https:\/\/agrund.com\/index.php\/semana-de-moda-de-paris-alerta-tendencia-para-os-mais-descolados\/5-lv-etnia\/\" data-orig-file=\"https:\/\/i0.wp.com\/agrund.com\/wp-content\/uploads\/sites\/6\/2013\/07\/5-LV-etnia.jpg?fit=450%2C675&amp;ssl=1\" data-orig-size=\"450,675\" data-comments-opened=\"1\" data-image-meta=\"{&quot;aperture&quot;:&quot;9&quot;,&quot;credit&quot;:&quot;Marcus Tondo&quot;,&quot;camera&quot;:&quot;Canon EOS-1D Mark IV&quot;,&quot;caption&quot;:&quot;&quot;,&quot;created_timestamp&quot;:&quot;1372344552&quot;,&quot;copyright&quot;:&quot;Photo: Marcus Tondo \\\/ InDigitalteam | GoRunway&quot;,&quot;focal_length&quot;:&quot;145&quot;,&quot;iso&quot;:&quot;320&quot;,&quot;shutter_speed&quot;:&quot;0.002&quot;,&quot;title&quot;:&quot;&quot;}\" data-image-title=\"Semana de Moda de Paris &#8211; Alerta Tend\u00eancia para os mais descolados  \" data-image-description=\"\" data-image-caption=\"&lt;p&gt;Louis Vuitton&lt;\/p&gt;\n\" data-medium-file=\"https:\/\/i0.wp.com\/agrund.com\/wp-content\/uploads\/sites\/6\/2013\/07\/5-LV-etnia.jpg?fit=200%2C300&amp;ssl=1\" data-large-file=\"https:\/\/i0.wp.com\/agrund.com\/wp-content\/uploads\/sites\/6\/2013\/07\/5-LV-etnia.jpg?fit=450%2C675&amp;ssl=1\" decoding=\"async\" loading=\"lazy\" class=\"size-full wp-image-77423\" alt=\"Semana de Moda de Paris - Alerta Tend\u00eancia para os mais descolados  \" src=\"https:\/\/i0.wp.com\/www.agrund.com\/wp-content\/uploads\/sites\/6\/2013\/07\/5-LV-etnia.jpg?resize=450%2C675\" width=\"450\" height=\"675\" srcset=\"https:\/\/i0.wp.com\/agrund.com\/wp-content\/uploads\/sites\/6\/2013\/07\/5-LV-etnia.jpg?w=450&amp;ssl=1 450w, https:\/\/i0.wp.com\/agrund.com\/wp-content\/uploads\/sites\/6\/2013\/07\/5-LV-etnia.jpg?resize=200%2C300&amp;ssl=1 200w\" sizes=\"(max-width: 450px) 100vw, 450px\" data-recalc-dims=\"1\" \/><\/a><p id=\"caption-attachment-77423\" class=\"wp-caption-text\">Louis Vuitton<\/p><\/div>\n<p>&nbsp;<\/p>\n<p>At\u00e9 semana que vem!<\/p>\n","protected":false},"excerpt":{"rendered":"<p>A \u00faltima semana de moda masculina da temporada ver\u00e3o 2014 aconteceu em Paris e, claro, fiquei de olhos bem abertos para trazer mais novidades para voc\u00eas. Se \u00e9 que \u00e9 poss\u00edvel t\u00ea-las, mas como a moda se reinventa, inclusive para os homens, vamos l\u00e1! Invas\u00e3o ao closet alheio, o enaltecer da natureza, praticidade na hora [&hellip;]<\/p>\n","protected":false},"author":8,"featured_media":77424,"comment_status":"open","ping_status":"open","sticky":false,"template":"","format":"standard","meta":{"jetpack_post_was_ever_published":false,"_jetpack_newsletter_access":"","jetpack_publicize_message":"","jetpack_is_tweetstorm":false,"jetpack_publicize_feature_enabled":true,"jetpack_social_post_already_shared":true,"jetpack_social_options":{"image_generator_settings":{"template":"highway","enabled":false}}},"categories":[6],"tags":[],"jetpack_publicize_connections":[],"jetpack_featured_media_url":"https:\/\/i0.wp.com\/agrund.com\/wp-content\/uploads\/sites\/6\/2013\/07\/slide9.png?fit=960%2C300&ssl=1","jetpack_sharing_enabled":true,"jetpack_shortlink":"https:\/\/wp.me\/p3Hz0n-k8B","jetpack_likes_enabled":true,"_links":{"self":[{"href":"https:\/\/agrund.com\/index.php\/wp-json\/wp\/v2\/posts\/77413"}],"collection":[{"href":"https:\/\/agrund.com\/index.php\/wp-json\/wp\/v2\/posts"}],"about":[{"href":"https:\/\/agrund.com\/index.php\/wp-json\/wp\/v2\/types\/post"}],"author":[{"embeddable":true,"href":"https:\/\/agrund.com\/index.php\/wp-json\/wp\/v2\/users\/8"}],"replies":[{"embeddable":true,"href":"https:\/\/agrund.com\/index.php\/wp-json\/wp\/v2\/comments?post=77413"}],"version-history":[{"count":0,"href":"https:\/\/agrund.com\/index.php\/wp-json\/wp\/v2\/posts\/77413\/revisions"}],"wp:featuredmedia":[{"embeddable":true,"href":"https:\/\/agrund.com\/index.php\/wp-json\/wp\/v2\/media\/77424"}],"wp:attachment":[{"href":"https:\/\/agrund.com\/index.php\/wp-json\/wp\/v2\/media?parent=77413"}],"wp:term":[{"taxonomy":"category","embeddable":true,"href":"https:\/\/agrund.com\/index.php\/wp-json\/wp\/v2\/categories?post=77413"},{"taxonomy":"post_tag","embeddable":true,"href":"https:\/\/agrund.com\/index.php\/wp-json\/wp\/v2\/tags?post=77413"}],"curies":[{"name":"wp","href":"https:\/\/api.w.org\/{rel}","templated":true}]}}