{"id":7610,"date":"2011-04-05T11:31:00","date_gmt":"2011-04-05T14:31:00","guid":{"rendered":"http:\/\/www.agrund.com\/blogs\/notas\/?p=7610"},"modified":"2011-04-05T11:31:00","modified_gmt":"2011-04-05T14:31:00","slug":"carine-roitfeld-e-chanel","status":"publish","type":"post","link":"https:\/\/agrund.com\/index.php\/carine-roitfeld-e-chanel\/","title":{"rendered":"Carine Roitfeld e Chanel"},"content":{"rendered":"<p>De editora subversiva a editora e stylist convidada, Carine Roitfeld n\u00e3o para. Depois de ser anunciada como editora convidada e stylist da Barneys New York, nesta temporada, Mdm. Roitfeld vai fazer Chanel. Foi convidada por Karl Lagerfeld e fez o styling da nova campanha Outono\/Inverno da marca, que ali\u00e1s j\u00e1 foi fotografada. A modelo? Quem adivinhar ganha um doce! A top dinamarquesa Freja Beha Erichsen. Agora \u00e9 esperar para ver.<\/p>\n<div id=\"attachment_7617\" style=\"width: 562px\" class=\"wp-caption aligncenter\"><img aria-describedby=\"caption-attachment-7617\" decoding=\"async\" loading=\"lazy\" class=\"size-full wp-image-7617\" src=\"https:\/\/i0.wp.com\/www.agrund.com\/arquivo\/notas\/files\/2011\/04\/Carine-1.jpg?resize=552%2C850\" alt=\"\" width=\"552\" height=\"850\" data-recalc-dims=\"1\" \/><p id=\"caption-attachment-7617\" class=\"wp-caption-text\">Carine Roitfeld<\/p><\/div>\n<div id=\"attachment_7618\" style=\"width: 410px\" class=\"wp-caption aligncenter\"><img aria-describedby=\"caption-attachment-7618\" decoding=\"async\" loading=\"lazy\" class=\"size-full wp-image-7618\" src=\"https:\/\/i0.wp.com\/www.agrund.com\/arquivo\/notas\/files\/2011\/04\/Freja-2.jpg?resize=400%2C545\" alt=\"\" width=\"400\" height=\"545\" data-recalc-dims=\"1\" \/><p id=\"caption-attachment-7618\" class=\"wp-caption-text\">Freja Beha<\/p><\/div>\n<div id=\"attachment_7619\" style=\"width: 334px\" class=\"wp-caption aligncenter\"><img aria-describedby=\"caption-attachment-7619\" decoding=\"async\" loading=\"lazy\" class=\"size-full wp-image-7619\" src=\"https:\/\/i0.wp.com\/www.agrund.com\/arquivo\/notas\/files\/2011\/04\/Karl-1.jpg?resize=324%2C400\" alt=\"\" width=\"324\" height=\"400\" data-recalc-dims=\"1\" \/><p id=\"caption-attachment-7619\" class=\"wp-caption-text\">Karl Lagerfeld<\/p><\/div>\n","protected":false},"excerpt":{"rendered":"<p>De editora subversiva a editora e stylist convidada, Carine Roitfeld n\u00e3o para. Depois de ser anunciada como editora convidada e stylist da Barneys New York, nesta temporada, Mdm. Roitfeld vai fazer Chanel. Foi convidada por Karl Lagerfeld e fez o styling da nova campanha Outono\/Inverno da marca, que ali\u00e1s j\u00e1 foi fotografada. A modelo? Quem [&hellip;]<\/p>\n","protected":false},"author":8,"featured_media":7617,"comment_status":"open","ping_status":"open","sticky":false,"template":"","format":"standard","meta":{"jetpack_post_was_ever_published":false,"_jetpack_newsletter_access":"","jetpack_publicize_message":"","jetpack_is_tweetstorm":false,"jetpack_publicize_feature_enabled":true,"jetpack_social_post_already_shared":false,"jetpack_social_options":{"image_generator_settings":{"template":"highway","enabled":false}}},"categories":[2],"tags":[],"jetpack_publicize_connections":[],"jetpack_featured_media_url":"","jetpack_sharing_enabled":true,"jetpack_shortlink":"https:\/\/wp.me\/p3Hz0n-1YK","jetpack_likes_enabled":true,"_links":{"self":[{"href":"https:\/\/agrund.com\/index.php\/wp-json\/wp\/v2\/posts\/7610"}],"collection":[{"href":"https:\/\/agrund.com\/index.php\/wp-json\/wp\/v2\/posts"}],"about":[{"href":"https:\/\/agrund.com\/index.php\/wp-json\/wp\/v2\/types\/post"}],"author":[{"embeddable":true,"href":"https:\/\/agrund.com\/index.php\/wp-json\/wp\/v2\/users\/8"}],"replies":[{"embeddable":true,"href":"https:\/\/agrund.com\/index.php\/wp-json\/wp\/v2\/comments?post=7610"}],"version-history":[{"count":0,"href":"https:\/\/agrund.com\/index.php\/wp-json\/wp\/v2\/posts\/7610\/revisions"}],"wp:featuredmedia":[{"embeddable":true,"href":"https:\/\/agrund.com\/index.php\/wp-json\/"}],"wp:attachment":[{"href":"https:\/\/agrund.com\/index.php\/wp-json\/wp\/v2\/media?parent=7610"}],"wp:term":[{"taxonomy":"category","embeddable":true,"href":"https:\/\/agrund.com\/index.php\/wp-json\/wp\/v2\/categories?post=7610"},{"taxonomy":"post_tag","embeddable":true,"href":"https:\/\/agrund.com\/index.php\/wp-json\/wp\/v2\/tags?post=7610"}],"curies":[{"name":"wp","href":"https:\/\/api.w.org\/{rel}","templated":true}]}}