{"id":75591,"date":"2013-06-24T12:00:48","date_gmt":"2013-06-24T15:00:48","guid":{"rendered":"http:\/\/www.agrund.com\/?p=75591"},"modified":"2013-07-01T09:35:04","modified_gmt":"2013-07-01T12:35:04","slug":"o-gala-da-temporada-segundo-valentino","status":"publish","type":"post","link":"https:\/\/agrund.com\/index.php\/o-gala-da-temporada-segundo-valentino\/","title":{"rendered":"O Gal\u00e3 da temporada segundo Valentino"},"content":{"rendered":"<p>De acordo com a marca Valentino, o homem da temporada \u00e9 o modelo argentino Nicolas Ripoll. Ele estrela a campanha Inverno 2013 da marca. As imagens foram feitas por Craig McDean. Por enquanto, aqui no Brasil a loja s\u00f3 vende a linha feminina, mas de acordo com a onda que chega no pa\u00eds trazendo as marcas de luxo n\u00e3o vai demorar para a cole\u00e7\u00e3o masculina Valentino chegar. S\u00f3 que com pre\u00e7os mais salgados devido aos impostos!<\/p>\n<div id=\"attachment_75592\" style=\"width: 560px\" class=\"wp-caption aligncenter\"><a href=\"https:\/\/i0.wp.com\/www.agrund.com\/wp-content\/uploads\/2013\/06\/o-gala-da-temporada-segundo-valentino-1.jpg\"><img aria-describedby=\"caption-attachment-75592\" decoding=\"async\" loading=\"lazy\" class=\"size-full wp-image-75592\" alt=\"O Gal\u00e3 da temporada segundo Valentino\" src=\"https:\/\/i0.wp.com\/www.agrund.com\/wp-content\/uploads\/2013\/06\/o-gala-da-temporada-segundo-valentino-1.jpg?resize=550%2C367\" width=\"550\" height=\"367\" data-recalc-dims=\"1\" \/><\/a><p id=\"caption-attachment-75592\" class=\"wp-caption-text\">O Gal\u00e3 da temporada segundo Valentino<\/p><\/div>\n<div id=\"attachment_75593\" style=\"width: 560px\" class=\"wp-caption aligncenter\"><a href=\"https:\/\/i0.wp.com\/www.agrund.com\/wp-content\/uploads\/2013\/06\/o-gala-da-temporada-segundo-valentino-2.jpg\"><img aria-describedby=\"caption-attachment-75593\" decoding=\"async\" loading=\"lazy\" class=\"size-full wp-image-75593\" alt=\"O Gal\u00e3 da temporada segundo Valentino\" src=\"https:\/\/i0.wp.com\/www.agrund.com\/wp-content\/uploads\/2013\/06\/o-gala-da-temporada-segundo-valentino-2.jpg?resize=550%2C824\" width=\"550\" height=\"824\" data-recalc-dims=\"1\" \/><\/a><p id=\"caption-attachment-75593\" class=\"wp-caption-text\">O Gal\u00e3 da temporada segundo Valentino<\/p><\/div>\n<p>Imagens: Divulga\u00e7\u00e3o.<\/p>\n<p><object id=\"a9fbd948-dac9-95b6-1b2a-a994088c91bc\" width=\"0\" height=\"0\" type=\"application\/gas-events-cef\"><\/object><\/p>\n","protected":false},"excerpt":{"rendered":"<p>De acordo com a marca Valentino, o homem da temporada \u00e9 o modelo argentino Nicolas Ripoll. Ele estrela a campanha Inverno 2013 da marca. As imagens foram feitas por Craig McDean. Por enquanto, aqui no Brasil a loja s\u00f3 vende a linha feminina, mas de acordo com a onda que chega no pa\u00eds trazendo as [&hellip;]<\/p>\n","protected":false},"author":8,"featured_media":76529,"comment_status":"open","ping_status":"open","sticky":false,"template":"","format":"standard","meta":{"jetpack_post_was_ever_published":false,"_jetpack_newsletter_access":"","jetpack_publicize_message":"","jetpack_is_tweetstorm":false,"jetpack_publicize_feature_enabled":true,"jetpack_social_post_already_shared":true,"jetpack_social_options":{"image_generator_settings":{"template":"highway","enabled":false}}},"categories":[6],"tags":[],"jetpack_publicize_connections":[],"jetpack_featured_media_url":"https:\/\/i0.wp.com\/agrund.com\/wp-content\/uploads\/sites\/6\/2013\/06\/slide-v.jpg?fit=960%2C330&ssl=1","jetpack_sharing_enabled":true,"jetpack_shortlink":"https:\/\/wp.me\/p3Hz0n-jFd","jetpack_likes_enabled":true,"_links":{"self":[{"href":"https:\/\/agrund.com\/index.php\/wp-json\/wp\/v2\/posts\/75591"}],"collection":[{"href":"https:\/\/agrund.com\/index.php\/wp-json\/wp\/v2\/posts"}],"about":[{"href":"https:\/\/agrund.com\/index.php\/wp-json\/wp\/v2\/types\/post"}],"author":[{"embeddable":true,"href":"https:\/\/agrund.com\/index.php\/wp-json\/wp\/v2\/users\/8"}],"replies":[{"embeddable":true,"href":"https:\/\/agrund.com\/index.php\/wp-json\/wp\/v2\/comments?post=75591"}],"version-history":[{"count":0,"href":"https:\/\/agrund.com\/index.php\/wp-json\/wp\/v2\/posts\/75591\/revisions"}],"wp:featuredmedia":[{"embeddable":true,"href":"https:\/\/agrund.com\/index.php\/wp-json\/wp\/v2\/media\/76529"}],"wp:attachment":[{"href":"https:\/\/agrund.com\/index.php\/wp-json\/wp\/v2\/media?parent=75591"}],"wp:term":[{"taxonomy":"category","embeddable":true,"href":"https:\/\/agrund.com\/index.php\/wp-json\/wp\/v2\/categories?post=75591"},{"taxonomy":"post_tag","embeddable":true,"href":"https:\/\/agrund.com\/index.php\/wp-json\/wp\/v2\/tags?post=75591"}],"curies":[{"name":"wp","href":"https:\/\/api.w.org\/{rel}","templated":true}]}}