{"id":75547,"date":"2013-06-24T10:00:20","date_gmt":"2013-06-24T13:00:20","guid":{"rendered":"http:\/\/www.agrund.com\/?p=75547"},"modified":"2013-07-01T09:40:09","modified_gmt":"2013-07-01T12:40:09","slug":"semana-de-moda-de-londres-verao-2014-alerta-tendencia","status":"publish","type":"post","link":"https:\/\/agrund.com\/index.php\/semana-de-moda-de-londres-verao-2014-alerta-tendencia\/","title":{"rendered":"Semana de Moda de Londres Ver\u00e3o 2014 \u2013 Alerta Tend\u00eancia"},"content":{"rendered":"<p>Essa semana aconteceu em Londres a apresenta\u00e7\u00e3o das cole\u00e7\u00f5es masculinas na Semana de Moda Ver\u00e3o 2014. E por isso voltarei com a s\u00e9rie de bi\u00f3tipos semana que vem. Fiquei bem atento para trazer algumas informa\u00e7\u00f5es de moda e tend\u00eancia para voc\u00eas. Escolhi alguns desfiles que valem como refer\u00eancia e ideias para voc\u00eas montarem seus looks por aqui, terra brasilis. Se por acaso voc\u00ea for a Londres, tamb\u00e9m j\u00e1 sabe onde encontrar os hits da temporada ou os cl\u00e1ssicos revisitados.<\/p>\n<p>Alerta Tend\u00eancia: cores. O primeiro deles aconteceu no \u00faltimo dia de apresenta\u00e7\u00e3o. A Burberry Prorsum Ver\u00e3o 2014 veio bastante colorida. O estilista Christopher Bailey ousou usando cores prim\u00e1rias e a\u00e7ucaradas nas diversas pe\u00e7as. Desde os acess\u00f3rios at\u00e9 incr\u00edveis capas de chuva. Mas o melhor de tudo \u00e9 que, se voc\u00ea ainda n\u00e3o \u00e9 adepto das cores, pode come\u00e7ar pelos detalhes. Por uma gravata, por uma bolsa ou at\u00e9 por um sapato. Fique atento ao azul e suas nuances!<\/p>\n<div id=\"attachment_75548\" style=\"width: 490px\" class=\"wp-caption aligncenter\"><a href=\"https:\/\/i0.wp.com\/www.agrund.com\/wp-content\/uploads\/2013\/06\/Burberry-Prorsum-1.jpg\"><img aria-describedby=\"caption-attachment-75548\" decoding=\"async\" loading=\"lazy\" class=\"size-full wp-image-75548\" alt=\"Semana de Moda de Londres Ver\u00e3o 2014 \u2013 Alerta Tend\u00eancia - Burberry Prorsum\" src=\"https:\/\/i0.wp.com\/www.agrund.com\/wp-content\/uploads\/2013\/06\/Burberry-Prorsum-1.jpg?resize=480%2C722\" width=\"480\" height=\"722\" data-recalc-dims=\"1\" \/><\/a><p id=\"caption-attachment-75548\" class=\"wp-caption-text\">Semana de Moda de Londres Ver\u00e3o 2014 \u2013 Alerta Tend\u00eancia &#8211; Burberry Prorsum<\/p><\/div>\n<div id=\"attachment_75549\" style=\"width: 490px\" class=\"wp-caption aligncenter\"><a href=\"https:\/\/i0.wp.com\/www.agrund.com\/wp-content\/uploads\/2013\/06\/Burberry-Prorsum-2.jpg\"><img aria-describedby=\"caption-attachment-75549\" decoding=\"async\" loading=\"lazy\" class=\"size-full wp-image-75549\" alt=\"Semana de Moda de Londres Ver\u00e3o 2014 \u2013 Alerta Tend\u00eancia - Burberry Prorsum\" src=\"https:\/\/i0.wp.com\/www.agrund.com\/wp-content\/uploads\/2013\/06\/Burberry-Prorsum-2.jpg?resize=480%2C722\" width=\"480\" height=\"722\" data-recalc-dims=\"1\" \/><\/a><p id=\"caption-attachment-75549\" class=\"wp-caption-text\">Semana de Moda de Londres Ver\u00e3o 2014 \u2013 Alerta Tend\u00eancia &#8211; Burberry Prorsum<\/p><\/div>\n<p>Alerta Tend\u00eancia: floral para homens. A cole\u00e7\u00e3o Alexander McQueen Ver\u00e3o 2014 respeitou o DNA da marca e a estilista Sarah Burton prop\u00f5e um floral em tons de coral e depois apresenta rosas num trabalho de linhas e tamb\u00e9m em jacquards. Por aqui, voc\u00ea pode optar por come\u00e7ar a usar camisa floral tipo liberty, que s\u00e3o aquelas flores pequenas. Depois, voc\u00ea partir\u00e1 com seguran\u00e7a para alguns desses modelos londrinos.<\/p>\n<div id=\"attachment_75550\" style=\"width: 490px\" class=\"wp-caption aligncenter\"><a href=\"https:\/\/i0.wp.com\/www.agrund.com\/wp-content\/uploads\/2013\/06\/Alexander-Mcqueen-1.jpg\"><img aria-describedby=\"caption-attachment-75550\" decoding=\"async\" loading=\"lazy\" class=\"size-full wp-image-75550\" alt=\"Semana de Moda de Londres Ver\u00e3o 2014 \u2013 Alerta Tend\u00eancia - Alexander Mcqueen\" src=\"https:\/\/i0.wp.com\/www.agrund.com\/wp-content\/uploads\/2013\/06\/Alexander-Mcqueen-1.jpg?resize=480%2C720\" width=\"480\" height=\"720\" data-recalc-dims=\"1\" \/><\/a><p id=\"caption-attachment-75550\" class=\"wp-caption-text\">Semana de Moda de Londres Ver\u00e3o 2014 \u2013 Alerta Tend\u00eancia &#8211; Alexander Mcqueen<\/p><\/div>\n<div id=\"attachment_75551\" style=\"width: 490px\" class=\"wp-caption aligncenter\"><a href=\"https:\/\/i0.wp.com\/www.agrund.com\/wp-content\/uploads\/2013\/06\/Alexander-Mcqueen-2.jpg\"><img aria-describedby=\"caption-attachment-75551\" decoding=\"async\" loading=\"lazy\" class=\"size-full wp-image-75551\" alt=\"Semana de Moda de Londres Ver\u00e3o 2014 \u2013 Alerta Tend\u00eancia - Alexander Mcqueen\" src=\"https:\/\/i0.wp.com\/www.agrund.com\/wp-content\/uploads\/2013\/06\/Alexander-Mcqueen-2.jpg?resize=480%2C720\" width=\"480\" height=\"720\" data-recalc-dims=\"1\" \/><\/a><p id=\"caption-attachment-75551\" class=\"wp-caption-text\">Semana de Moda de Londres Ver\u00e3o 2014 \u2013 Alerta Tend\u00eancia &#8211; Alexander Mcqueen<\/p><\/div>\n<p>Alerta Tend\u00eancia: esportivo e estampado. O desfile da marca americana Rag &amp; Bone j\u00e1 mostra que a cole\u00e7\u00e3o ser\u00e1 mais global. E a pegada esportiva, que \u00e9 caracter\u00edstica da marca aparece de maneira bem contempor\u00e2nea nas jaquetas curtas com um belo mix de estampas e com o cl\u00e1ssico preto e branco. O legal \u00e9 usar com pe\u00e7as de alfaiataria porque o look fica atual e pronto para transitar em v\u00e1rios ambientes sem parecer que saiu da academia ou do treino de futebol.<\/p>\n<div id=\"attachment_75552\" style=\"width: 490px\" class=\"wp-caption aligncenter\"><a href=\"https:\/\/i0.wp.com\/www.agrund.com\/wp-content\/uploads\/2013\/06\/Rag-Bone-1.jpg\"><img aria-describedby=\"caption-attachment-75552\" decoding=\"async\" loading=\"lazy\" class=\"size-full wp-image-75552\" alt=\"Semana de Moda de Londres Ver\u00e3o 2014 \u2013 Alerta Tend\u00eancia - Rag &amp; Bone\" src=\"https:\/\/i0.wp.com\/www.agrund.com\/wp-content\/uploads\/2013\/06\/Rag-Bone-1.jpg?resize=480%2C722\" width=\"480\" height=\"722\" data-recalc-dims=\"1\" \/><\/a><p id=\"caption-attachment-75552\" class=\"wp-caption-text\">Semana de Moda de Londres Ver\u00e3o 2014 \u2013 Alerta Tend\u00eancia &#8211; Rag &amp; Bone<\/p><\/div>\n<div id=\"attachment_75553\" style=\"width: 490px\" class=\"wp-caption aligncenter\"><a href=\"https:\/\/i0.wp.com\/www.agrund.com\/wp-content\/uploads\/2013\/06\/Rag-Bone-2.jpg\"><img aria-describedby=\"caption-attachment-75553\" decoding=\"async\" loading=\"lazy\" class=\"size-full wp-image-75553\" alt=\"Semana de Moda de Londres Ver\u00e3o 2014 \u2013 Alerta Tend\u00eancia - Rag &amp; Bone\" src=\"https:\/\/i0.wp.com\/www.agrund.com\/wp-content\/uploads\/2013\/06\/Rag-Bone-2.jpg?resize=480%2C722\" width=\"480\" height=\"722\" data-recalc-dims=\"1\" \/><\/a><p id=\"caption-attachment-75553\" class=\"wp-caption-text\">Semana de Moda de Londres Ver\u00e3o 2014 \u2013 Alerta Tend\u00eancia &#8211; Rag &amp; Bone<\/p><\/div>\n<p>Alerta Tend\u00eancia: cowboy. A Topman Design, que abriu a Semana de Moda de Londres Ver\u00e3o 2014, apostou no estilo cowboy chic com modelagens mais amplas e com bordados que tiram a rigidez das pe\u00e7as. Destaque para os acess\u00f3rios metalizados que podem trazer modernidade ao visual. A dica aqui \u00e9: quer aumentar visualmente seus ombros? Opte por estampas ou detalhes como esses apresentados no desfile.<\/p>\n<div id=\"attachment_75554\" style=\"width: 490px\" class=\"wp-caption aligncenter\"><a href=\"https:\/\/i0.wp.com\/www.agrund.com\/wp-content\/uploads\/2013\/06\/Topman-1.jpg\"><img aria-describedby=\"caption-attachment-75554\" decoding=\"async\" loading=\"lazy\" class=\"size-full wp-image-75554\" alt=\"Semana de Moda de Londres Ver\u00e3o 2014 \u2013 Alerta Tend\u00eancia - Topman\" src=\"https:\/\/i0.wp.com\/www.agrund.com\/wp-content\/uploads\/2013\/06\/Topman-1.jpg?resize=480%2C722\" width=\"480\" height=\"722\" data-recalc-dims=\"1\" \/><\/a><p id=\"caption-attachment-75554\" class=\"wp-caption-text\">Semana de Moda de Londres Ver\u00e3o 2014 \u2013 Alerta Tend\u00eancia &#8211; Topman<\/p><\/div>\n<div id=\"attachment_75555\" style=\"width: 490px\" class=\"wp-caption aligncenter\"><a href=\"https:\/\/i0.wp.com\/www.agrund.com\/wp-content\/uploads\/2013\/06\/Topman-2.jpg\"><img aria-describedby=\"caption-attachment-75555\" decoding=\"async\" loading=\"lazy\" class=\"size-full wp-image-75555\" alt=\"Semana de Moda de Londres Ver\u00e3o 2014 \u2013 Alerta Tend\u00eancia - Topman\" src=\"https:\/\/i0.wp.com\/www.agrund.com\/wp-content\/uploads\/2013\/06\/Topman-2.jpg?resize=480%2C722\" width=\"480\" height=\"722\" data-recalc-dims=\"1\" \/><\/a><p id=\"caption-attachment-75555\" class=\"wp-caption-text\">Semana de Moda de Londres Ver\u00e3o 2014 \u2013 Alerta Tend\u00eancia &#8211; Topman<\/p><\/div>\n<p>Beijos e at\u00e9 a pr\u00f3xima!<\/p>\n<p>&nbsp;<\/p>\n<p>Imagens: Reprodu\u00e7\u00e3o.<\/p>\n","protected":false},"excerpt":{"rendered":"<p>Essa semana aconteceu em Londres a apresenta\u00e7\u00e3o das cole\u00e7\u00f5es masculinas na Semana de Moda Ver\u00e3o 2014. E por isso voltarei com a s\u00e9rie de bi\u00f3tipos semana que vem. Fiquei bem atento para trazer algumas informa\u00e7\u00f5es de moda e tend\u00eancia para voc\u00eas. Escolhi alguns desfiles que valem como refer\u00eancia e ideias para voc\u00eas montarem seus looks [&hellip;]<\/p>\n","protected":false},"author":8,"featured_media":76537,"comment_status":"open","ping_status":"open","sticky":false,"template":"","format":"standard","meta":{"jetpack_post_was_ever_published":false,"_jetpack_newsletter_access":"","jetpack_publicize_message":"","jetpack_is_tweetstorm":false,"jetpack_publicize_feature_enabled":true,"jetpack_social_post_already_shared":true,"jetpack_social_options":{"image_generator_settings":{"template":"highway","enabled":false}}},"categories":[6],"tags":[],"jetpack_publicize_connections":[],"jetpack_featured_media_url":"https:\/\/i0.wp.com\/agrund.com\/wp-content\/uploads\/sites\/6\/2013\/06\/slide-mkoda.jpg?fit=960%2C300&ssl=1","jetpack_sharing_enabled":true,"jetpack_shortlink":"https:\/\/wp.me\/p3Hz0n-jEv","jetpack_likes_enabled":true,"_links":{"self":[{"href":"https:\/\/agrund.com\/index.php\/wp-json\/wp\/v2\/posts\/75547"}],"collection":[{"href":"https:\/\/agrund.com\/index.php\/wp-json\/wp\/v2\/posts"}],"about":[{"href":"https:\/\/agrund.com\/index.php\/wp-json\/wp\/v2\/types\/post"}],"author":[{"embeddable":true,"href":"https:\/\/agrund.com\/index.php\/wp-json\/wp\/v2\/users\/8"}],"replies":[{"embeddable":true,"href":"https:\/\/agrund.com\/index.php\/wp-json\/wp\/v2\/comments?post=75547"}],"version-history":[{"count":0,"href":"https:\/\/agrund.com\/index.php\/wp-json\/wp\/v2\/posts\/75547\/revisions"}],"wp:featuredmedia":[{"embeddable":true,"href":"https:\/\/agrund.com\/index.php\/wp-json\/wp\/v2\/media\/76537"}],"wp:attachment":[{"href":"https:\/\/agrund.com\/index.php\/wp-json\/wp\/v2\/media?parent=75547"}],"wp:term":[{"taxonomy":"category","embeddable":true,"href":"https:\/\/agrund.com\/index.php\/wp-json\/wp\/v2\/categories?post=75547"},{"taxonomy":"post_tag","embeddable":true,"href":"https:\/\/agrund.com\/index.php\/wp-json\/wp\/v2\/tags?post=75547"}],"curies":[{"name":"wp","href":"https:\/\/api.w.org\/{rel}","templated":true}]}}