{"id":75351,"date":"2013-06-21T19:00:13","date_gmt":"2013-06-21T22:00:13","guid":{"rendered":"http:\/\/www.agrund.com\/?p=75351"},"modified":"2013-06-21T19:00:13","modified_gmt":"2013-06-21T22:00:13","slug":"o-incrivel-kaws-e-seus-personagens-gigantes","status":"publish","type":"post","link":"https:\/\/agrund.com\/index.php\/o-incrivel-kaws-e-seus-personagens-gigantes\/","title":{"rendered":"O incr\u00edvel Kaws e seus personagens gigantes"},"content":{"rendered":"<p style=\"text-align: right\">Por Gustavo Luz<\/p>\n<p>Depois de uma pr\u00e9via via Instagram, no in\u00edcio deste m\u00eas, o reverenciado artista nova-iorquino Kaws inaugura a exposi\u00e7\u00e3o &#8220;GISWIL&#8221;. O palco desta grandiosa exposi\u00e7\u00e3o \u00e9 a More Gallery, na Su\u00ed\u00e7a. Kaws levou duas novas pe\u00e7as de sua companhia, sendo que ambos s\u00e3o sugestivos do famoso conto de Pin\u00f3quio e s\u00e3o constru\u00eddos inteiramente em pain\u00e9is de madeira. O artista tamb\u00e9m adiciona uma cole\u00e7\u00e3o de estampas vermelhas e pretas circulares que parecem vir em conjunto para mostrar mais de seus impressionantes personagens. A instala\u00e7\u00e3o estar\u00e1 aberta at\u00e9 o dia 25 de agosto como exposi\u00e7\u00e3o integrante da Art Basel, que depois de T\u00f3quio desembarca na Su\u00ed\u00e7a.<\/p>\n<div id=\"attachment_75352\" style=\"width: 510px\" class=\"wp-caption aligncenter\"><a href=\"https:\/\/i0.wp.com\/www.agrund.com\/wp-content\/uploads\/2013\/06\/o-incrivel-kaws-e-seus-personagens-gigantes-1.jpg\"><img aria-describedby=\"caption-attachment-75352\" decoding=\"async\" loading=\"lazy\" class=\"size-full wp-image-75352\" alt=\"O incr\u00edvel Kaws e seus personagens gigantes\" src=\"https:\/\/i0.wp.com\/www.agrund.com\/wp-content\/uploads\/2013\/06\/o-incrivel-kaws-e-seus-personagens-gigantes-1.jpg?resize=500%2C333\" width=\"500\" height=\"333\" data-recalc-dims=\"1\" \/><\/a><p id=\"caption-attachment-75352\" class=\"wp-caption-text\">O incr\u00edvel Kaws e seus personagens gigantes<\/p><\/div>\n<div id=\"attachment_75353\" style=\"width: 510px\" class=\"wp-caption aligncenter\"><a href=\"https:\/\/i0.wp.com\/www.agrund.com\/wp-content\/uploads\/2013\/06\/o-incrivel-kaws-e-seus-personagens-gigantes-2.jpg\"><img aria-describedby=\"caption-attachment-75353\" decoding=\"async\" loading=\"lazy\" class=\"size-full wp-image-75353\" alt=\"O incr\u00edvel Kaws e seus personagens gigantes\" src=\"https:\/\/i0.wp.com\/www.agrund.com\/wp-content\/uploads\/2013\/06\/o-incrivel-kaws-e-seus-personagens-gigantes-2.jpg?resize=500%2C750\" width=\"500\" height=\"750\" data-recalc-dims=\"1\" \/><\/a><p id=\"caption-attachment-75353\" class=\"wp-caption-text\">O incr\u00edvel Kaws e seus personagens gigantes<\/p><\/div>\n<div id=\"attachment_75354\" style=\"width: 510px\" class=\"wp-caption aligncenter\"><a href=\"https:\/\/i0.wp.com\/www.agrund.com\/wp-content\/uploads\/2013\/06\/o-incrivel-kaws-e-seus-personagens-gigantes-3.jpg\"><img aria-describedby=\"caption-attachment-75354\" decoding=\"async\" loading=\"lazy\" class=\"size-full wp-image-75354\" alt=\"O incr\u00edvel Kaws e seus personagens gigantes\" src=\"https:\/\/i0.wp.com\/www.agrund.com\/wp-content\/uploads\/2013\/06\/o-incrivel-kaws-e-seus-personagens-gigantes-3.jpg?resize=500%2C750\" width=\"500\" height=\"750\" data-recalc-dims=\"1\" \/><\/a><p id=\"caption-attachment-75354\" class=\"wp-caption-text\">O incr\u00edvel Kaws e seus personagens gigantes<\/p><\/div>\n<div id=\"attachment_75355\" style=\"width: 510px\" class=\"wp-caption aligncenter\"><a href=\"https:\/\/i0.wp.com\/www.agrund.com\/wp-content\/uploads\/2013\/06\/o-incrivel-kaws-e-seus-personagens-gigantes-4.jpg\"><img aria-describedby=\"caption-attachment-75355\" decoding=\"async\" loading=\"lazy\" class=\"size-full wp-image-75355\" alt=\"O incr\u00edvel Kaws e seus personagens gigantes\" src=\"https:\/\/i0.wp.com\/www.agrund.com\/wp-content\/uploads\/2013\/06\/o-incrivel-kaws-e-seus-personagens-gigantes-4.jpg?resize=500%2C751\" width=\"500\" height=\"751\" data-recalc-dims=\"1\" \/><\/a><p id=\"caption-attachment-75355\" class=\"wp-caption-text\">O incr\u00edvel Kaws e seus personagens gigantes<\/p><\/div>\n<div id=\"attachment_75356\" style=\"width: 510px\" class=\"wp-caption aligncenter\"><a href=\"https:\/\/i0.wp.com\/www.agrund.com\/wp-content\/uploads\/2013\/06\/o-incrivel-kaws-e-seus-personagens-gigantes-5.jpg\"><img aria-describedby=\"caption-attachment-75356\" decoding=\"async\" loading=\"lazy\" class=\"size-full wp-image-75356\" alt=\"O incr\u00edvel Kaws e seus personagens gigantes\" src=\"https:\/\/i0.wp.com\/www.agrund.com\/wp-content\/uploads\/2013\/06\/o-incrivel-kaws-e-seus-personagens-gigantes-5.jpg?resize=500%2C751\" width=\"500\" height=\"751\" data-recalc-dims=\"1\" \/><\/a><p id=\"caption-attachment-75356\" class=\"wp-caption-text\">O incr\u00edvel Kaws e seus personagens gigantes<\/p><\/div>\n<div id=\"attachment_75357\" style=\"width: 510px\" class=\"wp-caption aligncenter\"><a href=\"https:\/\/i0.wp.com\/www.agrund.com\/wp-content\/uploads\/2013\/06\/o-incrivel-kaws-e-seus-personagens-gigantes-6.jpg\"><img aria-describedby=\"caption-attachment-75357\" decoding=\"async\" loading=\"lazy\" class=\"size-full wp-image-75357\" alt=\"O incr\u00edvel Kaws e seus personagens gigantes\" src=\"https:\/\/i0.wp.com\/www.agrund.com\/wp-content\/uploads\/2013\/06\/o-incrivel-kaws-e-seus-personagens-gigantes-6.jpg?resize=500%2C750\" width=\"500\" height=\"750\" data-recalc-dims=\"1\" \/><\/a><p id=\"caption-attachment-75357\" class=\"wp-caption-text\">O incr\u00edvel Kaws e seus personagens gigantes<\/p><\/div>\n<p>Imagens: Reprodu\u00e7\u00e3o.<\/p>\n<p>&nbsp;<\/p>\n","protected":false},"excerpt":{"rendered":"<p>Por Gustavo Luz Depois de uma pr\u00e9via via Instagram, no in\u00edcio deste m\u00eas, o reverenciado artista nova-iorquino Kaws inaugura a exposi\u00e7\u00e3o &#8220;GISWIL&#8221;. O palco desta grandiosa exposi\u00e7\u00e3o \u00e9 a More Gallery, na Su\u00ed\u00e7a. Kaws levou duas novas pe\u00e7as de sua companhia, sendo que ambos s\u00e3o sugestivos do famoso conto de Pin\u00f3quio e s\u00e3o constru\u00eddos inteiramente [&hellip;]<\/p>\n","protected":false},"author":8,"featured_media":75358,"comment_status":"open","ping_status":"open","sticky":false,"template":"","format":"standard","meta":{"jetpack_post_was_ever_published":false,"_jetpack_newsletter_access":"","jetpack_publicize_message":"","jetpack_is_tweetstorm":false,"jetpack_publicize_feature_enabled":true,"jetpack_social_post_already_shared":true,"jetpack_social_options":{"image_generator_settings":{"template":"highway","enabled":false}}},"categories":[2],"tags":[],"jetpack_publicize_connections":[],"jetpack_featured_media_url":"","jetpack_sharing_enabled":true,"jetpack_shortlink":"https:\/\/wp.me\/p3Hz0n-jBl","jetpack_likes_enabled":true,"_links":{"self":[{"href":"https:\/\/agrund.com\/index.php\/wp-json\/wp\/v2\/posts\/75351"}],"collection":[{"href":"https:\/\/agrund.com\/index.php\/wp-json\/wp\/v2\/posts"}],"about":[{"href":"https:\/\/agrund.com\/index.php\/wp-json\/wp\/v2\/types\/post"}],"author":[{"embeddable":true,"href":"https:\/\/agrund.com\/index.php\/wp-json\/wp\/v2\/users\/8"}],"replies":[{"embeddable":true,"href":"https:\/\/agrund.com\/index.php\/wp-json\/wp\/v2\/comments?post=75351"}],"version-history":[{"count":0,"href":"https:\/\/agrund.com\/index.php\/wp-json\/wp\/v2\/posts\/75351\/revisions"}],"wp:featuredmedia":[{"embeddable":true,"href":"https:\/\/agrund.com\/index.php\/wp-json\/"}],"wp:attachment":[{"href":"https:\/\/agrund.com\/index.php\/wp-json\/wp\/v2\/media?parent=75351"}],"wp:term":[{"taxonomy":"category","embeddable":true,"href":"https:\/\/agrund.com\/index.php\/wp-json\/wp\/v2\/categories?post=75351"},{"taxonomy":"post_tag","embeddable":true,"href":"https:\/\/agrund.com\/index.php\/wp-json\/wp\/v2\/tags?post=75351"}],"curies":[{"name":"wp","href":"https:\/\/api.w.org\/{rel}","templated":true}]}}