{"id":75229,"date":"2013-06-20T22:00:28","date_gmt":"2013-06-21T01:00:28","guid":{"rendered":"http:\/\/www.agrund.com\/?p=75229"},"modified":"2013-06-20T22:00:28","modified_gmt":"2013-06-21T01:00:28","slug":"evento-primeira-edicao-do-colheita-feliz-internacional","status":"publish","type":"post","link":"https:\/\/agrund.com\/index.php\/evento-primeira-edicao-do-colheita-feliz-internacional\/","title":{"rendered":"Evento :: Primeira edi\u00e7\u00e3o do Colheita Feliz Internacional"},"content":{"rendered":"<p>As empres\u00e1rias e amigas Marina Sanvicente e Renata Castro promovem entre os dias 20 e 23 de junho a primeira edi\u00e7\u00e3o do Colheita Internacional. O objetivo \u00e9 reciclar a moda com boas oportunidades e consumo consciente. Com uma super curadoria e o melhor das cole\u00e7\u00f5es de inverno das marcas internacionais, essa \u00e9 a primeira experi\u00eancia internacional das s\u00f3cias.<br \/>\nO evento re\u00fane pe\u00e7as de marcas representadas pelo Grupo Onshow como Just Cavalli, Love Moschino, Scotch Soda e Maison Scotch, prometendo agradar tanto as mulheres quanto os homens. As tardes ser\u00e3o regadas a sorvetes Diletto e o d\u00e9cor fica por conta das lindas flores da Ful\u00f4, parceiros oficiais do Colheita Internacional.<br \/>\nMarina reitera a voca\u00e7\u00e3o do evento, criado para a promo\u00e7\u00e3o do consumo consciente e da moda sustent\u00e1vel: \u201cQueremos fazer a energia circular e apostamos na renova\u00e7\u00e3o do arm\u00e1rio com qualidade e pre\u00e7os acess\u00edveis\u201d, explica. J\u00e1 Renata comemora o sucesso da parceria. \u201cOs s\u00f3cios do Grupo Onshow viram nossos \u00faltimos eventos, analisaram o p\u00fablico, mix, e quiseram apresentar suas marcas ao nosso p\u00fablico. \u00c9 um super reconhecimento\u201d, comemora.<\/p>\n<p>Servi\u00e7o:<br \/>\nColheita Internacional<br \/>\nData: de 20 a 23 de junho<br \/>\nOnde: R. Harmonia, 71, Vila Madalena<br \/>\nHor\u00e1rio: De 12h \u00e0s 20h<br \/>\nFormas de pagamento: cart\u00e3o de cr\u00e9dito, cheque ou dinheiro<br \/>\nManobristas no Local<\/p>\n<div id=\"attachment_75230\" style=\"width: 510px\" class=\"wp-caption aligncenter\"><a href=\"https:\/\/i0.wp.com\/www.agrund.com\/wp-content\/uploads\/2013\/06\/evento-primeira-edicao-do-colheita-feliz-internacional-1.jpg\"><img aria-describedby=\"caption-attachment-75230\" decoding=\"async\" loading=\"lazy\" class=\"size-full wp-image-75230\" alt=\"Evento :: Primeira edi\u00e7\u00e3o do Colheita Feliz Internacional\" src=\"https:\/\/i0.wp.com\/www.agrund.com\/wp-content\/uploads\/2013\/06\/evento-primeira-edicao-do-colheita-feliz-internacional-1.jpg?resize=500%2C668\" width=\"500\" height=\"668\" data-recalc-dims=\"1\" \/><\/a><p id=\"caption-attachment-75230\" class=\"wp-caption-text\">Evento :: Primeira edi\u00e7\u00e3o do Colheita Feliz Internacional<\/p><\/div>\n<div id=\"attachment_75231\" style=\"width: 510px\" class=\"wp-caption aligncenter\"><a href=\"https:\/\/i0.wp.com\/www.agrund.com\/wp-content\/uploads\/2013\/06\/evento-primeira-edicao-do-colheita-feliz-internacional-2.jpg\"><img aria-describedby=\"caption-attachment-75231\" decoding=\"async\" loading=\"lazy\" class=\"size-full wp-image-75231\" alt=\"Evento :: Primeira edi\u00e7\u00e3o do Colheita Feliz Internacional\" src=\"https:\/\/i0.wp.com\/www.agrund.com\/wp-content\/uploads\/2013\/06\/evento-primeira-edicao-do-colheita-feliz-internacional-2.jpg?resize=500%2C669\" width=\"500\" height=\"669\" data-recalc-dims=\"1\" \/><\/a><p id=\"caption-attachment-75231\" class=\"wp-caption-text\">Evento :: Primeira edi\u00e7\u00e3o do Colheita Feliz Internacional<\/p><\/div>\n<div id=\"attachment_75232\" style=\"width: 510px\" class=\"wp-caption aligncenter\"><a href=\"https:\/\/i0.wp.com\/www.agrund.com\/wp-content\/uploads\/2013\/06\/evento-primeira-edicao-do-colheita-feliz-internacional-3.jpg\"><img aria-describedby=\"caption-attachment-75232\" decoding=\"async\" loading=\"lazy\" class=\"size-full wp-image-75232\" alt=\"Evento :: Primeira edi\u00e7\u00e3o do Colheita Feliz Internacional\" src=\"https:\/\/i0.wp.com\/www.agrund.com\/wp-content\/uploads\/2013\/06\/evento-primeira-edicao-do-colheita-feliz-internacional-3.jpg?resize=500%2C333\" width=\"500\" height=\"333\" data-recalc-dims=\"1\" \/><\/a><p id=\"caption-attachment-75232\" class=\"wp-caption-text\">Evento :: Primeira edi\u00e7\u00e3o do Colheita Feliz Internacional<\/p><\/div>\n<div id=\"attachment_75233\" style=\"width: 510px\" class=\"wp-caption aligncenter\"><a href=\"https:\/\/i0.wp.com\/www.agrund.com\/wp-content\/uploads\/2013\/06\/evento-primeira-edicao-do-colheita-feliz-internacional-4.jpg\"><img aria-describedby=\"caption-attachment-75233\" decoding=\"async\" loading=\"lazy\" class=\"size-full wp-image-75233\" alt=\"Evento :: Primeira edi\u00e7\u00e3o do Colheita Feliz Internacional\" src=\"https:\/\/i0.wp.com\/www.agrund.com\/wp-content\/uploads\/2013\/06\/evento-primeira-edicao-do-colheita-feliz-internacional-4.jpg?resize=500%2C333\" width=\"500\" height=\"333\" data-recalc-dims=\"1\" \/><\/a><p id=\"caption-attachment-75233\" class=\"wp-caption-text\">Evento :: Primeira edi\u00e7\u00e3o do Colheita Feliz Internacional<\/p><\/div>\n<p>Imagens: Divulga\u00e7\u00e3o.<\/p>\n","protected":false},"excerpt":{"rendered":"<p>As empres\u00e1rias e amigas Marina Sanvicente e Renata Castro promovem entre os dias 20 e 23 de junho a primeira edi\u00e7\u00e3o do Colheita Internacional. O objetivo \u00e9 reciclar a moda com boas oportunidades e consumo consciente. Com uma super curadoria e o melhor das cole\u00e7\u00f5es de inverno das marcas internacionais, essa \u00e9 a primeira experi\u00eancia [&hellip;]<\/p>\n","protected":false},"author":8,"featured_media":75234,"comment_status":"open","ping_status":"open","sticky":false,"template":"","format":"standard","meta":{"jetpack_post_was_ever_published":false,"_jetpack_newsletter_access":"","jetpack_publicize_message":"","jetpack_is_tweetstorm":false,"jetpack_publicize_feature_enabled":true,"jetpack_social_post_already_shared":true,"jetpack_social_options":{"image_generator_settings":{"template":"highway","enabled":false}}},"categories":[2],"tags":[],"jetpack_publicize_connections":[],"jetpack_featured_media_url":"","jetpack_sharing_enabled":true,"jetpack_shortlink":"https:\/\/wp.me\/p3Hz0n-jzn","jetpack_likes_enabled":true,"_links":{"self":[{"href":"https:\/\/agrund.com\/index.php\/wp-json\/wp\/v2\/posts\/75229"}],"collection":[{"href":"https:\/\/agrund.com\/index.php\/wp-json\/wp\/v2\/posts"}],"about":[{"href":"https:\/\/agrund.com\/index.php\/wp-json\/wp\/v2\/types\/post"}],"author":[{"embeddable":true,"href":"https:\/\/agrund.com\/index.php\/wp-json\/wp\/v2\/users\/8"}],"replies":[{"embeddable":true,"href":"https:\/\/agrund.com\/index.php\/wp-json\/wp\/v2\/comments?post=75229"}],"version-history":[{"count":0,"href":"https:\/\/agrund.com\/index.php\/wp-json\/wp\/v2\/posts\/75229\/revisions"}],"wp:featuredmedia":[{"embeddable":true,"href":"https:\/\/agrund.com\/index.php\/wp-json\/"}],"wp:attachment":[{"href":"https:\/\/agrund.com\/index.php\/wp-json\/wp\/v2\/media?parent=75229"}],"wp:term":[{"taxonomy":"category","embeddable":true,"href":"https:\/\/agrund.com\/index.php\/wp-json\/wp\/v2\/categories?post=75229"},{"taxonomy":"post_tag","embeddable":true,"href":"https:\/\/agrund.com\/index.php\/wp-json\/wp\/v2\/tags?post=75229"}],"curies":[{"name":"wp","href":"https:\/\/api.w.org\/{rel}","templated":true}]}}