{"id":75098,"date":"2013-06-19T23:00:57","date_gmt":"2013-06-20T02:00:57","guid":{"rendered":"http:\/\/www.agrund.com\/?p=75098"},"modified":"2013-06-19T23:00:57","modified_gmt":"2013-06-20T02:00:57","slug":"filme-jennifer-lopez-rodrigo-santoro-e-antonio-banderas-juntos","status":"publish","type":"post","link":"https:\/\/agrund.com\/index.php\/filme-jennifer-lopez-rodrigo-santoro-e-antonio-banderas-juntos\/","title":{"rendered":"Filme :: Jennifer Lopez, Rodrigo Santoro e Antonio Banderas juntos"},"content":{"rendered":"<p>Jennifer Lopez, que ser\u00e1 homenageada nesta semana com uma estrela na Cal\u00e7ada da Fama em Hollywood, retornar\u00e1 \u00e0s telonas &#8211; depois de participar do filme de a\u00e7\u00e3o &#8216;Parker&#8217; &#8211; com um filme que vai retratar os momentos dif\u00edceis vividos pelos 33 mineiros chilenos que permaneceram 69 dias presos embaixo da terra, em 2010, segundo &#8216;The Hollywood Reporter&#8217;.<\/p>\n<p>A cantora ir\u00e1 contracenar com Antonio Banderas, Martin Sheen e Rodrigo Santoro no filme produzido por Mike Medavoy, que assumiu os direitos da hist\u00f3rica trag\u00e9dia para levar aos cinemas um filme sobre o incidente que foi manchete de v\u00e1rios jornais ao redor do mundo.<\/p>\n<p>Banderas vai interpretar Mario Sepulveda &#8211; apelidado de &#8216;Super Mario&#8217; por seus esfor\u00e7os ao tentar salvar os mineiros -, enquanto o aclamado Martin Sheen ser\u00e1 pai de um dos mineiros presos, dentre eles um vivido por Rodrigo Santoro. O filme come\u00e7a a ser gravado ainda esse ano sob a dire\u00e7\u00e3o de Patricia Riggen. O roteiro est\u00e1 em cargo de Mikko Alanne e do porto-riquenho Jose Rivera.<\/p>\n<div id=\"attachment_75099\" style=\"width: 590px\" class=\"wp-caption aligncenter\"><a href=\"https:\/\/i0.wp.com\/www.agrund.com\/wp-content\/uploads\/2013\/06\/filme-jennifer-lopez-rodrigo-santoro-e-antonio-banderas-juntos.png\"><img aria-describedby=\"caption-attachment-75099\" decoding=\"async\" loading=\"lazy\" class=\"size-full wp-image-75099\" alt=\"Filme :: Jennifer Lopez, Rodrigo Santoro e Antonio Banderas juntos\" src=\"https:\/\/i0.wp.com\/www.agrund.com\/wp-content\/uploads\/2013\/06\/filme-jennifer-lopez-rodrigo-santoro-e-antonio-banderas-juntos.png?resize=580%2C370\" width=\"580\" height=\"370\" data-recalc-dims=\"1\" \/><\/a><p id=\"caption-attachment-75099\" class=\"wp-caption-text\">Filme :: Jennifer Lopez, Rodrigo Santoro e Antonio Banderas juntos<\/p><\/div>\n<p>Imagens: Reprodu\u00e7\u00e3o,<\/p>\n","protected":false},"excerpt":{"rendered":"<p>Jennifer Lopez, que ser\u00e1 homenageada nesta semana com uma estrela na Cal\u00e7ada da Fama em Hollywood, retornar\u00e1 \u00e0s telonas &#8211; depois de participar do filme de a\u00e7\u00e3o &#8216;Parker&#8217; &#8211; com um filme que vai retratar os momentos dif\u00edceis vividos pelos 33 mineiros chilenos que permaneceram 69 dias presos embaixo da terra, em 2010, segundo &#8216;The [&hellip;]<\/p>\n","protected":false},"author":8,"featured_media":75100,"comment_status":"open","ping_status":"open","sticky":false,"template":"","format":"standard","meta":{"jetpack_post_was_ever_published":false,"_jetpack_newsletter_access":"","jetpack_publicize_message":"","jetpack_is_tweetstorm":false,"jetpack_publicize_feature_enabled":true,"jetpack_social_post_already_shared":true,"jetpack_social_options":{"image_generator_settings":{"template":"highway","enabled":false}}},"categories":[2],"tags":[],"jetpack_publicize_connections":[],"jetpack_featured_media_url":"","jetpack_sharing_enabled":true,"jetpack_shortlink":"https:\/\/wp.me\/p3Hz0n-jxg","jetpack_likes_enabled":true,"_links":{"self":[{"href":"https:\/\/agrund.com\/index.php\/wp-json\/wp\/v2\/posts\/75098"}],"collection":[{"href":"https:\/\/agrund.com\/index.php\/wp-json\/wp\/v2\/posts"}],"about":[{"href":"https:\/\/agrund.com\/index.php\/wp-json\/wp\/v2\/types\/post"}],"author":[{"embeddable":true,"href":"https:\/\/agrund.com\/index.php\/wp-json\/wp\/v2\/users\/8"}],"replies":[{"embeddable":true,"href":"https:\/\/agrund.com\/index.php\/wp-json\/wp\/v2\/comments?post=75098"}],"version-history":[{"count":0,"href":"https:\/\/agrund.com\/index.php\/wp-json\/wp\/v2\/posts\/75098\/revisions"}],"wp:featuredmedia":[{"embeddable":true,"href":"https:\/\/agrund.com\/index.php\/wp-json\/"}],"wp:attachment":[{"href":"https:\/\/agrund.com\/index.php\/wp-json\/wp\/v2\/media?parent=75098"}],"wp:term":[{"taxonomy":"category","embeddable":true,"href":"https:\/\/agrund.com\/index.php\/wp-json\/wp\/v2\/categories?post=75098"},{"taxonomy":"post_tag","embeddable":true,"href":"https:\/\/agrund.com\/index.php\/wp-json\/wp\/v2\/tags?post=75098"}],"curies":[{"name":"wp","href":"https:\/\/api.w.org\/{rel}","templated":true}]}}