{"id":74794,"date":"2013-06-18T16:00:26","date_gmt":"2013-06-18T19:00:26","guid":{"rendered":"http:\/\/www.agrund.com\/?p=74794"},"modified":"2013-06-18T16:00:26","modified_gmt":"2013-06-18T19:00:26","slug":"universo-feminino-mundial-impala-lanca-sua-primeira-linha-de-maquiagem","status":"publish","type":"post","link":"https:\/\/agrund.com\/index.php\/universo-feminino-mundial-impala-lanca-sua-primeira-linha-de-maquiagem\/","title":{"rendered":"Universo Feminino :: Mundial Impala lan\u00e7a sua primeira linha de maquiagem"},"content":{"rendered":"<p>A Mundial Impala lan\u00e7a no mercado sua primeira linha de maquiagem com uma sele\u00e7\u00e3o de produtos para a face, olhos, boca e acess\u00f3rios. Baseada nas tend\u00eancias nacionais e internacionais, a linha possui mais de 100 itens. Entre eles: base, duo cake, p\u00f3, blush, iluminador, sombras, paletas de l\u00e1pis, delineadores, m\u00e1scaras para c\u00edlios coloridas e batons e gloss com variedades de tons. Os acess\u00f3rios incluem apontador, len\u00e7os removedores, kits com pinceis e modeladores. Com o lan\u00e7amento da linha de maquiagem, a Impala pretende ser o ponto de partida para transformar a beleza idealizada por suas consumidoras em realidade.<\/p>\n<div id=\"attachment_74795\" style=\"width: 450px\" class=\"wp-caption aligncenter\"><a href=\"https:\/\/i0.wp.com\/www.agrund.com\/wp-content\/uploads\/2013\/06\/Base-Facial-Liquida.jpg\"><img aria-describedby=\"caption-attachment-74795\" decoding=\"async\" loading=\"lazy\" class=\" wp-image-74795 \" alt=\"Universo Feminino :: Mundial Impala lan\u00e7a sua primeira linha de maquiagem - Base facil liquida\" src=\"https:\/\/i0.wp.com\/www.agrund.com\/wp-content\/uploads\/2013\/06\/Base-Facial-Liquida.jpg?resize=440%2C546\" width=\"440\" height=\"546\" data-recalc-dims=\"1\" \/><\/a><p id=\"caption-attachment-74795\" class=\"wp-caption-text\">Universo Feminino :: Mundial Impala lan\u00e7a sua primeira linha de maquiagem &#8211; Base facil liquida<\/p><\/div>\n<div id=\"attachment_74796\" style=\"width: 450px\" class=\"wp-caption aligncenter\"><a href=\"https:\/\/i0.wp.com\/www.agrund.com\/wp-content\/uploads\/2013\/06\/Batom-Matte-Maxima-Cobertura.jpg\"><img aria-describedby=\"caption-attachment-74796\" decoding=\"async\" loading=\"lazy\" class=\" wp-image-74796 \" alt=\"Universo Feminino :: Mundial Impala lan\u00e7a sua primeira linha de maquiagem -  Batom matte maxima cobertura\" src=\"https:\/\/i0.wp.com\/www.agrund.com\/wp-content\/uploads\/2013\/06\/Batom-Matte-Maxima-Cobertura.jpg?resize=440%2C495\" width=\"440\" height=\"495\" data-recalc-dims=\"1\" \/><\/a><p id=\"caption-attachment-74796\" class=\"wp-caption-text\">Universo Feminino :: Mundial Impala lan\u00e7a sua primeira linha de maquiagem &#8211; Batom matte maxima cobertura<\/p><\/div>\n<div id=\"attachment_74797\" style=\"width: 450px\" class=\"wp-caption aligncenter\"><a href=\"https:\/\/i0.wp.com\/www.agrund.com\/wp-content\/uploads\/2013\/06\/Blush-Esferas.jpg\"><img aria-describedby=\"caption-attachment-74797\" decoding=\"async\" loading=\"lazy\" class=\" wp-image-74797 \" alt=\"Universo Feminino :: Mundial Impala lan\u00e7a sua primeira linha de maquiagem - Blush esferas\" src=\"https:\/\/i0.wp.com\/www.agrund.com\/wp-content\/uploads\/2013\/06\/Blush-Esferas.jpg?resize=440%2C416\" width=\"440\" height=\"416\" data-recalc-dims=\"1\" \/><\/a><p id=\"caption-attachment-74797\" class=\"wp-caption-text\">Universo Feminino :: Mundial Impala lan\u00e7a sua primeira linha de maquiagem &#8211; Blush esferas<\/p><\/div>\n<div id=\"attachment_74798\" style=\"width: 450px\" class=\"wp-caption aligncenter\"><a href=\"https:\/\/i0.wp.com\/www.agrund.com\/wp-content\/uploads\/2013\/06\/Corretivo-Facial.jpg\"><img aria-describedby=\"caption-attachment-74798\" decoding=\"async\" loading=\"lazy\" class=\" wp-image-74798 \" alt=\"Universo Feminino :: Mundial Impala lan\u00e7a sua primeira linha de maquiagem - Corretivo facial\" src=\"https:\/\/i0.wp.com\/www.agrund.com\/wp-content\/uploads\/2013\/06\/Corretivo-Facial.jpg?resize=440%2C418\" width=\"440\" height=\"418\" data-recalc-dims=\"1\" \/><\/a><p id=\"caption-attachment-74798\" class=\"wp-caption-text\">Universo Feminino :: Mundial Impala lan\u00e7a sua primeira linha de maquiagem &#8211; Corretivo facial<\/p><\/div>\n<div id=\"attachment_74799\" style=\"width: 450px\" class=\"wp-caption aligncenter\"><a href=\"https:\/\/i0.wp.com\/www.agrund.com\/wp-content\/uploads\/2013\/06\/Delineador-Gel.jpg\"><img aria-describedby=\"caption-attachment-74799\" decoding=\"async\" loading=\"lazy\" class=\" wp-image-74799 \" alt=\"Universo Feminino :: Mundial Impala lan\u00e7a sua primeira linha de maquiagem - Delineador gel\" src=\"https:\/\/i0.wp.com\/www.agrund.com\/wp-content\/uploads\/2013\/06\/Delineador-Gel.jpg?resize=440%2C711\" width=\"440\" height=\"711\" data-recalc-dims=\"1\" \/><\/a><p id=\"caption-attachment-74799\" class=\"wp-caption-text\">Universo Feminino :: Mundial Impala lan\u00e7a sua primeira linha de maquiagem &#8211; Delineador gel<\/p><\/div>\n<div id=\"attachment_74800\" style=\"width: 450px\" class=\"wp-caption aligncenter\"><a href=\"https:\/\/i0.wp.com\/www.agrund.com\/wp-content\/uploads\/2013\/06\/Lip-Gloss-Intenso.jpg\"><img aria-describedby=\"caption-attachment-74800\" decoding=\"async\" loading=\"lazy\" class=\" wp-image-74800 \" alt=\"Universo Feminino :: Mundial Impala lan\u00e7a sua primeira linha de maquiagem - Lip Gloss intenso\" src=\"https:\/\/i0.wp.com\/www.agrund.com\/wp-content\/uploads\/2013\/06\/Lip-Gloss-Intenso.jpg?resize=440%2C538\" width=\"440\" height=\"538\" data-recalc-dims=\"1\" \/><\/a><p id=\"caption-attachment-74800\" class=\"wp-caption-text\">Universo Feminino :: Mundial Impala lan\u00e7a sua primeira linha de maquiagem &#8211; Lip Gloss intenso<\/p><\/div>\n<div id=\"attachment_74801\" style=\"width: 450px\" class=\"wp-caption aligncenter\"><a href=\"https:\/\/i0.wp.com\/www.agrund.com\/wp-content\/uploads\/2013\/06\/Po-Compacto-B.jpg\"><img aria-describedby=\"caption-attachment-74801\" decoding=\"async\" loading=\"lazy\" class=\" wp-image-74801 \" alt=\"Universo Feminino :: Mundial Impala lan\u00e7a sua primeira linha de maquiagem - P\u00f3 compacto\" src=\"https:\/\/i0.wp.com\/www.agrund.com\/wp-content\/uploads\/2013\/06\/Po-Compacto-B.jpg?resize=440%2C375\" width=\"440\" height=\"375\" data-recalc-dims=\"1\" \/><\/a><p id=\"caption-attachment-74801\" class=\"wp-caption-text\">Universo Feminino :: Mundial Impala lan\u00e7a sua primeira linha de maquiagem &#8211; P\u00f3 compacto<\/p><\/div>\n<p>Imagens: Reprodu\u00e7\u00e3o.<\/p>\n","protected":false},"excerpt":{"rendered":"<p>A Mundial Impala lan\u00e7a no mercado sua primeira linha de maquiagem com uma sele\u00e7\u00e3o de produtos para a face, olhos, boca e acess\u00f3rios. Baseada nas tend\u00eancias nacionais e internacionais, a linha possui mais de 100 itens. Entre eles: base, duo cake, p\u00f3, blush, iluminador, sombras, paletas de l\u00e1pis, delineadores, m\u00e1scaras para c\u00edlios coloridas e batons [&hellip;]<\/p>\n","protected":false},"author":8,"featured_media":74802,"comment_status":"open","ping_status":"open","sticky":false,"template":"","format":"standard","meta":{"jetpack_post_was_ever_published":false,"_jetpack_newsletter_access":"","jetpack_publicize_message":"","jetpack_is_tweetstorm":false,"jetpack_publicize_feature_enabled":true,"jetpack_social_post_already_shared":true,"jetpack_social_options":{"image_generator_settings":{"template":"highway","enabled":false}}},"categories":[2],"tags":[],"jetpack_publicize_connections":[],"jetpack_featured_media_url":"","jetpack_sharing_enabled":true,"jetpack_shortlink":"https:\/\/wp.me\/p3Hz0n-jsm","jetpack_likes_enabled":true,"_links":{"self":[{"href":"https:\/\/agrund.com\/index.php\/wp-json\/wp\/v2\/posts\/74794"}],"collection":[{"href":"https:\/\/agrund.com\/index.php\/wp-json\/wp\/v2\/posts"}],"about":[{"href":"https:\/\/agrund.com\/index.php\/wp-json\/wp\/v2\/types\/post"}],"author":[{"embeddable":true,"href":"https:\/\/agrund.com\/index.php\/wp-json\/wp\/v2\/users\/8"}],"replies":[{"embeddable":true,"href":"https:\/\/agrund.com\/index.php\/wp-json\/wp\/v2\/comments?post=74794"}],"version-history":[{"count":0,"href":"https:\/\/agrund.com\/index.php\/wp-json\/wp\/v2\/posts\/74794\/revisions"}],"wp:featuredmedia":[{"embeddable":true,"href":"https:\/\/agrund.com\/index.php\/wp-json\/"}],"wp:attachment":[{"href":"https:\/\/agrund.com\/index.php\/wp-json\/wp\/v2\/media?parent=74794"}],"wp:term":[{"taxonomy":"category","embeddable":true,"href":"https:\/\/agrund.com\/index.php\/wp-json\/wp\/v2\/categories?post=74794"},{"taxonomy":"post_tag","embeddable":true,"href":"https:\/\/agrund.com\/index.php\/wp-json\/wp\/v2\/tags?post=74794"}],"curies":[{"name":"wp","href":"https:\/\/api.w.org\/{rel}","templated":true}]}}