{"id":74753,"date":"2013-06-17T19:30:24","date_gmt":"2013-06-17T22:30:24","guid":{"rendered":"http:\/\/www.agrund.com\/?p=74753"},"modified":"2013-06-17T19:30:24","modified_gmt":"2013-06-17T22:30:24","slug":"os-times-do-coracao-na-cabeca","status":"publish","type":"post","link":"https:\/\/agrund.com\/index.php\/os-times-do-coracao-na-cabeca\/","title":{"rendered":"Os times do cora\u00e7\u00e3o na cabe\u00e7a"},"content":{"rendered":"<p>Nesse inverno, as tocas s\u00e3o bons acess\u00f3rios de prote\u00e7\u00e3o e estilo. Para os que n\u00e3o abrem m\u00e3o de exibir o seu amor pelo time do cora\u00e7\u00e3o, a empresa de bon\u00e9s e acess\u00f3rios para cabe\u00e7a, a New Era, apresenta uma cole\u00e7\u00e3o com mais de quarenta modelos de tocas que trazem o emblema do seu time. Eles s\u00e3o times da s\u00e9rie A brasileira. A brincadeira com as cores do time deixam algumas pe\u00e7as mais divertidas que outras. Mas no fim o que vale mesmo \u00e9 o amor pelo time.<\/p>\n<div id=\"attachment_74754\" style=\"width: 410px\" class=\"wp-caption aligncenter\"><a href=\"https:\/\/i0.wp.com\/www.agrund.com\/wp-content\/uploads\/2013\/06\/os-times-do-coracao-na-cabeca-1.jpg\"><img aria-describedby=\"caption-attachment-74754\" decoding=\"async\" loading=\"lazy\" class=\"size-full wp-image-74754\" alt=\"Os times do cora\u00e7\u00e3o na cabe\u00e7a\" src=\"https:\/\/i0.wp.com\/www.agrund.com\/wp-content\/uploads\/2013\/06\/os-times-do-coracao-na-cabeca-1.jpg?resize=400%2C359\" width=\"400\" height=\"359\" data-recalc-dims=\"1\" \/><\/a><p id=\"caption-attachment-74754\" class=\"wp-caption-text\">Os times do cora\u00e7\u00e3o na cabe\u00e7a<\/p><\/div>\n<div id=\"attachment_74755\" style=\"width: 410px\" class=\"wp-caption aligncenter\"><a href=\"https:\/\/i0.wp.com\/www.agrund.com\/wp-content\/uploads\/2013\/06\/os-times-do-coracao-na-cabeca-2.jpg\"><img aria-describedby=\"caption-attachment-74755\" decoding=\"async\" loading=\"lazy\" class=\"size-full wp-image-74755\" alt=\"Os times do cora\u00e7\u00e3o na cabe\u00e7a\" src=\"https:\/\/i0.wp.com\/www.agrund.com\/wp-content\/uploads\/2013\/06\/os-times-do-coracao-na-cabeca-2.jpg?resize=400%2C378\" width=\"400\" height=\"378\" data-recalc-dims=\"1\" \/><\/a><p id=\"caption-attachment-74755\" class=\"wp-caption-text\">Os times do cora\u00e7\u00e3o na cabe\u00e7a<\/p><\/div>\n<div id=\"attachment_74756\" style=\"width: 410px\" class=\"wp-caption aligncenter\"><a href=\"https:\/\/i0.wp.com\/www.agrund.com\/wp-content\/uploads\/2013\/06\/os-times-do-coracao-na-cabeca-3.jpg\"><img aria-describedby=\"caption-attachment-74756\" decoding=\"async\" loading=\"lazy\" class=\"size-full wp-image-74756\" alt=\"Os times do cora\u00e7\u00e3o na cabe\u00e7a\" src=\"https:\/\/i0.wp.com\/www.agrund.com\/wp-content\/uploads\/2013\/06\/os-times-do-coracao-na-cabeca-3.jpg?resize=400%2C386\" width=\"400\" height=\"386\" data-recalc-dims=\"1\" \/><\/a><p id=\"caption-attachment-74756\" class=\"wp-caption-text\">Os times do cora\u00e7\u00e3o na cabe\u00e7a<\/p><\/div>\n<div id=\"attachment_74757\" style=\"width: 410px\" class=\"wp-caption aligncenter\"><a href=\"https:\/\/i0.wp.com\/www.agrund.com\/wp-content\/uploads\/2013\/06\/os-times-do-coracao-na-cabeca-4.jpg\"><img aria-describedby=\"caption-attachment-74757\" decoding=\"async\" loading=\"lazy\" class=\"size-full wp-image-74757\" alt=\"Os times do cora\u00e7\u00e3o na cabe\u00e7a\" src=\"https:\/\/i0.wp.com\/www.agrund.com\/wp-content\/uploads\/2013\/06\/os-times-do-coracao-na-cabeca-4.jpg?resize=400%2C378\" width=\"400\" height=\"378\" data-recalc-dims=\"1\" \/><\/a><p id=\"caption-attachment-74757\" class=\"wp-caption-text\">Os times do cora\u00e7\u00e3o na cabe\u00e7a<\/p><\/div>\n<div id=\"attachment_74758\" style=\"width: 410px\" class=\"wp-caption aligncenter\"><a href=\"https:\/\/i0.wp.com\/www.agrund.com\/wp-content\/uploads\/2013\/06\/os-times-do-coracao-na-cabeca-5.jpg\"><img aria-describedby=\"caption-attachment-74758\" decoding=\"async\" loading=\"lazy\" class=\"size-full wp-image-74758\" alt=\"Os times do cora\u00e7\u00e3o na cabe\u00e7a\" src=\"https:\/\/i0.wp.com\/www.agrund.com\/wp-content\/uploads\/2013\/06\/os-times-do-coracao-na-cabeca-5.jpg?resize=400%2C378\" width=\"400\" height=\"378\" data-recalc-dims=\"1\" \/><\/a><p id=\"caption-attachment-74758\" class=\"wp-caption-text\">Os times do cora\u00e7\u00e3o na cabe\u00e7a<\/p><\/div>\n<div id=\"attachment_74759\" style=\"width: 410px\" class=\"wp-caption aligncenter\"><a href=\"https:\/\/i0.wp.com\/www.agrund.com\/wp-content\/uploads\/2013\/06\/os-times-do-coracao-na-cabeca-6.jpg\"><img aria-describedby=\"caption-attachment-74759\" decoding=\"async\" loading=\"lazy\" class=\"size-full wp-image-74759\" alt=\"Os times do cora\u00e7\u00e3o na cabe\u00e7a\" src=\"https:\/\/i0.wp.com\/www.agrund.com\/wp-content\/uploads\/2013\/06\/os-times-do-coracao-na-cabeca-6.jpg?resize=400%2C365\" width=\"400\" height=\"365\" data-recalc-dims=\"1\" \/><\/a><p id=\"caption-attachment-74759\" class=\"wp-caption-text\">Os times do cora\u00e7\u00e3o na cabe\u00e7a<\/p><\/div>\n<p>Imagens: Divulga\u00e7\u00e3o.<\/p>\n","protected":false},"excerpt":{"rendered":"<p>Nesse inverno, as tocas s\u00e3o bons acess\u00f3rios de prote\u00e7\u00e3o e estilo. Para os que n\u00e3o abrem m\u00e3o de exibir o seu amor pelo time do cora\u00e7\u00e3o, a empresa de bon\u00e9s e acess\u00f3rios para cabe\u00e7a, a New Era, apresenta uma cole\u00e7\u00e3o com mais de quarenta modelos de tocas que trazem o emblema do seu time. Eles [&hellip;]<\/p>\n","protected":false},"author":8,"featured_media":74760,"comment_status":"open","ping_status":"open","sticky":false,"template":"","format":"standard","meta":{"jetpack_post_was_ever_published":false,"_jetpack_newsletter_access":"","jetpack_publicize_message":"","jetpack_is_tweetstorm":false,"jetpack_publicize_feature_enabled":true,"jetpack_social_post_already_shared":true,"jetpack_social_options":{"image_generator_settings":{"template":"highway","enabled":false}}},"categories":[6],"tags":[],"jetpack_publicize_connections":[],"jetpack_featured_media_url":"","jetpack_sharing_enabled":true,"jetpack_shortlink":"https:\/\/wp.me\/p3Hz0n-jrH","jetpack_likes_enabled":true,"_links":{"self":[{"href":"https:\/\/agrund.com\/index.php\/wp-json\/wp\/v2\/posts\/74753"}],"collection":[{"href":"https:\/\/agrund.com\/index.php\/wp-json\/wp\/v2\/posts"}],"about":[{"href":"https:\/\/agrund.com\/index.php\/wp-json\/wp\/v2\/types\/post"}],"author":[{"embeddable":true,"href":"https:\/\/agrund.com\/index.php\/wp-json\/wp\/v2\/users\/8"}],"replies":[{"embeddable":true,"href":"https:\/\/agrund.com\/index.php\/wp-json\/wp\/v2\/comments?post=74753"}],"version-history":[{"count":0,"href":"https:\/\/agrund.com\/index.php\/wp-json\/wp\/v2\/posts\/74753\/revisions"}],"wp:featuredmedia":[{"embeddable":true,"href":"https:\/\/agrund.com\/index.php\/wp-json\/"}],"wp:attachment":[{"href":"https:\/\/agrund.com\/index.php\/wp-json\/wp\/v2\/media?parent=74753"}],"wp:term":[{"taxonomy":"category","embeddable":true,"href":"https:\/\/agrund.com\/index.php\/wp-json\/wp\/v2\/categories?post=74753"},{"taxonomy":"post_tag","embeddable":true,"href":"https:\/\/agrund.com\/index.php\/wp-json\/wp\/v2\/tags?post=74753"}],"curies":[{"name":"wp","href":"https:\/\/api.w.org\/{rel}","templated":true}]}}