{"id":74616,"date":"2013-06-17T10:00:58","date_gmt":"2013-06-17T13:00:58","guid":{"rendered":"http:\/\/www.agrund.com\/?p=74616"},"modified":"2013-06-17T10:00:58","modified_gmt":"2013-06-17T13:00:58","slug":"reebok-e-grafiteiro-stash-apresentam-colecao-em-parceria","status":"publish","type":"post","link":"https:\/\/agrund.com\/index.php\/reebok-e-grafiteiro-stash-apresentam-colecao-em-parceria\/","title":{"rendered":"Reebok e grafiteiro Stash apresentam cole\u00e7\u00e3o em parceria"},"content":{"rendered":"<p>A Reebok firmou parceria novamente com o grafiteiro nova-iorquino Stash para lan\u00e7ar uma cole\u00e7\u00e3o Outono\/Inverno 2013, a &#8220;City Classics&#8221;. O artista reuniu um time de doze grafiteiros de diversos lugares do mundo para colaborar com as cria\u00e7\u00e3o. S\u00e3o eles: Wane (NYC), Eklips (LA), Pose (Chicago), Mad (Philadelphia), Tati (Miami), Totem (Atlanta), DA fluxo (Cidade do M\u00e9xico), Sistemas de doentes (Moscow), Rae Martini (Mil\u00e3o), Rimo (Tokyo), Monster (Paris) e Swifty (Londres).<\/p>\n<p>Cada artista aplicar\u00e1 seu trabalho no cl\u00e1ssico modelo de t\u00eanis da Reebok. O resultado \u00e9 uma cole\u00e7\u00e3o super colorida que ser\u00e1 lan\u00e7ada no dia 1\u00ba de julho. Veja:<\/p>\n<div id=\"attachment_74617\" style=\"width: 560px\" class=\"wp-caption aligncenter\"><a href=\"https:\/\/i0.wp.com\/www.agrund.com\/wp-content\/uploads\/2013\/06\/reebok-e-grafiteiro-stash-apresentam-colecao-em-parceria-1.jpg\"><img aria-describedby=\"caption-attachment-74617\" decoding=\"async\" loading=\"lazy\" class=\"size-full wp-image-74617\" alt=\"Reebok e grafiteiro Stash apresentam cole\u00e7\u00e3o em parceria\" src=\"https:\/\/i0.wp.com\/www.agrund.com\/wp-content\/uploads\/2013\/06\/reebok-e-grafiteiro-stash-apresentam-colecao-em-parceria-1.jpg?resize=550%2C367\" width=\"550\" height=\"367\" data-recalc-dims=\"1\" \/><\/a><p id=\"caption-attachment-74617\" class=\"wp-caption-text\">Reebok e grafiteiro Stash apresentam cole\u00e7\u00e3o em parceria<\/p><\/div>\n<div id=\"attachment_74618\" style=\"width: 560px\" class=\"wp-caption aligncenter\"><a href=\"https:\/\/i0.wp.com\/www.agrund.com\/wp-content\/uploads\/2013\/06\/reebok-e-grafiteiro-stash-apresentam-colecao-em-parceria-2.jpg\"><img aria-describedby=\"caption-attachment-74618\" decoding=\"async\" loading=\"lazy\" class=\"size-full wp-image-74618\" alt=\"Reebok e grafiteiro Stash apresentam cole\u00e7\u00e3o em parceria\" src=\"https:\/\/i0.wp.com\/www.agrund.com\/wp-content\/uploads\/2013\/06\/reebok-e-grafiteiro-stash-apresentam-colecao-em-parceria-2.jpg?resize=550%2C367\" width=\"550\" height=\"367\" data-recalc-dims=\"1\" \/><\/a><p id=\"caption-attachment-74618\" class=\"wp-caption-text\">Reebok e grafiteiro Stash apresentam cole\u00e7\u00e3o em parceria<\/p><\/div>\n<div id=\"attachment_74619\" style=\"width: 560px\" class=\"wp-caption aligncenter\"><a href=\"https:\/\/i0.wp.com\/www.agrund.com\/wp-content\/uploads\/2013\/06\/reebok-e-grafiteiro-stash-apresentam-colecao-em-parceria-3.jpg\"><img aria-describedby=\"caption-attachment-74619\" decoding=\"async\" loading=\"lazy\" class=\"size-full wp-image-74619\" alt=\"Reebok e grafiteiro Stash apresentam cole\u00e7\u00e3o em parceria\" src=\"https:\/\/i0.wp.com\/www.agrund.com\/wp-content\/uploads\/2013\/06\/reebok-e-grafiteiro-stash-apresentam-colecao-em-parceria-3.jpg?resize=550%2C367\" width=\"550\" height=\"367\" data-recalc-dims=\"1\" \/><\/a><p id=\"caption-attachment-74619\" class=\"wp-caption-text\">Reebok e grafiteiro Stash apresentam cole\u00e7\u00e3o em parceria<\/p><\/div>\n<div id=\"attachment_74620\" style=\"width: 560px\" class=\"wp-caption aligncenter\"><a href=\"https:\/\/i0.wp.com\/www.agrund.com\/wp-content\/uploads\/2013\/06\/reebok-e-grafiteiro-stash-apresentam-colecao-em-parceria-4.jpg\"><img aria-describedby=\"caption-attachment-74620\" decoding=\"async\" loading=\"lazy\" class=\"size-full wp-image-74620\" alt=\"Reebok e grafiteiro Stash apresentam cole\u00e7\u00e3o em parceria\" src=\"https:\/\/i0.wp.com\/www.agrund.com\/wp-content\/uploads\/2013\/06\/reebok-e-grafiteiro-stash-apresentam-colecao-em-parceria-4.jpg?resize=550%2C367\" width=\"550\" height=\"367\" data-recalc-dims=\"1\" \/><\/a><p id=\"caption-attachment-74620\" class=\"wp-caption-text\">Reebok e grafiteiro Stash apresentam cole\u00e7\u00e3o em parceria<\/p><\/div>\n<div id=\"attachment_74621\" style=\"width: 560px\" class=\"wp-caption aligncenter\"><a href=\"https:\/\/i0.wp.com\/www.agrund.com\/wp-content\/uploads\/2013\/06\/reebok-e-grafiteiro-stash-apresentam-colecao-em-parceria-5.jpg\"><img aria-describedby=\"caption-attachment-74621\" decoding=\"async\" loading=\"lazy\" class=\"size-full wp-image-74621\" alt=\"Reebok e grafiteiro Stash apresentam cole\u00e7\u00e3o em parceria\" src=\"https:\/\/i0.wp.com\/www.agrund.com\/wp-content\/uploads\/2013\/06\/reebok-e-grafiteiro-stash-apresentam-colecao-em-parceria-5.jpg?resize=550%2C367\" width=\"550\" height=\"367\" data-recalc-dims=\"1\" \/><\/a><p id=\"caption-attachment-74621\" class=\"wp-caption-text\">Reebok e grafiteiro Stash apresentam cole\u00e7\u00e3o em parceria<\/p><\/div>\n<p>Imagens: Reprodu\u00e7\u00e3o.<\/p>\n","protected":false},"excerpt":{"rendered":"<p>A Reebok firmou parceria novamente com o grafiteiro nova-iorquino Stash para lan\u00e7ar uma cole\u00e7\u00e3o Outono\/Inverno 2013, a &#8220;City Classics&#8221;. O artista reuniu um time de doze grafiteiros de diversos lugares do mundo para colaborar com as cria\u00e7\u00e3o. S\u00e3o eles: Wane (NYC), Eklips (LA), Pose (Chicago), Mad (Philadelphia), Tati (Miami), Totem (Atlanta), DA fluxo (Cidade do [&hellip;]<\/p>\n","protected":false},"author":8,"featured_media":74622,"comment_status":"open","ping_status":"open","sticky":false,"template":"","format":"standard","meta":{"jetpack_post_was_ever_published":false,"_jetpack_newsletter_access":"","jetpack_publicize_message":"","jetpack_is_tweetstorm":false,"jetpack_publicize_feature_enabled":true,"jetpack_social_post_already_shared":true,"jetpack_social_options":{"image_generator_settings":{"template":"highway","enabled":false}}},"categories":[6],"tags":[],"jetpack_publicize_connections":[],"jetpack_featured_media_url":"","jetpack_sharing_enabled":true,"jetpack_shortlink":"https:\/\/wp.me\/p3Hz0n-jpu","jetpack_likes_enabled":true,"_links":{"self":[{"href":"https:\/\/agrund.com\/index.php\/wp-json\/wp\/v2\/posts\/74616"}],"collection":[{"href":"https:\/\/agrund.com\/index.php\/wp-json\/wp\/v2\/posts"}],"about":[{"href":"https:\/\/agrund.com\/index.php\/wp-json\/wp\/v2\/types\/post"}],"author":[{"embeddable":true,"href":"https:\/\/agrund.com\/index.php\/wp-json\/wp\/v2\/users\/8"}],"replies":[{"embeddable":true,"href":"https:\/\/agrund.com\/index.php\/wp-json\/wp\/v2\/comments?post=74616"}],"version-history":[{"count":0,"href":"https:\/\/agrund.com\/index.php\/wp-json\/wp\/v2\/posts\/74616\/revisions"}],"wp:featuredmedia":[{"embeddable":true,"href":"https:\/\/agrund.com\/index.php\/wp-json\/"}],"wp:attachment":[{"href":"https:\/\/agrund.com\/index.php\/wp-json\/wp\/v2\/media?parent=74616"}],"wp:term":[{"taxonomy":"category","embeddable":true,"href":"https:\/\/agrund.com\/index.php\/wp-json\/wp\/v2\/categories?post=74616"},{"taxonomy":"post_tag","embeddable":true,"href":"https:\/\/agrund.com\/index.php\/wp-json\/wp\/v2\/tags?post=74616"}],"curies":[{"name":"wp","href":"https:\/\/api.w.org\/{rel}","templated":true}]}}