{"id":74322,"date":"2013-06-12T19:00:32","date_gmt":"2013-06-12T22:00:32","guid":{"rendered":"http:\/\/www.agrund.com\/?p=74322"},"modified":"2013-06-12T19:00:32","modified_gmt":"2013-06-12T22:00:32","slug":"participacao-especial-cher-na-final-do-the-voice-americano","status":"publish","type":"post","link":"https:\/\/agrund.com\/index.php\/participacao-especial-cher-na-final-do-the-voice-americano\/","title":{"rendered":"Participa\u00e7\u00e3o  Especial :: Cher na final do &#8216;The Voice&#8217; americano"},"content":{"rendered":"<p>A NBC revelou que a estrela Cher, que n\u00e3o se apresenta h\u00e1 12 anos, vai cantar no \u00faltimo epis\u00f3dio da atra\u00e7\u00e3o no dia 18 de junho. Cher se apresentar\u00e1 para os treinadores Adam Levine, Blake Shelton, Shakira, Usher e milhares de telespectadores com o single &#8216;Woman&#8217;s World&#8217;, t\u00edtulo de seu novo \u00e1lbum.<\/p>\n<p>A artista de 67 anos foi ao Twitter para contar a novidade para os milhares de f\u00e3s, afirmando que &#8220;ser\u00e1 divertido&#8221;.<\/p>\n<p>A \u00faltima vez que Cher cantou na TV foi no especial &#8216;2002 VH1 Divas Las Vegas&#8217;, e em 2010 apareceu ao lado de Christina Aguilera no filme &#8216;Burlesque&#8217;. Desde ent\u00e3o, a cantora se dedica a um document\u00e1rio sobre sua m\u00e3e.<\/p>\n<p>Cher se tornou um fen\u00f4meno mundial, \u00e9 ganhadora de um Oscar, um Grammy e tr\u00eas Globos de Ouro, al\u00e9m de ter vendido mais de 100 milh\u00f5es de c\u00f3pias em todo o mundo de seus \u00e1lbuns solo e mais de 40 milh\u00f5es com o Sony &amp; Cher.<\/p>\n<div id=\"attachment_74323\" style=\"width: 535px\" class=\"wp-caption aligncenter\"><a href=\"https:\/\/i0.wp.com\/www.agrund.com\/wp-content\/uploads\/2013\/06\/participacao-especial-cher-na-final-do-the-voice-americano.jpg\"><img aria-describedby=\"caption-attachment-74323\" decoding=\"async\" loading=\"lazy\" class=\" wp-image-74323 \" alt=\"Participa\u00e7\u00e3o  Especial :: Cher na final do 'The Voice' americano\" src=\"https:\/\/i0.wp.com\/www.agrund.com\/wp-content\/uploads\/2013\/06\/participacao-especial-cher-na-final-do-the-voice-americano.jpg?resize=525%2C375\" width=\"525\" height=\"375\" data-recalc-dims=\"1\" \/><\/a><p id=\"caption-attachment-74323\" class=\"wp-caption-text\">Participa\u00e7\u00e3o Especial :: Cher na final do &#8216;The Voice&#8217; americano<\/p><\/div>\n<p>Imagem: Reprodu\u00e7\u00e3o.<\/p>\n","protected":false},"excerpt":{"rendered":"<p>A NBC revelou que a estrela Cher, que n\u00e3o se apresenta h\u00e1 12 anos, vai cantar no \u00faltimo epis\u00f3dio da atra\u00e7\u00e3o no dia 18 de junho. Cher se apresentar\u00e1 para os treinadores Adam Levine, Blake Shelton, Shakira, Usher e milhares de telespectadores com o single &#8216;Woman&#8217;s World&#8217;, t\u00edtulo de seu novo \u00e1lbum. A artista de [&hellip;]<\/p>\n","protected":false},"author":8,"featured_media":74324,"comment_status":"open","ping_status":"open","sticky":false,"template":"","format":"standard","meta":{"jetpack_post_was_ever_published":false,"_jetpack_newsletter_access":"","jetpack_publicize_message":"","jetpack_is_tweetstorm":false,"jetpack_publicize_feature_enabled":true,"jetpack_social_post_already_shared":true,"jetpack_social_options":{"image_generator_settings":{"template":"highway","enabled":false}}},"categories":[2],"tags":[],"jetpack_publicize_connections":[],"jetpack_featured_media_url":"","jetpack_sharing_enabled":true,"jetpack_shortlink":"https:\/\/wp.me\/p3Hz0n-jkK","jetpack_likes_enabled":true,"_links":{"self":[{"href":"https:\/\/agrund.com\/index.php\/wp-json\/wp\/v2\/posts\/74322"}],"collection":[{"href":"https:\/\/agrund.com\/index.php\/wp-json\/wp\/v2\/posts"}],"about":[{"href":"https:\/\/agrund.com\/index.php\/wp-json\/wp\/v2\/types\/post"}],"author":[{"embeddable":true,"href":"https:\/\/agrund.com\/index.php\/wp-json\/wp\/v2\/users\/8"}],"replies":[{"embeddable":true,"href":"https:\/\/agrund.com\/index.php\/wp-json\/wp\/v2\/comments?post=74322"}],"version-history":[{"count":0,"href":"https:\/\/agrund.com\/index.php\/wp-json\/wp\/v2\/posts\/74322\/revisions"}],"wp:featuredmedia":[{"embeddable":true,"href":"https:\/\/agrund.com\/index.php\/wp-json\/"}],"wp:attachment":[{"href":"https:\/\/agrund.com\/index.php\/wp-json\/wp\/v2\/media?parent=74322"}],"wp:term":[{"taxonomy":"category","embeddable":true,"href":"https:\/\/agrund.com\/index.php\/wp-json\/wp\/v2\/categories?post=74322"},{"taxonomy":"post_tag","embeddable":true,"href":"https:\/\/agrund.com\/index.php\/wp-json\/wp\/v2\/tags?post=74322"}],"curies":[{"name":"wp","href":"https:\/\/api.w.org\/{rel}","templated":true}]}}