{"id":74141,"date":"2013-06-11T16:00:23","date_gmt":"2013-06-11T19:00:23","guid":{"rendered":"http:\/\/www.agrund.com\/?p=74141"},"modified":"2013-06-11T16:00:23","modified_gmt":"2013-06-11T19:00:23","slug":"blogueira-chiara-ferragni-em-parceria-com-a-superga","status":"publish","type":"post","link":"https:\/\/agrund.com\/index.php\/blogueira-chiara-ferragni-em-parceria-com-a-superga\/","title":{"rendered":"Blogueira ::  Chiara Ferragni em parceria com a  Superga"},"content":{"rendered":"<p>A centen\u00e1ria marca italiana de t\u00eanis Superga, conhecida por parcerias internacionais como com a House of Holland, DC Comics, as irm\u00e3s Olsen e a estilista brit\u00e2nica Giles Deacon, firma nova parceria, agora com a blogueira italiana Chiara Ferragni.<\/p>\n<p>Com modelos trabalhados em croch\u00ea, Chiara explica que procurou criar um t\u00eanis delicado com aspecto esportivo, confort\u00e1vel e, ao mesmo tempo, elegante e cool com a cara do ver\u00e3o, que come\u00e7a no pr\u00f3ximo m\u00eas no hemisf\u00e9rio Norte. Dispon\u00edvel nas cores branco, creme, rosa e azul beb\u00ea, a linha c\u00e1psula est\u00e1 dispon\u00edvel para pr\u00e9 venda no site italiano da marca.<\/p>\n<div id=\"attachment_74142\" style=\"width: 510px\" class=\"wp-caption aligncenter\"><a href=\"https:\/\/i0.wp.com\/www.agrund.com\/wp-content\/uploads\/2013\/06\/blogueira-chiara-ferragni-em-parceria-com-a-superga-1.jpg\"><img aria-describedby=\"caption-attachment-74142\" decoding=\"async\" loading=\"lazy\" class=\"size-full wp-image-74142\" alt=\"Blogueira ::  Chiara Ferragni em parceria com a  Superga\" src=\"https:\/\/i0.wp.com\/www.agrund.com\/wp-content\/uploads\/2013\/06\/blogueira-chiara-ferragni-em-parceria-com-a-superga-1.jpg?resize=500%2C354\" width=\"500\" height=\"354\" data-recalc-dims=\"1\" \/><\/a><p id=\"caption-attachment-74142\" class=\"wp-caption-text\">Blogueira :: Chiara Ferragni em parceria com a Superga<\/p><\/div>\n<div id=\"attachment_74143\" style=\"width: 510px\" class=\"wp-caption aligncenter\"><a href=\"https:\/\/i0.wp.com\/www.agrund.com\/wp-content\/uploads\/2013\/06\/blogueira-chiara-ferragni-em-parceria-com-a-superga-2.jpg\"><img aria-describedby=\"caption-attachment-74143\" decoding=\"async\" loading=\"lazy\" class=\"size-full wp-image-74143\" alt=\"Blogueira ::  Chiara Ferragni em parceria com a  Superga\" src=\"https:\/\/i0.wp.com\/www.agrund.com\/wp-content\/uploads\/2013\/06\/blogueira-chiara-ferragni-em-parceria-com-a-superga-2.jpg?resize=500%2C707\" width=\"500\" height=\"707\" data-recalc-dims=\"1\" \/><\/a><p id=\"caption-attachment-74143\" class=\"wp-caption-text\">Blogueira :: Chiara Ferragni em parceria com a Superga<\/p><\/div>\n<div id=\"attachment_74144\" style=\"width: 510px\" class=\"wp-caption aligncenter\"><a href=\"https:\/\/i0.wp.com\/www.agrund.com\/wp-content\/uploads\/2013\/06\/blogueira-chiara-ferragni-em-parceria-com-a-superga-3.jpg\"><img aria-describedby=\"caption-attachment-74144\" decoding=\"async\" loading=\"lazy\" class=\"size-full wp-image-74144\" alt=\"Blogueira ::  Chiara Ferragni em parceria com a  Superga\" src=\"https:\/\/i0.wp.com\/www.agrund.com\/wp-content\/uploads\/2013\/06\/blogueira-chiara-ferragni-em-parceria-com-a-superga-3.jpg?resize=500%2C707\" width=\"500\" height=\"707\" data-recalc-dims=\"1\" \/><\/a><p id=\"caption-attachment-74144\" class=\"wp-caption-text\">Blogueira :: Chiara Ferragni em parceria com a Superga<\/p><\/div>\n<div id=\"attachment_74145\" style=\"width: 510px\" class=\"wp-caption aligncenter\"><a href=\"https:\/\/i0.wp.com\/www.agrund.com\/wp-content\/uploads\/2013\/06\/blogueira-chiara-ferragni-em-parceria-com-a-superga-4.jpg\"><img aria-describedby=\"caption-attachment-74145\" decoding=\"async\" loading=\"lazy\" class=\"size-full wp-image-74145\" alt=\"Blogueira ::  Chiara Ferragni em parceria com a  Superga\" src=\"https:\/\/i0.wp.com\/www.agrund.com\/wp-content\/uploads\/2013\/06\/blogueira-chiara-ferragni-em-parceria-com-a-superga-4.jpg?resize=500%2C354\" width=\"500\" height=\"354\" data-recalc-dims=\"1\" \/><\/a><p id=\"caption-attachment-74145\" class=\"wp-caption-text\">Blogueira :: Chiara Ferragni em parceria com a Superga<\/p><\/div>\n<p>Imagem: Reprodu\u00e7\u00e3o.<\/p>\n","protected":false},"excerpt":{"rendered":"<p>A centen\u00e1ria marca italiana de t\u00eanis Superga, conhecida por parcerias internacionais como com a House of Holland, DC Comics, as irm\u00e3s Olsen e a estilista brit\u00e2nica Giles Deacon, firma nova parceria, agora com a blogueira italiana Chiara Ferragni. Com modelos trabalhados em croch\u00ea, Chiara explica que procurou criar um t\u00eanis delicado com aspecto esportivo, confort\u00e1vel [&hellip;]<\/p>\n","protected":false},"author":8,"featured_media":74146,"comment_status":"open","ping_status":"open","sticky":false,"template":"","format":"standard","meta":{"jetpack_post_was_ever_published":false,"_jetpack_newsletter_access":"","jetpack_publicize_message":"","jetpack_is_tweetstorm":false,"jetpack_publicize_feature_enabled":true,"jetpack_social_post_already_shared":true,"jetpack_social_options":{"image_generator_settings":{"template":"highway","enabled":false}}},"categories":[2],"tags":[],"jetpack_publicize_connections":[],"jetpack_featured_media_url":"","jetpack_sharing_enabled":true,"jetpack_shortlink":"https:\/\/wp.me\/p3Hz0n-jhP","jetpack_likes_enabled":true,"_links":{"self":[{"href":"https:\/\/agrund.com\/index.php\/wp-json\/wp\/v2\/posts\/74141"}],"collection":[{"href":"https:\/\/agrund.com\/index.php\/wp-json\/wp\/v2\/posts"}],"about":[{"href":"https:\/\/agrund.com\/index.php\/wp-json\/wp\/v2\/types\/post"}],"author":[{"embeddable":true,"href":"https:\/\/agrund.com\/index.php\/wp-json\/wp\/v2\/users\/8"}],"replies":[{"embeddable":true,"href":"https:\/\/agrund.com\/index.php\/wp-json\/wp\/v2\/comments?post=74141"}],"version-history":[{"count":0,"href":"https:\/\/agrund.com\/index.php\/wp-json\/wp\/v2\/posts\/74141\/revisions"}],"wp:featuredmedia":[{"embeddable":true,"href":"https:\/\/agrund.com\/index.php\/wp-json\/"}],"wp:attachment":[{"href":"https:\/\/agrund.com\/index.php\/wp-json\/wp\/v2\/media?parent=74141"}],"wp:term":[{"taxonomy":"category","embeddable":true,"href":"https:\/\/agrund.com\/index.php\/wp-json\/wp\/v2\/categories?post=74141"},{"taxonomy":"post_tag","embeddable":true,"href":"https:\/\/agrund.com\/index.php\/wp-json\/wp\/v2\/tags?post=74141"}],"curies":[{"name":"wp","href":"https:\/\/api.w.org\/{rel}","templated":true}]}}