{"id":74027,"date":"2013-06-10T20:00:12","date_gmt":"2013-06-10T23:00:12","guid":{"rendered":"http:\/\/www.agrund.com\/?p=74027"},"modified":"2013-06-10T20:00:12","modified_gmt":"2013-06-10T23:00:12","slug":"banda-metallica-assina-nova-colecao-vans","status":"publish","type":"post","link":"https:\/\/agrund.com\/index.php\/banda-metallica-assina-nova-colecao-vans\/","title":{"rendered":"Banda Metallica assina nova cole\u00e7\u00e3o VANS"},"content":{"rendered":"<p>No dia 13 de julho, a VANS comemora o dia do rock com o lan\u00e7amento de sua linha assinada pelo Metallica. Isso mesmo! A banda, que \u00e9 uma das maiores influ\u00eancias da cultura jovem e dos esportes de a\u00e7\u00e3o, assina uma cole\u00e7\u00e3o c\u00e1psula com dois modelos: o Sk8-Hi e Slip On, inspirados nas obras do \u00e1lbum de estreia do Metallica, o \u201cKill \u2018Em All\u201d, lan\u00e7ado em 1983. A cole\u00e7\u00e3o estar\u00e1 nas lojas a partir de julho em multimarcas e skateshops.<\/p>\n<div id=\"attachment_74028\" style=\"width: 510px\" class=\"wp-caption aligncenter\"><a href=\"https:\/\/i0.wp.com\/www.agrund.com\/wp-content\/uploads\/2013\/06\/banda-metallica-assina-nova-colecao-vans-1.jpg\"><img aria-describedby=\"caption-attachment-74028\" decoding=\"async\" loading=\"lazy\" class=\"size-full wp-image-74028\" alt=\"Banda Metallica assina nova cole\u00e7\u00e3o VANS\" src=\"https:\/\/i0.wp.com\/www.agrund.com\/wp-content\/uploads\/2013\/06\/banda-metallica-assina-nova-colecao-vans-1.jpg?resize=500%2C500\" width=\"500\" height=\"500\" data-recalc-dims=\"1\" \/><\/a><p id=\"caption-attachment-74028\" class=\"wp-caption-text\">Banda Metallica assina nova cole\u00e7\u00e3o VANS<\/p><\/div>\n<div id=\"attachment_74029\" style=\"width: 510px\" class=\"wp-caption aligncenter\"><a href=\"https:\/\/i0.wp.com\/www.agrund.com\/wp-content\/uploads\/2013\/06\/banda-metallica-assina-nova-colecao-vans-2.jpg\"><img aria-describedby=\"caption-attachment-74029\" decoding=\"async\" loading=\"lazy\" class=\"size-full wp-image-74029\" alt=\"Banda Metallica assina nova cole\u00e7\u00e3o VANS\" src=\"https:\/\/i0.wp.com\/www.agrund.com\/wp-content\/uploads\/2013\/06\/banda-metallica-assina-nova-colecao-vans-2.jpg?resize=500%2C500\" width=\"500\" height=\"500\" data-recalc-dims=\"1\" \/><\/a><p id=\"caption-attachment-74029\" class=\"wp-caption-text\">Banda Metallica assina nova cole\u00e7\u00e3o VANS<\/p><\/div>\n<p>Imagens: Divulga\u00e7\u00e3o.<\/p>\n","protected":false},"excerpt":{"rendered":"<p>No dia 13 de julho, a VANS comemora o dia do rock com o lan\u00e7amento de sua linha assinada pelo Metallica. Isso mesmo! A banda, que \u00e9 uma das maiores influ\u00eancias da cultura jovem e dos esportes de a\u00e7\u00e3o, assina uma cole\u00e7\u00e3o c\u00e1psula com dois modelos: o Sk8-Hi e Slip On, inspirados nas obras do [&hellip;]<\/p>\n","protected":false},"author":8,"featured_media":74030,"comment_status":"open","ping_status":"open","sticky":false,"template":"","format":"standard","meta":{"jetpack_post_was_ever_published":false,"_jetpack_newsletter_access":"","jetpack_publicize_message":"","jetpack_is_tweetstorm":false,"jetpack_publicize_feature_enabled":true,"jetpack_social_post_already_shared":true,"jetpack_social_options":{"image_generator_settings":{"template":"highway","enabled":false}}},"categories":[6],"tags":[],"jetpack_publicize_connections":[],"jetpack_featured_media_url":"","jetpack_sharing_enabled":true,"jetpack_shortlink":"https:\/\/wp.me\/p3Hz0n-jfZ","jetpack_likes_enabled":true,"_links":{"self":[{"href":"https:\/\/agrund.com\/index.php\/wp-json\/wp\/v2\/posts\/74027"}],"collection":[{"href":"https:\/\/agrund.com\/index.php\/wp-json\/wp\/v2\/posts"}],"about":[{"href":"https:\/\/agrund.com\/index.php\/wp-json\/wp\/v2\/types\/post"}],"author":[{"embeddable":true,"href":"https:\/\/agrund.com\/index.php\/wp-json\/wp\/v2\/users\/8"}],"replies":[{"embeddable":true,"href":"https:\/\/agrund.com\/index.php\/wp-json\/wp\/v2\/comments?post=74027"}],"version-history":[{"count":0,"href":"https:\/\/agrund.com\/index.php\/wp-json\/wp\/v2\/posts\/74027\/revisions"}],"wp:featuredmedia":[{"embeddable":true,"href":"https:\/\/agrund.com\/index.php\/wp-json\/"}],"wp:attachment":[{"href":"https:\/\/agrund.com\/index.php\/wp-json\/wp\/v2\/media?parent=74027"}],"wp:term":[{"taxonomy":"category","embeddable":true,"href":"https:\/\/agrund.com\/index.php\/wp-json\/wp\/v2\/categories?post=74027"},{"taxonomy":"post_tag","embeddable":true,"href":"https:\/\/agrund.com\/index.php\/wp-json\/wp\/v2\/tags?post=74027"}],"curies":[{"name":"wp","href":"https:\/\/api.w.org\/{rel}","templated":true}]}}