{"id":73981,"date":"2013-06-10T14:00:39","date_gmt":"2013-06-10T17:00:39","guid":{"rendered":"http:\/\/www.agrund.com\/?p=73981"},"modified":"2013-06-10T14:00:39","modified_gmt":"2013-06-10T17:00:39","slug":"monica-bellucci-estampa-t-shirts-da-dolce-gabbana","status":"publish","type":"post","link":"https:\/\/agrund.com\/index.php\/monica-bellucci-estampa-t-shirts-da-dolce-gabbana\/","title":{"rendered":"Monica Bellucci estampa t-shirts da Dolce &amp; Gabbana"},"content":{"rendered":"<p>Depois de estrelar a campanha, como mostramos <a href=\"http:\/\/www.agrund.com\/campanha-inverno-2012-da-dolce-gabbana\/\">AQUI<\/a>, e servir de inspira\u00e7\u00e3o para uma linha de maquiagens, veja <a href=\"http:\/\/www.agrund.com\/monica-bellucci-e-musa-inspiradora-da-dolce-gabbana\/\">AQUI<\/a>, da Dolce &amp; Gabbana, Monica Bellucci agora se tornou estampa da grife. Isso mesmo, cliques pra l\u00e1 de sensuais da bela italiana agora estampam uma linha de t-shirts masculinas. Quem vai querer?<\/p>\n<div id=\"attachment_73986\" style=\"width: 510px\" class=\"wp-caption aligncenter\"><a href=\"https:\/\/i0.wp.com\/www.agrund.com\/wp-content\/uploads\/2013\/06\/Monica-Bellucci-estampa-t-shirts-da-Dolce-Gabbana.jpg\"><img aria-describedby=\"caption-attachment-73986\" decoding=\"async\" loading=\"lazy\" class=\"size-full wp-image-73986\" alt=\"Monica Bellucci estampa t-shirts da Dolce &amp; Gabbana\" src=\"https:\/\/i0.wp.com\/www.agrund.com\/wp-content\/uploads\/2013\/06\/Monica-Bellucci-estampa-t-shirts-da-Dolce-Gabbana.jpg?resize=500%2C500\" width=\"500\" height=\"500\" data-recalc-dims=\"1\" \/><\/a><p id=\"caption-attachment-73986\" class=\"wp-caption-text\">Monica Bellucci estampa t-shirts da Dolce &amp; Gabbana<\/p><\/div>\n<div id=\"attachment_73983\" style=\"width: 510px\" class=\"wp-caption aligncenter\"><a href=\"https:\/\/i0.wp.com\/www.agrund.com\/wp-content\/uploads\/2013\/06\/monica-bellucci-estampa-t-shirts-da-dolce-gabbana-1.jpg\"><img aria-describedby=\"caption-attachment-73983\" decoding=\"async\" loading=\"lazy\" class=\"size-full wp-image-73983\" alt=\"Monica Bellucci estampa t-shirts da Dolce &amp; Gabbana\" src=\"https:\/\/i0.wp.com\/www.agrund.com\/wp-content\/uploads\/2013\/06\/monica-bellucci-estampa-t-shirts-da-dolce-gabbana-1.jpg?resize=500%2C642\" width=\"500\" height=\"642\" data-recalc-dims=\"1\" \/><\/a><p id=\"caption-attachment-73983\" class=\"wp-caption-text\">Monica Bellucci estampa t-shirts da Dolce &amp; Gabbana<\/p><\/div>\n<div id=\"attachment_73984\" style=\"width: 510px\" class=\"wp-caption aligncenter\"><a href=\"https:\/\/i0.wp.com\/www.agrund.com\/wp-content\/uploads\/2013\/06\/monica-bellucci-estampa-t-shirts-da-dolce-gabbana-2.jpg\"><img aria-describedby=\"caption-attachment-73984\" decoding=\"async\" loading=\"lazy\" class=\"size-full wp-image-73984\" alt=\"Monica Bellucci estampa t-shirts da Dolce &amp; Gabbana\" src=\"https:\/\/i0.wp.com\/www.agrund.com\/wp-content\/uploads\/2013\/06\/monica-bellucci-estampa-t-shirts-da-dolce-gabbana-2.jpg?resize=500%2C668\" width=\"500\" height=\"668\" data-recalc-dims=\"1\" \/><\/a><p id=\"caption-attachment-73984\" class=\"wp-caption-text\">Monica Bellucci estampa t-shirts da Dolce &amp; Gabbana<\/p><\/div>\n<div id=\"attachment_73985\" style=\"width: 510px\" class=\"wp-caption aligncenter\"><a href=\"https:\/\/i0.wp.com\/www.agrund.com\/wp-content\/uploads\/2013\/06\/monica-bellucci-estampa-t-shirts-da-dolce-gabbana-3.jpg\"><img aria-describedby=\"caption-attachment-73985\" decoding=\"async\" loading=\"lazy\" class=\"size-full wp-image-73985\" alt=\"Monica Bellucci estampa t-shirts da Dolce &amp; Gabbana\" src=\"https:\/\/i0.wp.com\/www.agrund.com\/wp-content\/uploads\/2013\/06\/monica-bellucci-estampa-t-shirts-da-dolce-gabbana-3.jpg?resize=500%2C668\" width=\"500\" height=\"668\" data-recalc-dims=\"1\" \/><\/a><p id=\"caption-attachment-73985\" class=\"wp-caption-text\">Monica Bellucci estampa t-shirts da Dolce &amp; Gabbana<\/p><\/div>\n<p>Imagens: Reprodu\u00e7\u00e3o.<\/p>\n","protected":false},"excerpt":{"rendered":"<p>Depois de estrelar a campanha, como mostramos AQUI, e servir de inspira\u00e7\u00e3o para uma linha de maquiagens, veja AQUI, da Dolce &amp; Gabbana, Monica Bellucci agora se tornou estampa da grife. Isso mesmo, cliques pra l\u00e1 de sensuais da bela italiana agora estampam uma linha de t-shirts masculinas. Quem vai querer? Imagens: Reprodu\u00e7\u00e3o.<\/p>\n","protected":false},"author":8,"featured_media":73987,"comment_status":"open","ping_status":"open","sticky":false,"template":"","format":"standard","meta":{"jetpack_post_was_ever_published":false,"_jetpack_newsletter_access":"","jetpack_publicize_message":"","jetpack_is_tweetstorm":false,"jetpack_publicize_feature_enabled":true,"jetpack_social_post_already_shared":true,"jetpack_social_options":{"image_generator_settings":{"template":"highway","enabled":false}}},"categories":[6],"tags":[],"jetpack_publicize_connections":[],"jetpack_featured_media_url":"","jetpack_sharing_enabled":true,"jetpack_shortlink":"https:\/\/wp.me\/p3Hz0n-jff","jetpack_likes_enabled":true,"_links":{"self":[{"href":"https:\/\/agrund.com\/index.php\/wp-json\/wp\/v2\/posts\/73981"}],"collection":[{"href":"https:\/\/agrund.com\/index.php\/wp-json\/wp\/v2\/posts"}],"about":[{"href":"https:\/\/agrund.com\/index.php\/wp-json\/wp\/v2\/types\/post"}],"author":[{"embeddable":true,"href":"https:\/\/agrund.com\/index.php\/wp-json\/wp\/v2\/users\/8"}],"replies":[{"embeddable":true,"href":"https:\/\/agrund.com\/index.php\/wp-json\/wp\/v2\/comments?post=73981"}],"version-history":[{"count":0,"href":"https:\/\/agrund.com\/index.php\/wp-json\/wp\/v2\/posts\/73981\/revisions"}],"wp:featuredmedia":[{"embeddable":true,"href":"https:\/\/agrund.com\/index.php\/wp-json\/"}],"wp:attachment":[{"href":"https:\/\/agrund.com\/index.php\/wp-json\/wp\/v2\/media?parent=73981"}],"wp:term":[{"taxonomy":"category","embeddable":true,"href":"https:\/\/agrund.com\/index.php\/wp-json\/wp\/v2\/categories?post=73981"},{"taxonomy":"post_tag","embeddable":true,"href":"https:\/\/agrund.com\/index.php\/wp-json\/wp\/v2\/tags?post=73981"}],"curies":[{"name":"wp","href":"https:\/\/api.w.org\/{rel}","templated":true}]}}