{"id":73892,"date":"2013-06-07T16:00:18","date_gmt":"2013-06-07T19:00:18","guid":{"rendered":"http:\/\/www.agrund.com\/?p=73892"},"modified":"2013-06-07T16:00:18","modified_gmt":"2013-06-07T19:00:18","slug":"sarah-jessica-parker-assinara-linha-de-sapatos-e-acessorios","status":"publish","type":"post","link":"https:\/\/agrund.com\/index.php\/sarah-jessica-parker-assinara-linha-de-sapatos-e-acessorios\/","title":{"rendered":"Sarah Jessica Parker assinar\u00e1 linha de sapatos e acess\u00f3rios"},"content":{"rendered":"<p>As parcerias no mundo na moda nunca param. Agora foi a vez de Sarah Jessica Parker anunciar sua parceria com George Malkemus, CEO da Manolo Blahnik, para desenvolver uma cole\u00e7\u00e3o de sapatos, bolsas e trench coats.<\/p>\n<p>A atriz n\u00e3o divulgou mais detalhes sobre os produtos, apenas que chegam ao mercado no primeiro semestre de 2014 e ser\u00e3o vendidos com exclusividade na Nordstrom. Ansiosas para o resultado?<\/p>\n<div id=\"attachment_73895\" style=\"width: 586px\" class=\"wp-caption aligncenter\"><a href=\"https:\/\/i0.wp.com\/www.agrund.com\/wp-content\/uploads\/2013\/06\/sarah-jessica-parker-assinara-linha-de-sapatos-e-acessorios.jpg\"><img aria-describedby=\"caption-attachment-73895\" decoding=\"async\" loading=\"lazy\" class=\" wp-image-73895  \" alt=\"Sarah Jessica Parker assinar\u00e1 linha de sapatos e acess\u00f3rios\" src=\"https:\/\/i0.wp.com\/www.agrund.com\/wp-content\/uploads\/2013\/06\/sarah-jessica-parker-assinara-linha-de-sapatos-e-acessorios.jpg?resize=576%2C358\" width=\"576\" height=\"358\" data-recalc-dims=\"1\" \/><\/a><p id=\"caption-attachment-73895\" class=\"wp-caption-text\">Sarah Jessica Parker assinar\u00e1 linha de sapatos e acess\u00f3rios<\/p><\/div>\n<p>Imagem: Reprodu\u00e7\u00e3o.<\/p>\n","protected":false},"excerpt":{"rendered":"<p>As parcerias no mundo na moda nunca param. Agora foi a vez de Sarah Jessica Parker anunciar sua parceria com George Malkemus, CEO da Manolo Blahnik, para desenvolver uma cole\u00e7\u00e3o de sapatos, bolsas e trench coats. A atriz n\u00e3o divulgou mais detalhes sobre os produtos, apenas que chegam ao mercado no primeiro semestre de 2014 [&hellip;]<\/p>\n","protected":false},"author":8,"featured_media":73896,"comment_status":"open","ping_status":"open","sticky":false,"template":"","format":"standard","meta":{"jetpack_post_was_ever_published":false,"_jetpack_newsletter_access":"","jetpack_publicize_message":"","jetpack_is_tweetstorm":false,"jetpack_publicize_feature_enabled":true,"jetpack_social_post_already_shared":true,"jetpack_social_options":{"image_generator_settings":{"template":"highway","enabled":false}}},"categories":[2],"tags":[],"jetpack_publicize_connections":[],"jetpack_featured_media_url":"","jetpack_sharing_enabled":true,"jetpack_shortlink":"https:\/\/wp.me\/p3Hz0n-jdO","jetpack_likes_enabled":true,"_links":{"self":[{"href":"https:\/\/agrund.com\/index.php\/wp-json\/wp\/v2\/posts\/73892"}],"collection":[{"href":"https:\/\/agrund.com\/index.php\/wp-json\/wp\/v2\/posts"}],"about":[{"href":"https:\/\/agrund.com\/index.php\/wp-json\/wp\/v2\/types\/post"}],"author":[{"embeddable":true,"href":"https:\/\/agrund.com\/index.php\/wp-json\/wp\/v2\/users\/8"}],"replies":[{"embeddable":true,"href":"https:\/\/agrund.com\/index.php\/wp-json\/wp\/v2\/comments?post=73892"}],"version-history":[{"count":0,"href":"https:\/\/agrund.com\/index.php\/wp-json\/wp\/v2\/posts\/73892\/revisions"}],"wp:featuredmedia":[{"embeddable":true,"href":"https:\/\/agrund.com\/index.php\/wp-json\/"}],"wp:attachment":[{"href":"https:\/\/agrund.com\/index.php\/wp-json\/wp\/v2\/media?parent=73892"}],"wp:term":[{"taxonomy":"category","embeddable":true,"href":"https:\/\/agrund.com\/index.php\/wp-json\/wp\/v2\/categories?post=73892"},{"taxonomy":"post_tag","embeddable":true,"href":"https:\/\/agrund.com\/index.php\/wp-json\/wp\/v2\/tags?post=73892"}],"curies":[{"name":"wp","href":"https:\/\/api.w.org\/{rel}","templated":true}]}}