{"id":73885,"date":"2013-06-07T15:00:20","date_gmt":"2013-06-07T18:00:20","guid":{"rendered":"http:\/\/www.agrund.com\/?p=73885"},"modified":"2013-06-07T15:00:20","modified_gmt":"2013-06-07T18:00:20","slug":"daft-punk-convoca-karlie-kloss-para-seu-novo-videoclipe","status":"publish","type":"post","link":"https:\/\/agrund.com\/index.php\/daft-punk-convoca-karlie-kloss-para-seu-novo-videoclipe\/","title":{"rendered":"Daft Punk convoca Karlie Kloss para seu novo videoclipe"},"content":{"rendered":"<p>O Daft Punk desembarcou nas ruas de Nova York esta semana para gravar seu novo videoclipe, mas parece que eles n\u00e3o estavam sozinhos. Isso porque eles convocaram Karlie Kloss para participar da grava\u00e7\u00e3o!<\/p>\n<p>Nos cliques dos bastidores, a dupla vestia os palet\u00f3s da Saint Laurent Paris criados especialmente para eles, como contamos <a href=\"http:\/\/www.agrund.com\/saint-laurent-assina-o-figurino-do-daft-punk\/\">AQUI<\/a>, enquanto a top desfilava com um vestido dourado. Confira:<\/p>\n<div id=\"attachment_73886\" style=\"width: 560px\" class=\"wp-caption aligncenter\"><a href=\"https:\/\/i0.wp.com\/www.agrund.com\/wp-content\/uploads\/2013\/06\/daft-punk-convoca-karlie-kloss-para-seu-novo-videoclipe-1.jpg\"><img aria-describedby=\"caption-attachment-73886\" decoding=\"async\" loading=\"lazy\" class=\"size-full wp-image-73886\" alt=\"Daft Punk convoca Karlie Kloss para seu novo videoclipe\" src=\"https:\/\/i0.wp.com\/www.agrund.com\/wp-content\/uploads\/2013\/06\/daft-punk-convoca-karlie-kloss-para-seu-novo-videoclipe-1.jpg?resize=550%2C550\" width=\"550\" height=\"550\" data-recalc-dims=\"1\" \/><\/a><p id=\"caption-attachment-73886\" class=\"wp-caption-text\">Daft Punk convoca Karlie Kloss para seu novo videoclipe<\/p><\/div>\n<div id=\"attachment_73887\" style=\"width: 560px\" class=\"wp-caption aligncenter\"><a href=\"https:\/\/i0.wp.com\/www.agrund.com\/wp-content\/uploads\/2013\/06\/daft-punk-convoca-karlie-kloss-para-seu-novo-videoclipe-2.jpg\"><img aria-describedby=\"caption-attachment-73887\" decoding=\"async\" loading=\"lazy\" class=\"size-full wp-image-73887\" alt=\"Daft Punk convoca Karlie Kloss para seu novo videoclipe\" src=\"https:\/\/i0.wp.com\/www.agrund.com\/wp-content\/uploads\/2013\/06\/daft-punk-convoca-karlie-kloss-para-seu-novo-videoclipe-2.jpg?resize=550%2C825\" width=\"550\" height=\"825\" data-recalc-dims=\"1\" \/><\/a><p id=\"caption-attachment-73887\" class=\"wp-caption-text\">Daft Punk convoca Karlie Kloss para seu novo videoclipe<\/p><\/div>\n<div id=\"attachment_73888\" style=\"width: 560px\" class=\"wp-caption aligncenter\"><a href=\"https:\/\/i0.wp.com\/www.agrund.com\/wp-content\/uploads\/2013\/06\/daft-punk-convoca-karlie-kloss-para-seu-novo-videoclipe-3.jpg\"><img aria-describedby=\"caption-attachment-73888\" decoding=\"async\" loading=\"lazy\" class=\"size-full wp-image-73888\" alt=\"Daft Punk convoca Karlie Kloss para seu novo videoclipe\" src=\"https:\/\/i0.wp.com\/www.agrund.com\/wp-content\/uploads\/2013\/06\/daft-punk-convoca-karlie-kloss-para-seu-novo-videoclipe-3.jpg?resize=550%2C550\" width=\"550\" height=\"550\" data-recalc-dims=\"1\" \/><\/a><p id=\"caption-attachment-73888\" class=\"wp-caption-text\">Daft Punk convoca Karlie Kloss para seu novo videoclipe<\/p><\/div>\n<p>Imagens: Reprodu\u00e7\u00e3o.<\/p>\n","protected":false},"excerpt":{"rendered":"<p>O Daft Punk desembarcou nas ruas de Nova York esta semana para gravar seu novo videoclipe, mas parece que eles n\u00e3o estavam sozinhos. Isso porque eles convocaram Karlie Kloss para participar da grava\u00e7\u00e3o! Nos cliques dos bastidores, a dupla vestia os palet\u00f3s da Saint Laurent Paris criados especialmente para eles, como contamos AQUI, enquanto a [&hellip;]<\/p>\n","protected":false},"author":8,"featured_media":73889,"comment_status":"open","ping_status":"open","sticky":false,"template":"","format":"standard","meta":{"jetpack_post_was_ever_published":false,"_jetpack_newsletter_access":"","jetpack_publicize_message":"","jetpack_is_tweetstorm":false,"jetpack_publicize_feature_enabled":true,"jetpack_social_post_already_shared":true,"jetpack_social_options":{"image_generator_settings":{"template":"highway","enabled":false}}},"categories":[2],"tags":[],"jetpack_publicize_connections":[],"jetpack_featured_media_url":"","jetpack_sharing_enabled":true,"jetpack_shortlink":"https:\/\/wp.me\/p3Hz0n-jdH","jetpack_likes_enabled":true,"_links":{"self":[{"href":"https:\/\/agrund.com\/index.php\/wp-json\/wp\/v2\/posts\/73885"}],"collection":[{"href":"https:\/\/agrund.com\/index.php\/wp-json\/wp\/v2\/posts"}],"about":[{"href":"https:\/\/agrund.com\/index.php\/wp-json\/wp\/v2\/types\/post"}],"author":[{"embeddable":true,"href":"https:\/\/agrund.com\/index.php\/wp-json\/wp\/v2\/users\/8"}],"replies":[{"embeddable":true,"href":"https:\/\/agrund.com\/index.php\/wp-json\/wp\/v2\/comments?post=73885"}],"version-history":[{"count":0,"href":"https:\/\/agrund.com\/index.php\/wp-json\/wp\/v2\/posts\/73885\/revisions"}],"wp:featuredmedia":[{"embeddable":true,"href":"https:\/\/agrund.com\/index.php\/wp-json\/"}],"wp:attachment":[{"href":"https:\/\/agrund.com\/index.php\/wp-json\/wp\/v2\/media?parent=73885"}],"wp:term":[{"taxonomy":"category","embeddable":true,"href":"https:\/\/agrund.com\/index.php\/wp-json\/wp\/v2\/categories?post=73885"},{"taxonomy":"post_tag","embeddable":true,"href":"https:\/\/agrund.com\/index.php\/wp-json\/wp\/v2\/tags?post=73885"}],"curies":[{"name":"wp","href":"https:\/\/api.w.org\/{rel}","templated":true}]}}