{"id":73474,"date":"2013-06-03T19:30:49","date_gmt":"2013-06-03T22:30:49","guid":{"rendered":"http:\/\/www.agrund.com\/?p=73474"},"modified":"2013-06-03T19:30:49","modified_gmt":"2013-06-03T22:30:49","slug":"os-segredos-das-luzes-nos-cabelos","status":"publish","type":"post","link":"https:\/\/agrund.com\/index.php\/os-segredos-das-luzes-nos-cabelos\/","title":{"rendered":"Os segredos das luzes nos cabelos"},"content":{"rendered":"<p style=\"text-align: right\">Por Gabriela Mendes<\/p>\n<p>As luzes deixaram de pertencer apenas ao mundo das mulheres e agora tamb\u00e9m invadiram a cabe\u00e7a dos homens. A maior procura nos sal\u00f5es, no entanto, tem sido pelo chamado reflexo contr\u00e1rio, t\u00e9cnica que consiste na colora\u00e7\u00e3o dos cabelos grisalhos. Segundo o cabeleireiro Francisco De La Lastra, fazer reflexos escuros nos fios brancos n\u00e3o deixa a apar\u00eancia artificial de que os cabelos foram simplesmente tingidos de uma hora pra outra.<\/p>\n<p>Entre os mais jovens, a procura pelos fios mais claros foi impulsionada pelas madeixas de Neymar, o que faz com que eles se arrisquem mais a fazer o contraste claro\/escuro. Ainda de acordo com Francisco, qualquer homem pode adotar esse visual, o que muda \u00e9 o tom da colora\u00e7\u00e3o: &#8220;O loiro muito claro n\u00e3o combinam com peles um pouco mais escuras. O ideal \u00e9 procurar ajuda profissional para escolher o tom mais adequado&#8221;, diz.<\/p>\n<p>De La Lastra Cabeleireiros:<br \/>\nRua Deputado Jo\u00e3o Sussumu Hirata, 463 \u2013 Morumbi- SP<br \/>\nTelefone: 11 \u2013 3744-3268<\/p>\n<div id=\"attachment_73476\" style=\"width: 510px\" class=\"wp-caption aligncenter\"><a href=\"https:\/\/i0.wp.com\/www.agrund.com\/wp-content\/uploads\/2013\/06\/os-segredos-das-luzes-nos-cabelos.jpg\"><img aria-describedby=\"caption-attachment-73476\" decoding=\"async\" loading=\"lazy\" class=\"size-full wp-image-73476\" alt=\"Os segredos das luzes nos cabelos\" src=\"https:\/\/i0.wp.com\/www.agrund.com\/wp-content\/uploads\/2013\/06\/os-segredos-das-luzes-nos-cabelos.jpg?resize=500%2C761\" width=\"500\" height=\"761\" data-recalc-dims=\"1\" \/><\/a><p id=\"caption-attachment-73476\" class=\"wp-caption-text\">Os segredos das luzes nos cabelos<\/p><\/div>\n<p>Imagem: Reprodu\u00e7\u00e3o.<\/p>\n","protected":false},"excerpt":{"rendered":"<p>Por Gabriela Mendes As luzes deixaram de pertencer apenas ao mundo das mulheres e agora tamb\u00e9m invadiram a cabe\u00e7a dos homens. A maior procura nos sal\u00f5es, no entanto, tem sido pelo chamado reflexo contr\u00e1rio, t\u00e9cnica que consiste na colora\u00e7\u00e3o dos cabelos grisalhos. Segundo o cabeleireiro Francisco De La Lastra, fazer reflexos escuros nos fios brancos [&hellip;]<\/p>\n","protected":false},"author":8,"featured_media":73482,"comment_status":"open","ping_status":"open","sticky":false,"template":"","format":"standard","meta":{"jetpack_post_was_ever_published":false,"_jetpack_newsletter_access":"","jetpack_publicize_message":"","jetpack_is_tweetstorm":false,"jetpack_publicize_feature_enabled":true,"jetpack_social_post_already_shared":true,"jetpack_social_options":{"image_generator_settings":{"template":"highway","enabled":false}}},"categories":[6],"tags":[],"jetpack_publicize_connections":[],"jetpack_featured_media_url":"","jetpack_sharing_enabled":true,"jetpack_shortlink":"https:\/\/wp.me\/p3Hz0n-j74","jetpack_likes_enabled":true,"_links":{"self":[{"href":"https:\/\/agrund.com\/index.php\/wp-json\/wp\/v2\/posts\/73474"}],"collection":[{"href":"https:\/\/agrund.com\/index.php\/wp-json\/wp\/v2\/posts"}],"about":[{"href":"https:\/\/agrund.com\/index.php\/wp-json\/wp\/v2\/types\/post"}],"author":[{"embeddable":true,"href":"https:\/\/agrund.com\/index.php\/wp-json\/wp\/v2\/users\/8"}],"replies":[{"embeddable":true,"href":"https:\/\/agrund.com\/index.php\/wp-json\/wp\/v2\/comments?post=73474"}],"version-history":[{"count":0,"href":"https:\/\/agrund.com\/index.php\/wp-json\/wp\/v2\/posts\/73474\/revisions"}],"wp:featuredmedia":[{"embeddable":true,"href":"https:\/\/agrund.com\/index.php\/wp-json\/"}],"wp:attachment":[{"href":"https:\/\/agrund.com\/index.php\/wp-json\/wp\/v2\/media?parent=73474"}],"wp:term":[{"taxonomy":"category","embeddable":true,"href":"https:\/\/agrund.com\/index.php\/wp-json\/wp\/v2\/categories?post=73474"},{"taxonomy":"post_tag","embeddable":true,"href":"https:\/\/agrund.com\/index.php\/wp-json\/wp\/v2\/tags?post=73474"}],"curies":[{"name":"wp","href":"https:\/\/api.w.org\/{rel}","templated":true}]}}