{"id":73395,"date":"2013-06-03T21:00:22","date_gmt":"2013-06-04T00:00:22","guid":{"rendered":"http:\/\/www.agrund.com\/?p=73395"},"modified":"2013-06-03T21:00:22","modified_gmt":"2013-06-04T00:00:22","slug":"o-verniz-volta-com-tudo","status":"publish","type":"post","link":"https:\/\/agrund.com\/index.php\/o-verniz-volta-com-tudo\/","title":{"rendered":"O verniz volta com tudo"},"content":{"rendered":"<p>A volta do verniz ao guarda roupa masculino vem marcada por deixar de ser apenas um detalhe. Com eleg\u00e2ncia e modernidade, o verniz agora cobre o sapato todo. A CNS, Basko e Democrata apostam nos modelos tradicionais como o oxford, mocassim e derby. A diferen\u00e7a est\u00e1 nos detalhes como a costura trabalhada em outra tonalidade. O acabamento em vira e a biqueira em ombr\u00e9 s\u00e3o ideais para homens que valorizam pe\u00e7as com design atual e n\u00e3o deixam de lado a qualidade e o conforto. As cores variam desde os tons terrosos, passando pelo burgundy at\u00e9 os mais b\u00e1sicos como o cinza, preto e azul marinho. Gostou?<\/p>\n<p>&nbsp;<\/p>\n<div id=\"attachment_73405\" style=\"width: 510px\" class=\"wp-caption aligncenter\"><a href=\"https:\/\/i0.wp.com\/www.agrund.com\/wp-content\/uploads\/2013\/06\/o-verniz-volta-com-tudo-12.jpg\"><img aria-describedby=\"caption-attachment-73405\" decoding=\"async\" loading=\"lazy\" class=\"size-full wp-image-73405\" alt=\"O verniz volta com tudo\" src=\"https:\/\/i0.wp.com\/www.agrund.com\/wp-content\/uploads\/2013\/06\/o-verniz-volta-com-tudo-12.jpg?resize=500%2C455\" width=\"500\" height=\"455\" data-recalc-dims=\"1\" \/><\/a><p id=\"caption-attachment-73405\" class=\"wp-caption-text\">O verniz volta com tudo<\/p><\/div>\n<div id=\"attachment_73406\" style=\"width: 510px\" class=\"wp-caption aligncenter\"><a href=\"https:\/\/i0.wp.com\/www.agrund.com\/wp-content\/uploads\/2013\/06\/o-verniz-volta-com-tudo-21.jpg\"><img aria-describedby=\"caption-attachment-73406\" decoding=\"async\" loading=\"lazy\" class=\"size-full wp-image-73406\" alt=\"O verniz volta com tudo\" src=\"https:\/\/i0.wp.com\/www.agrund.com\/wp-content\/uploads\/2013\/06\/o-verniz-volta-com-tudo-21.jpg?resize=500%2C349\" width=\"500\" height=\"349\" data-recalc-dims=\"1\" \/><\/a><p id=\"caption-attachment-73406\" class=\"wp-caption-text\">O verniz volta com tudo<\/p><\/div>\n<div id=\"attachment_73407\" style=\"width: 510px\" class=\"wp-caption aligncenter\"><a href=\"https:\/\/i0.wp.com\/www.agrund.com\/wp-content\/uploads\/2013\/06\/o-verniz-volta-com-tudo-31.jpg\"><img aria-describedby=\"caption-attachment-73407\" decoding=\"async\" loading=\"lazy\" class=\"size-full wp-image-73407\" alt=\"O verniz volta com tudo\" src=\"https:\/\/i0.wp.com\/www.agrund.com\/wp-content\/uploads\/2013\/06\/o-verniz-volta-com-tudo-31.jpg?resize=500%2C388\" width=\"500\" height=\"388\" data-recalc-dims=\"1\" \/><\/a><p id=\"caption-attachment-73407\" class=\"wp-caption-text\">O verniz volta com tudo<\/p><\/div>\n<div id=\"attachment_73408\" style=\"width: 510px\" class=\"wp-caption aligncenter\"><a href=\"https:\/\/i0.wp.com\/www.agrund.com\/wp-content\/uploads\/2013\/06\/o-verniz-volta-com-tudo-41.jpg\"><img aria-describedby=\"caption-attachment-73408\" decoding=\"async\" loading=\"lazy\" class=\"size-full wp-image-73408\" alt=\"O verniz volta com tudo\" src=\"https:\/\/i0.wp.com\/www.agrund.com\/wp-content\/uploads\/2013\/06\/o-verniz-volta-com-tudo-41.jpg?resize=500%2C370\" width=\"500\" height=\"370\" data-recalc-dims=\"1\" \/><\/a><p id=\"caption-attachment-73408\" class=\"wp-caption-text\">O verniz volta com tudo<\/p><\/div>\n<div id=\"attachment_73409\" style=\"width: 510px\" class=\"wp-caption aligncenter\"><a href=\"https:\/\/i0.wp.com\/www.agrund.com\/wp-content\/uploads\/2013\/06\/o-verniz-volta-com-tudo-51.jpg\"><img aria-describedby=\"caption-attachment-73409\" decoding=\"async\" loading=\"lazy\" class=\"size-full wp-image-73409\" alt=\"O verniz volta com tudo\" src=\"https:\/\/i0.wp.com\/www.agrund.com\/wp-content\/uploads\/2013\/06\/o-verniz-volta-com-tudo-51.jpg?resize=500%2C417\" width=\"500\" height=\"417\" data-recalc-dims=\"1\" \/><\/a><p id=\"caption-attachment-73409\" class=\"wp-caption-text\">O verniz volta com tudo<\/p><\/div>\n<p>&nbsp;<\/p>\n<p>Imagens: Reprodu\u00e7\u00e3o.<\/p>\n","protected":false},"excerpt":{"rendered":"<p>A volta do verniz ao guarda roupa masculino vem marcada por deixar de ser apenas um detalhe. Com eleg\u00e2ncia e modernidade, o verniz agora cobre o sapato todo. A CNS, Basko e Democrata apostam nos modelos tradicionais como o oxford, mocassim e derby. A diferen\u00e7a est\u00e1 nos detalhes como a costura trabalhada em outra tonalidade. [&hellip;]<\/p>\n","protected":false},"author":8,"featured_media":73410,"comment_status":"open","ping_status":"open","sticky":false,"template":"","format":"standard","meta":{"jetpack_post_was_ever_published":false,"_jetpack_newsletter_access":"","jetpack_publicize_message":"","jetpack_is_tweetstorm":false,"jetpack_publicize_feature_enabled":true,"jetpack_social_post_already_shared":true,"jetpack_social_options":{"image_generator_settings":{"template":"highway","enabled":false}}},"categories":[6],"tags":[],"jetpack_publicize_connections":[],"jetpack_featured_media_url":"","jetpack_sharing_enabled":true,"jetpack_shortlink":"https:\/\/wp.me\/p3Hz0n-j5N","jetpack_likes_enabled":true,"_links":{"self":[{"href":"https:\/\/agrund.com\/index.php\/wp-json\/wp\/v2\/posts\/73395"}],"collection":[{"href":"https:\/\/agrund.com\/index.php\/wp-json\/wp\/v2\/posts"}],"about":[{"href":"https:\/\/agrund.com\/index.php\/wp-json\/wp\/v2\/types\/post"}],"author":[{"embeddable":true,"href":"https:\/\/agrund.com\/index.php\/wp-json\/wp\/v2\/users\/8"}],"replies":[{"embeddable":true,"href":"https:\/\/agrund.com\/index.php\/wp-json\/wp\/v2\/comments?post=73395"}],"version-history":[{"count":0,"href":"https:\/\/agrund.com\/index.php\/wp-json\/wp\/v2\/posts\/73395\/revisions"}],"wp:featuredmedia":[{"embeddable":true,"href":"https:\/\/agrund.com\/index.php\/wp-json\/"}],"wp:attachment":[{"href":"https:\/\/agrund.com\/index.php\/wp-json\/wp\/v2\/media?parent=73395"}],"wp:term":[{"taxonomy":"category","embeddable":true,"href":"https:\/\/agrund.com\/index.php\/wp-json\/wp\/v2\/categories?post=73395"},{"taxonomy":"post_tag","embeddable":true,"href":"https:\/\/agrund.com\/index.php\/wp-json\/wp\/v2\/tags?post=73395"}],"curies":[{"name":"wp","href":"https:\/\/api.w.org\/{rel}","templated":true}]}}