{"id":73357,"date":"2013-06-03T15:00:30","date_gmt":"2013-06-03T18:00:30","guid":{"rendered":"http:\/\/www.agrund.com\/?p=73357"},"modified":"2013-06-03T15:00:30","modified_gmt":"2013-06-03T18:00:30","slug":"o-skate-esta-na-moda","status":"publish","type":"post","link":"https:\/\/agrund.com\/index.php\/o-skate-esta-na-moda\/","title":{"rendered":"O skate est\u00e1 na moda"},"content":{"rendered":"<p>O esportista e skatista ingl\u00eas Travis Smith mostra estilo e descontra\u00e7\u00e3o em fotos para a Urban Outfitters Reino Unido e mostra que o skate est\u00e1 na moda \u2013 acima de tudo o estilo esportivo. A campanha foi fotografada por Cameron McNee. As pe\u00e7as s\u00e3o casuais, bem sportwear, e mostram do jeans, tric\u00f4 \u00e0 camisetas estampadas. Um estilo perfeito para um final de semana cheio de lazer tamb\u00e9m. Veja algumas fotos.<\/p>\n<div id=\"attachment_73358\" style=\"width: 510px\" class=\"wp-caption aligncenter\"><a href=\"https:\/\/i0.wp.com\/www.agrund.com\/wp-content\/uploads\/2013\/06\/o-skate-esta-na-moda-1.jpg\"><img aria-describedby=\"caption-attachment-73358\" decoding=\"async\" loading=\"lazy\" class=\"size-full wp-image-73358\" alt=\"O skate est\u00e1 na moda\" src=\"https:\/\/i0.wp.com\/www.agrund.com\/wp-content\/uploads\/2013\/06\/o-skate-esta-na-moda-1.jpg?resize=500%2C333\" width=\"500\" height=\"333\" data-recalc-dims=\"1\" \/><\/a><p id=\"caption-attachment-73358\" class=\"wp-caption-text\">O skate est\u00e1 na moda<\/p><\/div>\n<div id=\"attachment_73359\" style=\"width: 510px\" class=\"wp-caption aligncenter\"><a href=\"https:\/\/i0.wp.com\/www.agrund.com\/wp-content\/uploads\/2013\/06\/o-skate-esta-na-moda-2.jpg\"><img aria-describedby=\"caption-attachment-73359\" decoding=\"async\" loading=\"lazy\" class=\"size-full wp-image-73359\" alt=\"O skate est\u00e1 na moda\" src=\"https:\/\/i0.wp.com\/www.agrund.com\/wp-content\/uploads\/2013\/06\/o-skate-esta-na-moda-2.jpg?resize=500%2C333\" width=\"500\" height=\"333\" data-recalc-dims=\"1\" \/><\/a><p id=\"caption-attachment-73359\" class=\"wp-caption-text\">O skate est\u00e1 na moda<\/p><\/div>\n<div id=\"attachment_73360\" style=\"width: 510px\" class=\"wp-caption aligncenter\"><a href=\"https:\/\/i0.wp.com\/www.agrund.com\/wp-content\/uploads\/2013\/06\/o-skate-esta-na-moda-3.jpg\"><img aria-describedby=\"caption-attachment-73360\" decoding=\"async\" loading=\"lazy\" class=\"size-full wp-image-73360\" alt=\"O skate est\u00e1 na moda\" src=\"https:\/\/i0.wp.com\/www.agrund.com\/wp-content\/uploads\/2013\/06\/o-skate-esta-na-moda-3.jpg?resize=500%2C333\" width=\"500\" height=\"333\" data-recalc-dims=\"1\" \/><\/a><p id=\"caption-attachment-73360\" class=\"wp-caption-text\">O skate est\u00e1 na moda<\/p><\/div>\n<div id=\"attachment_73361\" style=\"width: 510px\" class=\"wp-caption aligncenter\"><a href=\"https:\/\/i0.wp.com\/www.agrund.com\/wp-content\/uploads\/2013\/06\/o-skate-esta-na-moda-4.jpg\"><img aria-describedby=\"caption-attachment-73361\" decoding=\"async\" loading=\"lazy\" class=\"size-full wp-image-73361\" alt=\"O skate est\u00e1 na moda\" src=\"https:\/\/i0.wp.com\/www.agrund.com\/wp-content\/uploads\/2013\/06\/o-skate-esta-na-moda-4.jpg?resize=500%2C333\" width=\"500\" height=\"333\" data-recalc-dims=\"1\" \/><\/a><p id=\"caption-attachment-73361\" class=\"wp-caption-text\">O skate est\u00e1 na moda<\/p><\/div>\n<p>Imagens: Divulga\u00e7\u00e3o.<\/p>\n","protected":false},"excerpt":{"rendered":"<p>O esportista e skatista ingl\u00eas Travis Smith mostra estilo e descontra\u00e7\u00e3o em fotos para a Urban Outfitters Reino Unido e mostra que o skate est\u00e1 na moda \u2013 acima de tudo o estilo esportivo. A campanha foi fotografada por Cameron McNee. As pe\u00e7as s\u00e3o casuais, bem sportwear, e mostram do jeans, tric\u00f4 \u00e0 camisetas estampadas. [&hellip;]<\/p>\n","protected":false},"author":8,"featured_media":73362,"comment_status":"open","ping_status":"open","sticky":false,"template":"","format":"standard","meta":{"jetpack_post_was_ever_published":false,"_jetpack_newsletter_access":"","jetpack_publicize_message":"","jetpack_is_tweetstorm":false,"jetpack_publicize_feature_enabled":true,"jetpack_social_post_already_shared":true,"jetpack_social_options":{"image_generator_settings":{"template":"highway","enabled":false}}},"categories":[6],"tags":[],"jetpack_publicize_connections":[],"jetpack_featured_media_url":"","jetpack_sharing_enabled":true,"jetpack_shortlink":"https:\/\/wp.me\/p3Hz0n-j5b","jetpack_likes_enabled":true,"_links":{"self":[{"href":"https:\/\/agrund.com\/index.php\/wp-json\/wp\/v2\/posts\/73357"}],"collection":[{"href":"https:\/\/agrund.com\/index.php\/wp-json\/wp\/v2\/posts"}],"about":[{"href":"https:\/\/agrund.com\/index.php\/wp-json\/wp\/v2\/types\/post"}],"author":[{"embeddable":true,"href":"https:\/\/agrund.com\/index.php\/wp-json\/wp\/v2\/users\/8"}],"replies":[{"embeddable":true,"href":"https:\/\/agrund.com\/index.php\/wp-json\/wp\/v2\/comments?post=73357"}],"version-history":[{"count":0,"href":"https:\/\/agrund.com\/index.php\/wp-json\/wp\/v2\/posts\/73357\/revisions"}],"wp:featuredmedia":[{"embeddable":true,"href":"https:\/\/agrund.com\/index.php\/wp-json\/"}],"wp:attachment":[{"href":"https:\/\/agrund.com\/index.php\/wp-json\/wp\/v2\/media?parent=73357"}],"wp:term":[{"taxonomy":"category","embeddable":true,"href":"https:\/\/agrund.com\/index.php\/wp-json\/wp\/v2\/categories?post=73357"},{"taxonomy":"post_tag","embeddable":true,"href":"https:\/\/agrund.com\/index.php\/wp-json\/wp\/v2\/tags?post=73357"}],"curies":[{"name":"wp","href":"https:\/\/api.w.org\/{rel}","templated":true}]}}