{"id":73185,"date":"2013-05-29T22:30:09","date_gmt":"2013-05-30T01:30:09","guid":{"rendered":"http:\/\/www.agrund.com\/?p=73185"},"modified":"2013-05-29T22:30:09","modified_gmt":"2013-05-30T01:30:09","slug":"de-cara-nova-cavalera-repagina-visual-de-flagship","status":"publish","type":"post","link":"https:\/\/agrund.com\/index.php\/de-cara-nova-cavalera-repagina-visual-de-flagship\/","title":{"rendered":"De cara nova :: Cavalera repagina visual de flagship"},"content":{"rendered":"<p>No pr\u00f3ximo s\u00e1bado (01) a Cavalera far\u00e1 o lan\u00e7amento oficial do novo visual de sua flagship localizada na Rua Oscar Freire, em S\u00e3o Paulo. Dentre as mudan\u00e7as, a fachada e inser\u00e7\u00e3o de novas cores e estampas, assim como uma decora\u00e7\u00e3o revitalizada.<\/p>\n<p>No evento, o visual artist Renan Cruz vai realizar um live painting em um painel da loja sob a trilha sonora do DJ Erik. Al\u00e9m disso, os clientes que realizarem compras acima de R$500 ser\u00e3o presenteados com uma t-shirt estampada com um quadro negro e um estojo de giz colorido, que pode ser apagado com \u00e1gua, para preencher o quadro da forma mais criativa. Os visitantes tamb\u00e9m poder\u00e3o escrever recados para seus \u201cvalentines\u201d na vitrine da loja. Um evento pra l\u00e1 de criativo, n\u00e3o?<\/p>\n<p>&nbsp;<\/p>\n<div id=\"attachment_73189\" style=\"width: 510px\" class=\"wp-caption aligncenter\"><a href=\"https:\/\/i0.wp.com\/www.agrund.com\/wp-content\/uploads\/2013\/05\/de-cara-nova-cavalera-repagina-visual-de-flagship-11.jpg\"><img aria-describedby=\"caption-attachment-73189\" decoding=\"async\" loading=\"lazy\" class=\"size-full wp-image-73189\" alt=\"De cara nova :: Cavalera repagina visual de flagship\" src=\"https:\/\/i0.wp.com\/www.agrund.com\/wp-content\/uploads\/2013\/05\/de-cara-nova-cavalera-repagina-visual-de-flagship-11.jpg?resize=500%2C334\" width=\"500\" height=\"334\" data-recalc-dims=\"1\" \/><\/a><p id=\"caption-attachment-73189\" class=\"wp-caption-text\">De cara nova :: Cavalera repagina visual de flagship<\/p><\/div>\n<div id=\"attachment_73190\" style=\"width: 510px\" class=\"wp-caption aligncenter\"><a href=\"https:\/\/i0.wp.com\/www.agrund.com\/wp-content\/uploads\/2013\/05\/de-cara-nova-cavalera-repagina-visual-de-flagship-21.jpg\"><img aria-describedby=\"caption-attachment-73190\" decoding=\"async\" loading=\"lazy\" class=\"size-full wp-image-73190\" alt=\"De cara nova :: Cavalera repagina visual de flagship\" src=\"https:\/\/i0.wp.com\/www.agrund.com\/wp-content\/uploads\/2013\/05\/de-cara-nova-cavalera-repagina-visual-de-flagship-21.jpg?resize=500%2C333\" width=\"500\" height=\"333\" data-recalc-dims=\"1\" \/><\/a><p id=\"caption-attachment-73190\" class=\"wp-caption-text\">De cara nova :: Cavalera repagina visual de flagship<\/p><\/div>\n<p>Imagens: Divulga\u00e7\u00e3o.<\/p>\n","protected":false},"excerpt":{"rendered":"<p>No pr\u00f3ximo s\u00e1bado (01) a Cavalera far\u00e1 o lan\u00e7amento oficial do novo visual de sua flagship localizada na Rua Oscar Freire, em S\u00e3o Paulo. Dentre as mudan\u00e7as, a fachada e inser\u00e7\u00e3o de novas cores e estampas, assim como uma decora\u00e7\u00e3o revitalizada. No evento, o visual artist Renan Cruz vai realizar um live painting em um [&hellip;]<\/p>\n","protected":false},"author":8,"featured_media":73193,"comment_status":"open","ping_status":"open","sticky":false,"template":"","format":"standard","meta":{"jetpack_post_was_ever_published":false,"_jetpack_newsletter_access":"","jetpack_publicize_message":"","jetpack_is_tweetstorm":false,"jetpack_publicize_feature_enabled":true,"jetpack_social_post_already_shared":true,"jetpack_social_options":{"image_generator_settings":{"template":"highway","enabled":false}}},"categories":[2],"tags":[],"jetpack_publicize_connections":[],"jetpack_featured_media_url":"","jetpack_sharing_enabled":true,"jetpack_shortlink":"https:\/\/wp.me\/p3Hz0n-j2p","jetpack_likes_enabled":true,"_links":{"self":[{"href":"https:\/\/agrund.com\/index.php\/wp-json\/wp\/v2\/posts\/73185"}],"collection":[{"href":"https:\/\/agrund.com\/index.php\/wp-json\/wp\/v2\/posts"}],"about":[{"href":"https:\/\/agrund.com\/index.php\/wp-json\/wp\/v2\/types\/post"}],"author":[{"embeddable":true,"href":"https:\/\/agrund.com\/index.php\/wp-json\/wp\/v2\/users\/8"}],"replies":[{"embeddable":true,"href":"https:\/\/agrund.com\/index.php\/wp-json\/wp\/v2\/comments?post=73185"}],"version-history":[{"count":0,"href":"https:\/\/agrund.com\/index.php\/wp-json\/wp\/v2\/posts\/73185\/revisions"}],"wp:featuredmedia":[{"embeddable":true,"href":"https:\/\/agrund.com\/index.php\/wp-json\/"}],"wp:attachment":[{"href":"https:\/\/agrund.com\/index.php\/wp-json\/wp\/v2\/media?parent=73185"}],"wp:term":[{"taxonomy":"category","embeddable":true,"href":"https:\/\/agrund.com\/index.php\/wp-json\/wp\/v2\/categories?post=73185"},{"taxonomy":"post_tag","embeddable":true,"href":"https:\/\/agrund.com\/index.php\/wp-json\/wp\/v2\/tags?post=73185"}],"curies":[{"name":"wp","href":"https:\/\/api.w.org\/{rel}","templated":true}]}}