{"id":72955,"date":"2013-05-27T23:00:25","date_gmt":"2013-05-28T02:00:25","guid":{"rendered":"http:\/\/www.agrund.com\/?p=72955"},"modified":"2013-05-27T23:00:25","modified_gmt":"2013-05-28T02:00:25","slug":"victorinox-lanca-edicao-comemorativa-de-seu-night-vision","status":"publish","type":"post","link":"https:\/\/agrund.com\/index.php\/victorinox-lanca-edicao-comemorativa-de-seu-night-vision\/","title":{"rendered":"Victorinox lan\u00e7a edi\u00e7\u00e3o comemorativa de seu Night Vision"},"content":{"rendered":"<p>Em comemora\u00e7\u00e3o aos 10 anos da linha Night Vision, a Victorinox se prepara para lan\u00e7ar o modelo 2013 do rel\u00f3gio que, para quem n\u00e3o o conhece, ele recebeu este nome devido ao seu LED de luz branca que pode ser visto a quil\u00f4metros de dist\u00e2ncia.<\/p>\n<p>Sua nova vers\u00e3o ganhou uma caixa de a\u00e7o polido e escovado que trouxe ao mostrador um acabamento acetinado, al\u00e9m de ser resistente a at\u00e9 50 metros em baixo d&#8217;\u00e1gua. O novo Night Vision chega ao mercado nas cores preto ou verde-militar e custa R$ 2.450. Veja:<\/p>\n<div id=\"attachment_72956\" style=\"width: 460px\" class=\"wp-caption aligncenter\"><a href=\"https:\/\/i0.wp.com\/www.agrund.com\/wp-content\/uploads\/2013\/05\/victorinox-lanca-edicao-comemorativa-de-seu-night-vision-1.jpg\"><img aria-describedby=\"caption-attachment-72956\" decoding=\"async\" loading=\"lazy\" class=\"size-full wp-image-72956\" alt=\"Victorinox lan\u00e7a edi\u00e7\u00e3o comemorativa de seu Night Vision\" src=\"https:\/\/i0.wp.com\/www.agrund.com\/wp-content\/uploads\/2013\/05\/victorinox-lanca-edicao-comemorativa-de-seu-night-vision-1.jpg?resize=450%2C643\" width=\"450\" height=\"643\" data-recalc-dims=\"1\" \/><\/a><p id=\"caption-attachment-72956\" class=\"wp-caption-text\">Victorinox lan\u00e7a edi\u00e7\u00e3o comemorativa de seu Night Vision<\/p><\/div>\n<div id=\"attachment_72957\" style=\"width: 460px\" class=\"wp-caption aligncenter\"><a href=\"https:\/\/i0.wp.com\/www.agrund.com\/wp-content\/uploads\/2013\/05\/victorinox-lanca-edicao-comemorativa-de-seu-night-vision-2.jpg\"><img aria-describedby=\"caption-attachment-72957\" decoding=\"async\" loading=\"lazy\" class=\"size-full wp-image-72957\" alt=\"Victorinox lan\u00e7a edi\u00e7\u00e3o comemorativa de seu Night Vision\" src=\"https:\/\/i0.wp.com\/www.agrund.com\/wp-content\/uploads\/2013\/05\/victorinox-lanca-edicao-comemorativa-de-seu-night-vision-2.jpg?resize=450%2C643\" width=\"450\" height=\"643\" data-recalc-dims=\"1\" \/><\/a><p id=\"caption-attachment-72957\" class=\"wp-caption-text\">Victorinox lan\u00e7a edi\u00e7\u00e3o comemorativa de seu Night Vision<\/p><\/div>\n<p>Imagens: Reprodu\u00e7\u00e3o.<\/p>\n","protected":false},"excerpt":{"rendered":"<p>Em comemora\u00e7\u00e3o aos 10 anos da linha Night Vision, a Victorinox se prepara para lan\u00e7ar o modelo 2013 do rel\u00f3gio que, para quem n\u00e3o o conhece, ele recebeu este nome devido ao seu LED de luz branca que pode ser visto a quil\u00f4metros de dist\u00e2ncia. Sua nova vers\u00e3o ganhou uma caixa de a\u00e7o polido e [&hellip;]<\/p>\n","protected":false},"author":8,"featured_media":72958,"comment_status":"open","ping_status":"open","sticky":false,"template":"","format":"standard","meta":{"jetpack_post_was_ever_published":false,"_jetpack_newsletter_access":"","jetpack_publicize_message":"","jetpack_is_tweetstorm":false,"jetpack_publicize_feature_enabled":true,"jetpack_social_post_already_shared":true,"jetpack_social_options":{"image_generator_settings":{"template":"highway","enabled":false}}},"categories":[6],"tags":[],"jetpack_publicize_connections":[],"jetpack_featured_media_url":"","jetpack_sharing_enabled":true,"jetpack_shortlink":"https:\/\/wp.me\/p3Hz0n-iYH","jetpack_likes_enabled":true,"_links":{"self":[{"href":"https:\/\/agrund.com\/index.php\/wp-json\/wp\/v2\/posts\/72955"}],"collection":[{"href":"https:\/\/agrund.com\/index.php\/wp-json\/wp\/v2\/posts"}],"about":[{"href":"https:\/\/agrund.com\/index.php\/wp-json\/wp\/v2\/types\/post"}],"author":[{"embeddable":true,"href":"https:\/\/agrund.com\/index.php\/wp-json\/wp\/v2\/users\/8"}],"replies":[{"embeddable":true,"href":"https:\/\/agrund.com\/index.php\/wp-json\/wp\/v2\/comments?post=72955"}],"version-history":[{"count":0,"href":"https:\/\/agrund.com\/index.php\/wp-json\/wp\/v2\/posts\/72955\/revisions"}],"wp:featuredmedia":[{"embeddable":true,"href":"https:\/\/agrund.com\/index.php\/wp-json\/"}],"wp:attachment":[{"href":"https:\/\/agrund.com\/index.php\/wp-json\/wp\/v2\/media?parent=72955"}],"wp:term":[{"taxonomy":"category","embeddable":true,"href":"https:\/\/agrund.com\/index.php\/wp-json\/wp\/v2\/categories?post=72955"},{"taxonomy":"post_tag","embeddable":true,"href":"https:\/\/agrund.com\/index.php\/wp-json\/wp\/v2\/tags?post=72955"}],"curies":[{"name":"wp","href":"https:\/\/api.w.org\/{rel}","templated":true}]}}