{"id":72904,"date":"2013-05-27T16:00:38","date_gmt":"2013-05-27T19:00:38","guid":{"rendered":"http:\/\/www.agrund.com\/?p=72904"},"modified":"2013-05-27T16:00:38","modified_gmt":"2013-05-27T19:00:38","slug":"etnia-e-estampa-florais-invadem-o-verao-2014","status":"publish","type":"post","link":"https:\/\/agrund.com\/index.php\/etnia-e-estampa-florais-invadem-o-verao-2014\/","title":{"rendered":"Etnia e estampa florais  invadem o ver\u00e3o 2014"},"content":{"rendered":"<p>O Ver\u00e3o 2014 da Armadillo inaugura a s\u00e9rie maxprint da grife trazendo etnia e estampas florais. A inspira\u00e7\u00e3o em Marc Ferrez, que dom seus registros fotogr\u00e1ficos nos possibilita hoje ter uma no\u00e7\u00e3o do charme ostentado pela cidade maravilhosa em outros tempos, tamb\u00e9m chega forte.<br \/>\nO modelo franc\u00eas Baptiste Demay posou para as lentes de Jo\u00e3o Dutra em \u00e1reas da mata fechada do Rio de Janeiro. A cole\u00e7\u00e3o chega \u00e0s lojas a partir de setembro de 2013. Confira!<\/p>\n<div id=\"attachment_72905\" style=\"width: 510px\" class=\"wp-caption aligncenter\"><a href=\"https:\/\/i0.wp.com\/www.agrund.com\/wp-content\/uploads\/2013\/05\/etnia-e-estampa-florais-invadem-o-verao-2014-1.jpg\"><img aria-describedby=\"caption-attachment-72905\" decoding=\"async\" loading=\"lazy\" class=\"size-full wp-image-72905\" alt=\" Etnia e estampa florais  invadem o ver\u00e3o 2014\" src=\"https:\/\/i0.wp.com\/www.agrund.com\/wp-content\/uploads\/2013\/05\/etnia-e-estampa-florais-invadem-o-verao-2014-1.jpg?resize=500%2C326\" width=\"500\" height=\"326\" data-recalc-dims=\"1\" \/><\/a><p id=\"caption-attachment-72905\" class=\"wp-caption-text\">Etnia e estampa florais invadem o ver\u00e3o 2014<\/p><\/div>\n<div id=\"attachment_72906\" style=\"width: 510px\" class=\"wp-caption aligncenter\"><a href=\"https:\/\/i0.wp.com\/www.agrund.com\/wp-content\/uploads\/2013\/05\/etnia-e-estampa-florais-invadem-o-verao-2014-2.jpg\"><img aria-describedby=\"caption-attachment-72906\" decoding=\"async\" loading=\"lazy\" class=\"size-full wp-image-72906\" alt=\" Etnia e estampa florais  invadem o ver\u00e3o 2014\" src=\"https:\/\/i0.wp.com\/www.agrund.com\/wp-content\/uploads\/2013\/05\/etnia-e-estampa-florais-invadem-o-verao-2014-2.jpg?resize=500%2C333\" width=\"500\" height=\"333\" data-recalc-dims=\"1\" \/><\/a><p id=\"caption-attachment-72906\" class=\"wp-caption-text\">Etnia e estampa florais invadem o ver\u00e3o 2014<\/p><\/div>\n<div id=\"attachment_72907\" style=\"width: 510px\" class=\"wp-caption aligncenter\"><a href=\"https:\/\/i0.wp.com\/www.agrund.com\/wp-content\/uploads\/2013\/05\/etnia-e-estampa-florais-invadem-o-verao-2014-3.jpg\"><img aria-describedby=\"caption-attachment-72907\" decoding=\"async\" loading=\"lazy\" class=\"size-full wp-image-72907\" alt=\" Etnia e estampa florais  invadem o ver\u00e3o 2014\" src=\"https:\/\/i0.wp.com\/www.agrund.com\/wp-content\/uploads\/2013\/05\/etnia-e-estampa-florais-invadem-o-verao-2014-3.jpg?resize=500%2C733\" width=\"500\" height=\"733\" data-recalc-dims=\"1\" \/><\/a><p id=\"caption-attachment-72907\" class=\"wp-caption-text\">Etnia e estampa florais invadem o ver\u00e3o 2014<\/p><\/div>\n<p>Imagens: Divulga\u00e7\u00e3o.<\/p>\n","protected":false},"excerpt":{"rendered":"<p>O Ver\u00e3o 2014 da Armadillo inaugura a s\u00e9rie maxprint da grife trazendo etnia e estampas florais. A inspira\u00e7\u00e3o em Marc Ferrez, que dom seus registros fotogr\u00e1ficos nos possibilita hoje ter uma no\u00e7\u00e3o do charme ostentado pela cidade maravilhosa em outros tempos, tamb\u00e9m chega forte. O modelo franc\u00eas Baptiste Demay posou para as lentes de Jo\u00e3o [&hellip;]<\/p>\n","protected":false},"author":8,"featured_media":72908,"comment_status":"open","ping_status":"open","sticky":false,"template":"","format":"standard","meta":{"jetpack_post_was_ever_published":false,"_jetpack_newsletter_access":"","jetpack_publicize_message":"","jetpack_is_tweetstorm":false,"jetpack_publicize_feature_enabled":true,"jetpack_social_post_already_shared":true,"jetpack_social_options":{"image_generator_settings":{"template":"highway","enabled":false}}},"categories":[6],"tags":[],"jetpack_publicize_connections":[],"jetpack_featured_media_url":"","jetpack_sharing_enabled":true,"jetpack_shortlink":"https:\/\/wp.me\/p3Hz0n-iXS","jetpack_likes_enabled":true,"_links":{"self":[{"href":"https:\/\/agrund.com\/index.php\/wp-json\/wp\/v2\/posts\/72904"}],"collection":[{"href":"https:\/\/agrund.com\/index.php\/wp-json\/wp\/v2\/posts"}],"about":[{"href":"https:\/\/agrund.com\/index.php\/wp-json\/wp\/v2\/types\/post"}],"author":[{"embeddable":true,"href":"https:\/\/agrund.com\/index.php\/wp-json\/wp\/v2\/users\/8"}],"replies":[{"embeddable":true,"href":"https:\/\/agrund.com\/index.php\/wp-json\/wp\/v2\/comments?post=72904"}],"version-history":[{"count":0,"href":"https:\/\/agrund.com\/index.php\/wp-json\/wp\/v2\/posts\/72904\/revisions"}],"wp:featuredmedia":[{"embeddable":true,"href":"https:\/\/agrund.com\/index.php\/wp-json\/"}],"wp:attachment":[{"href":"https:\/\/agrund.com\/index.php\/wp-json\/wp\/v2\/media?parent=72904"}],"wp:term":[{"taxonomy":"category","embeddable":true,"href":"https:\/\/agrund.com\/index.php\/wp-json\/wp\/v2\/categories?post=72904"},{"taxonomy":"post_tag","embeddable":true,"href":"https:\/\/agrund.com\/index.php\/wp-json\/wp\/v2\/tags?post=72904"}],"curies":[{"name":"wp","href":"https:\/\/api.w.org\/{rel}","templated":true}]}}