{"id":72880,"date":"2013-05-27T15:00:05","date_gmt":"2013-05-27T18:00:05","guid":{"rendered":"http:\/\/www.agrund.com\/?p=72880"},"modified":"2013-05-27T15:00:05","modified_gmt":"2013-05-27T18:00:05","slug":"homem-tambem-faz-sobrancelha","status":"publish","type":"post","link":"https:\/\/agrund.com\/index.php\/homem-tambem-faz-sobrancelha\/","title":{"rendered":"Homem tamb\u00e9m faz sobrancelha"},"content":{"rendered":"<p>A sobrancelha \u00e9 um detalhe que pode fazer toda a diferen\u00e7a quando o assunto \u00e9 beleza. O visagista Pedro Toste Coelho Filho, da cl\u00ednica Su\u00e9lio Est\u00e9tica no Rio de Janeiro, explica que ainda existe preconceito em fazer a sobrancelha, mas que alguns homens t\u00eam muito cuidado com a regi\u00e3o. &#8220;Eles acham que, ao cuidar dessa \u00e1rea, parecer\u00e3o mais femininos. Mas a boa not\u00edcia \u00e9 que est\u00e3o mais flex\u00edveis \u00e0 ideia de cuidar da beleza\u201d.<br \/>\nA dica \u00e9 sempre conversar com o profissional antes do procedimento para obter um resultado satisfat\u00f3rio. Para quem pretende cuidar da sobrancelha em casa, Paulo chama aten\u00e7\u00e3o para alguns cuidados: &#8220;Deve-se usar sempre uma pin\u00e7a. Em alguns casos pode ser usado um pequeno barbeador de uso exclusivo da \u00e1rea, que serve para separar a famosa \u201cmonocelha\u201d. Nada de cera! A pele dessa regi\u00e3o \u00e9 sens\u00edvel e, muitas vezes, ao usar cera pode causar queimadura. E muitos profissionais defendem a teoria de que o uso de cera no rosto pode causar flacidez precoce. E eu sou desse time\u201d, explica.<br \/>\nAtente-se \u00e0s dicas e invista nesse detalhe que pode deixar o seu visual ainda melhor!<br \/>\nAgradecimento<br \/>\nSu\u00e9lio Est\u00e9tica<br \/>\n(21) 22043413<\/p>\n<div id=\"attachment_72881\" style=\"width: 510px\" class=\"wp-caption aligncenter\"><a href=\"https:\/\/i0.wp.com\/www.agrund.com\/wp-content\/uploads\/2013\/05\/homem-tambem-faz-sobrancelha-1.jpg\"><img aria-describedby=\"caption-attachment-72881\" decoding=\"async\" loading=\"lazy\" class=\"size-full wp-image-72881\" alt=\"Homem tamb\u00e9m faz sobrancelha\" src=\"https:\/\/i0.wp.com\/www.agrund.com\/wp-content\/uploads\/2013\/05\/homem-tambem-faz-sobrancelha-1.jpg?resize=500%2C313\" width=\"500\" height=\"313\" data-recalc-dims=\"1\" \/><\/a><p id=\"caption-attachment-72881\" class=\"wp-caption-text\">Homem tamb\u00e9m faz sobrancelha<\/p><\/div>\n<div id=\"attachment_72882\" style=\"width: 510px\" class=\"wp-caption aligncenter\"><a href=\"https:\/\/i0.wp.com\/www.agrund.com\/wp-content\/uploads\/2013\/05\/homem-tambem-faz-sobrancelha-2.jpg\"><img aria-describedby=\"caption-attachment-72882\" decoding=\"async\" loading=\"lazy\" class=\"size-full wp-image-72882\" alt=\"Homem tamb\u00e9m faz sobrancelha\" src=\"https:\/\/i0.wp.com\/www.agrund.com\/wp-content\/uploads\/2013\/05\/homem-tambem-faz-sobrancelha-2.jpg?resize=500%2C308\" width=\"500\" height=\"308\" data-recalc-dims=\"1\" \/><\/a><p id=\"caption-attachment-72882\" class=\"wp-caption-text\">Homem tamb\u00e9m faz sobrancelha<\/p><\/div>\n<div id=\"attachment_72883\" style=\"width: 510px\" class=\"wp-caption aligncenter\"><a href=\"https:\/\/i0.wp.com\/www.agrund.com\/wp-content\/uploads\/2013\/05\/homem-tambem-faz-sobrancelha-3.jpg\"><img aria-describedby=\"caption-attachment-72883\" decoding=\"async\" loading=\"lazy\" class=\"size-full wp-image-72883\" alt=\"Homem tamb\u00e9m faz sobrancelha\" src=\"https:\/\/i0.wp.com\/www.agrund.com\/wp-content\/uploads\/2013\/05\/homem-tambem-faz-sobrancelha-3.jpg?resize=500%2C623\" width=\"500\" height=\"623\" data-recalc-dims=\"1\" \/><\/a><p id=\"caption-attachment-72883\" class=\"wp-caption-text\">Homem tamb\u00e9m faz sobrancelha<\/p><\/div>\n<div id=\"attachment_72884\" style=\"width: 510px\" class=\"wp-caption aligncenter\"><a href=\"https:\/\/i0.wp.com\/www.agrund.com\/wp-content\/uploads\/2013\/05\/homem-tambem-faz-sobrancelha-4.jpg\"><img aria-describedby=\"caption-attachment-72884\" decoding=\"async\" loading=\"lazy\" class=\"size-full wp-image-72884\" alt=\"Homem tamb\u00e9m faz sobrancelha\" src=\"https:\/\/i0.wp.com\/www.agrund.com\/wp-content\/uploads\/2013\/05\/homem-tambem-faz-sobrancelha-4.jpg?resize=500%2C375\" width=\"500\" height=\"375\" data-recalc-dims=\"1\" \/><\/a><p id=\"caption-attachment-72884\" class=\"wp-caption-text\">Homem tamb\u00e9m faz sobrancelha<\/p><\/div>\n<div id=\"attachment_72885\" style=\"width: 510px\" class=\"wp-caption aligncenter\"><a href=\"https:\/\/i0.wp.com\/www.agrund.com\/wp-content\/uploads\/2013\/05\/homem-tambem-faz-sobrancelha-5.jpg\"><img aria-describedby=\"caption-attachment-72885\" decoding=\"async\" loading=\"lazy\" class=\"size-full wp-image-72885\" alt=\"Homem tamb\u00e9m faz sobrancelha\" src=\"https:\/\/i0.wp.com\/www.agrund.com\/wp-content\/uploads\/2013\/05\/homem-tambem-faz-sobrancelha-5.jpg?resize=500%2C319\" width=\"500\" height=\"319\" data-recalc-dims=\"1\" \/><\/a><p id=\"caption-attachment-72885\" class=\"wp-caption-text\">Homem tamb\u00e9m faz sobrancelha<\/p><\/div>\n<div id=\"attachment_72886\" style=\"width: 510px\" class=\"wp-caption aligncenter\"><a href=\"https:\/\/i0.wp.com\/www.agrund.com\/wp-content\/uploads\/2013\/05\/homem-tambem-faz-sobrancelha-6.jpg\"><img aria-describedby=\"caption-attachment-72886\" decoding=\"async\" loading=\"lazy\" class=\"size-full wp-image-72886\" alt=\"Homem tamb\u00e9m faz sobrancelha\" src=\"https:\/\/i0.wp.com\/www.agrund.com\/wp-content\/uploads\/2013\/05\/homem-tambem-faz-sobrancelha-6.jpg?resize=500%2C590\" width=\"500\" height=\"590\" data-recalc-dims=\"1\" \/><\/a><p id=\"caption-attachment-72886\" class=\"wp-caption-text\">Homem tamb\u00e9m faz sobrancelha<\/p><\/div>\n<p>Imagens: Reprodu\u00e7\u00e3o.<\/p>\n","protected":false},"excerpt":{"rendered":"<p>A sobrancelha \u00e9 um detalhe que pode fazer toda a diferen\u00e7a quando o assunto \u00e9 beleza. O visagista Pedro Toste Coelho Filho, da cl\u00ednica Su\u00e9lio Est\u00e9tica no Rio de Janeiro, explica que ainda existe preconceito em fazer a sobrancelha, mas que alguns homens t\u00eam muito cuidado com a regi\u00e3o. &#8220;Eles acham que, ao cuidar dessa [&hellip;]<\/p>\n","protected":false},"author":8,"featured_media":72887,"comment_status":"open","ping_status":"open","sticky":false,"template":"","format":"standard","meta":{"jetpack_post_was_ever_published":false,"_jetpack_newsletter_access":"","jetpack_publicize_message":"","jetpack_is_tweetstorm":false,"jetpack_publicize_feature_enabled":true,"jetpack_social_post_already_shared":true,"jetpack_social_options":{"image_generator_settings":{"template":"highway","enabled":false}}},"categories":[6],"tags":[],"jetpack_publicize_connections":[],"jetpack_featured_media_url":"","jetpack_sharing_enabled":true,"jetpack_shortlink":"https:\/\/wp.me\/p3Hz0n-iXu","jetpack_likes_enabled":true,"_links":{"self":[{"href":"https:\/\/agrund.com\/index.php\/wp-json\/wp\/v2\/posts\/72880"}],"collection":[{"href":"https:\/\/agrund.com\/index.php\/wp-json\/wp\/v2\/posts"}],"about":[{"href":"https:\/\/agrund.com\/index.php\/wp-json\/wp\/v2\/types\/post"}],"author":[{"embeddable":true,"href":"https:\/\/agrund.com\/index.php\/wp-json\/wp\/v2\/users\/8"}],"replies":[{"embeddable":true,"href":"https:\/\/agrund.com\/index.php\/wp-json\/wp\/v2\/comments?post=72880"}],"version-history":[{"count":0,"href":"https:\/\/agrund.com\/index.php\/wp-json\/wp\/v2\/posts\/72880\/revisions"}],"wp:featuredmedia":[{"embeddable":true,"href":"https:\/\/agrund.com\/index.php\/wp-json\/"}],"wp:attachment":[{"href":"https:\/\/agrund.com\/index.php\/wp-json\/wp\/v2\/media?parent=72880"}],"wp:term":[{"taxonomy":"category","embeddable":true,"href":"https:\/\/agrund.com\/index.php\/wp-json\/wp\/v2\/categories?post=72880"},{"taxonomy":"post_tag","embeddable":true,"href":"https:\/\/agrund.com\/index.php\/wp-json\/wp\/v2\/tags?post=72880"}],"curies":[{"name":"wp","href":"https:\/\/api.w.org\/{rel}","templated":true}]}}