{"id":72860,"date":"2013-05-27T12:00:10","date_gmt":"2013-05-27T15:00:10","guid":{"rendered":"http:\/\/www.agrund.com\/?p=72860"},"modified":"2013-05-27T12:00:10","modified_gmt":"2013-05-27T15:00:10","slug":"chegou-a-vez-dos-altos-e-magros","status":"publish","type":"post","link":"https:\/\/agrund.com\/index.php\/chegou-a-vez-dos-altos-e-magros\/","title":{"rendered":"Chegou a vez dos altos e magros!"},"content":{"rendered":"<p>Muita gente pensa que esse bi\u00f3tipo &#8211; dos altos e longil\u00edneos &#8211; \u00e9 o mais f\u00e1cil de vestir. Voc\u00ea j\u00e1 perguntou a um amigo seu, alto e magro, se ele sente alguma dificuldade? E claro que estamos falando dos acima de 1m90, os conhecidos na juventude como \u201cMacarr\u00e3o\u201d, \u201cVara pau\u201d, \u201cCotonete de elefante\u201d \u2013 e aqui sem bulling algum. Ent\u00e3o refa\u00e7o a pergunta: Voc\u00ea j\u00e1 perguntou a um amigo seu, alto e magro, se \u00e9 f\u00e1cil para ele se vestir e com o corpo que tem?<\/p>\n<p>Pois bem, aqui no Brasil o mercado est\u00e1 come\u00e7ando a se adaptar a esse bi\u00f3tipo. Os homens est\u00e3o ficando mais altos e muitos deles longil\u00edneos tamb\u00e9m. Por\u00e9m, alguns t\u00eam como objetivo disfar\u00e7ar a altura e aumentar visualmente sua estrutura. Selecionei algumas dicas e looks que podem deixar voc\u00ea mais estiloso e visualmente equilibrado.<\/p>\n<p>Na hora de escolher o terno, prefira os com tr\u00eas ou quatro bot\u00f5es. Esse modelo cai melhor pelo modo como ele come\u00e7a a ser abotoado quase na linha do peito, ele d\u00e1 a sensa\u00e7\u00e3o de que voc\u00ea \u00e9 menos magrinho. O importante \u00e9 escolher um tamanho ideal para seu corpo. Nem pequeno demais, como Jeca Tatu,,e nem t\u00e3o grande como o Homem Da Meia Noite, famoso boneco da cultura e do Carnaval de Olinda.<\/p>\n<p>Se voc\u00ea quer dar a ideia de ter um torso mais largo e um peitoral visualmente estendido, as camisas que t\u00eam listas que atravessam de bra\u00e7o a bra\u00e7o s\u00e3o as \u00f3bvias. Mas para voc\u00ea mostrar que n\u00e3o est\u00e1 nem a\u00ed para moda, mas usa a pe\u00e7a da hora \u2013 uma boa jaqueta matalassada com pegada esportiva ou de couro pode deix\u00e1-lo mais forte visualmente. Voc\u00ea pode us\u00e1-las com cal\u00e7as mais esportivas, como prop\u00f5e a marca sueca Acne, ou o cl\u00e1ssico, sob a \u00f3tica do estilista italiano Giorgio Armani.<\/p>\n<p>Para finalizar esse post e servir de inspira\u00e7\u00e3o para voc\u00ea, escolhi o ator Marcello Antony, que dos altos dos seus 1m90 tem um estilo bem descontra\u00eddo e elegante. Aqui, sem medo dos contrastes o preto encontra o cinza e os cl\u00e1ssicos se transformam em um look super despojado. E como \u00faltima dica, o bloco de cores pode ser um bom artif\u00edcio para voc\u00ea, que tira coco sem vara e sem precisar subir no p\u00e9, parecer mais baixinho. Brincadeira!<\/p>\n<p>Beijos e at\u00e9 o pr\u00f3ximo post!<\/p>\n<div id=\"attachment_72861\" style=\"width: 460px\" class=\"wp-caption aligncenter\"><a href=\"https:\/\/i0.wp.com\/www.agrund.com\/wp-content\/uploads\/2013\/05\/chegou-a-vez-dos-altos-e-magros-1.jpg\"><img aria-describedby=\"caption-attachment-72861\" decoding=\"async\" loading=\"lazy\" class=\"size-full wp-image-72861\" alt=\"Chegou a vez dos altos e magros!\" src=\"https:\/\/i0.wp.com\/www.agrund.com\/wp-content\/uploads\/2013\/05\/chegou-a-vez-dos-altos-e-magros-1.jpg?resize=450%2C675\" width=\"450\" height=\"675\" data-recalc-dims=\"1\" \/><\/a><p id=\"caption-attachment-72861\" class=\"wp-caption-text\">Chegou a vez dos altos e magros!<\/p><\/div>\n<div id=\"attachment_72862\" style=\"width: 460px\" class=\"wp-caption aligncenter\"><a href=\"https:\/\/i0.wp.com\/www.agrund.com\/wp-content\/uploads\/2013\/05\/chegou-a-vez-dos-altos-e-magros-2.jpg\"><img aria-describedby=\"caption-attachment-72862\" decoding=\"async\" loading=\"lazy\" class=\"size-full wp-image-72862\" alt=\"Chegou a vez dos altos e magros!\" src=\"https:\/\/i0.wp.com\/www.agrund.com\/wp-content\/uploads\/2013\/05\/chegou-a-vez-dos-altos-e-magros-2.jpg?resize=450%2C990\" width=\"450\" height=\"990\" data-recalc-dims=\"1\" \/><\/a><p id=\"caption-attachment-72862\" class=\"wp-caption-text\">Chegou a vez dos altos e magros!<\/p><\/div>\n<div id=\"attachment_72863\" style=\"width: 460px\" class=\"wp-caption aligncenter\"><a href=\"https:\/\/i0.wp.com\/www.agrund.com\/wp-content\/uploads\/2013\/05\/chegou-a-vez-dos-altos-e-magros-3.jpg\"><img aria-describedby=\"caption-attachment-72863\" decoding=\"async\" loading=\"lazy\" class=\"size-full wp-image-72863\" alt=\"Chegou a vez dos altos e magros!\" src=\"https:\/\/i0.wp.com\/www.agrund.com\/wp-content\/uploads\/2013\/05\/chegou-a-vez-dos-altos-e-magros-3.jpg?resize=450%2C272\" width=\"450\" height=\"272\" data-recalc-dims=\"1\" \/><\/a><p id=\"caption-attachment-72863\" class=\"wp-caption-text\">Chegou a vez dos altos e magros!<\/p><\/div>\n<div id=\"attachment_72864\" style=\"width: 460px\" class=\"wp-caption aligncenter\"><a href=\"https:\/\/i0.wp.com\/www.agrund.com\/wp-content\/uploads\/2013\/05\/chegou-a-vez-dos-altos-e-magros-4.jpg\"><img aria-describedby=\"caption-attachment-72864\" decoding=\"async\" loading=\"lazy\" class=\"size-full wp-image-72864\" alt=\"Chegou a vez dos altos e magros!\" src=\"https:\/\/i0.wp.com\/www.agrund.com\/wp-content\/uploads\/2013\/05\/chegou-a-vez-dos-altos-e-magros-4.jpg?resize=450%2C300\" width=\"450\" height=\"300\" data-recalc-dims=\"1\" \/><\/a><p id=\"caption-attachment-72864\" class=\"wp-caption-text\">Chegou a vez dos altos e magros!<\/p><\/div>\n<div id=\"attachment_72865\" style=\"width: 460px\" class=\"wp-caption aligncenter\"><a href=\"https:\/\/i0.wp.com\/www.agrund.com\/wp-content\/uploads\/2013\/05\/chegou-a-vez-dos-altos-e-magros-5.jpg\"><img aria-describedby=\"caption-attachment-72865\" decoding=\"async\" loading=\"lazy\" class=\"size-full wp-image-72865\" alt=\"Chegou a vez dos altos e magros!\" src=\"https:\/\/i0.wp.com\/www.agrund.com\/wp-content\/uploads\/2013\/05\/chegou-a-vez-dos-altos-e-magros-5.jpg?resize=450%2C676\" width=\"450\" height=\"676\" data-recalc-dims=\"1\" \/><\/a><p id=\"caption-attachment-72865\" class=\"wp-caption-text\">Chegou a vez dos altos e magros!<\/p><\/div>\n<div id=\"attachment_72866\" style=\"width: 460px\" class=\"wp-caption aligncenter\"><a href=\"https:\/\/i0.wp.com\/www.agrund.com\/wp-content\/uploads\/2013\/05\/chegou-a-vez-dos-altos-e-magros-6.jpg\"><img aria-describedby=\"caption-attachment-72866\" decoding=\"async\" loading=\"lazy\" class=\"size-full wp-image-72866\" alt=\"Chegou a vez dos altos e magros!\" src=\"https:\/\/i0.wp.com\/www.agrund.com\/wp-content\/uploads\/2013\/05\/chegou-a-vez-dos-altos-e-magros-6.jpg?resize=450%2C652\" width=\"450\" height=\"652\" data-recalc-dims=\"1\" \/><\/a><p id=\"caption-attachment-72866\" class=\"wp-caption-text\">Chegou a vez dos altos e magros!<\/p><\/div>\n<p>Imagens: Reprodu\u00e7\u00e3o.<\/p>\n","protected":false},"excerpt":{"rendered":"<p>Muita gente pensa que esse bi\u00f3tipo &#8211; dos altos e longil\u00edneos &#8211; \u00e9 o mais f\u00e1cil de vestir. Voc\u00ea j\u00e1 perguntou a um amigo seu, alto e magro, se ele sente alguma dificuldade? E claro que estamos falando dos acima de 1m90, os conhecidos na juventude como \u201cMacarr\u00e3o\u201d, \u201cVara pau\u201d, \u201cCotonete de elefante\u201d \u2013 e [&hellip;]<\/p>\n","protected":false},"author":8,"featured_media":72913,"comment_status":"open","ping_status":"open","sticky":false,"template":"","format":"standard","meta":{"jetpack_post_was_ever_published":false,"_jetpack_newsletter_access":"","jetpack_publicize_message":"","jetpack_is_tweetstorm":false,"jetpack_publicize_feature_enabled":true,"jetpack_social_post_already_shared":true,"jetpack_social_options":{"image_generator_settings":{"template":"highway","enabled":false}}},"categories":[6],"tags":[],"jetpack_publicize_connections":[],"jetpack_featured_media_url":"","jetpack_sharing_enabled":true,"jetpack_shortlink":"https:\/\/wp.me\/p3Hz0n-iXa","jetpack_likes_enabled":true,"_links":{"self":[{"href":"https:\/\/agrund.com\/index.php\/wp-json\/wp\/v2\/posts\/72860"}],"collection":[{"href":"https:\/\/agrund.com\/index.php\/wp-json\/wp\/v2\/posts"}],"about":[{"href":"https:\/\/agrund.com\/index.php\/wp-json\/wp\/v2\/types\/post"}],"author":[{"embeddable":true,"href":"https:\/\/agrund.com\/index.php\/wp-json\/wp\/v2\/users\/8"}],"replies":[{"embeddable":true,"href":"https:\/\/agrund.com\/index.php\/wp-json\/wp\/v2\/comments?post=72860"}],"version-history":[{"count":0,"href":"https:\/\/agrund.com\/index.php\/wp-json\/wp\/v2\/posts\/72860\/revisions"}],"wp:featuredmedia":[{"embeddable":true,"href":"https:\/\/agrund.com\/index.php\/wp-json\/"}],"wp:attachment":[{"href":"https:\/\/agrund.com\/index.php\/wp-json\/wp\/v2\/media?parent=72860"}],"wp:term":[{"taxonomy":"category","embeddable":true,"href":"https:\/\/agrund.com\/index.php\/wp-json\/wp\/v2\/categories?post=72860"},{"taxonomy":"post_tag","embeddable":true,"href":"https:\/\/agrund.com\/index.php\/wp-json\/wp\/v2\/tags?post=72860"}],"curies":[{"name":"wp","href":"https:\/\/api.w.org\/{rel}","templated":true}]}}