{"id":72772,"date":"2013-05-24T13:00:30","date_gmt":"2013-05-24T16:00:30","guid":{"rendered":"http:\/\/www.agrund.com\/?p=72772"},"modified":"2013-05-24T13:00:30","modified_gmt":"2013-05-24T16:00:30","slug":"chilli-beans-firma-parceria-com-lenny-kravitz","status":"publish","type":"post","link":"https:\/\/agrund.com\/index.php\/chilli-beans-firma-parceria-com-lenny-kravitz\/","title":{"rendered":"Chilli Beans firma parceria com Lenny Kravitz"},"content":{"rendered":"<p>Depois de lan\u00e7ar sua nova cole\u00e7\u00e3o assinada por Alexandre Herchcovitch (veja<a href=\"http:\/\/www.agrund.com\/alexandre-herchcovitch-e-chilli-beans-lancam-oculos-banhado-a-ouro\/\"> AQUI<\/a>), a Chilli Beans acaba de anunciar sua mais nova parceria fashion. O cantor Lenny Kravitz ser\u00e1 designer por uma cole\u00e7\u00e3o e desenvolver\u00e1 alguns modelos de \u00f3culos escuros para a marca. A parceria chega \u00e0s lojas apenas no segundo semestre de 2013. Vamos aguardar!<\/p>\n<div id=\"attachment_72773\" style=\"width: 610px\" class=\"wp-caption aligncenter\"><a href=\"https:\/\/i0.wp.com\/www.agrund.com\/wp-content\/uploads\/2013\/05\/chilli-beans-firma-parceria-com-lenny-kravitz.jpg\"><img aria-describedby=\"caption-attachment-72773\" decoding=\"async\" loading=\"lazy\" class=\"size-full wp-image-72773\" alt=\"Chilli Beans firma parceria com Lenny Kravitz\" src=\"https:\/\/i0.wp.com\/www.agrund.com\/wp-content\/uploads\/2013\/05\/chilli-beans-firma-parceria-com-lenny-kravitz.jpg?resize=600%2C399\" width=\"600\" height=\"399\" data-recalc-dims=\"1\" \/><\/a><p id=\"caption-attachment-72773\" class=\"wp-caption-text\">Chilli Beans firma parceria com Lenny Kravitz<\/p><\/div>\n<p>Imagem: Reprodu\u00e7\u00e3o.<\/p>\n","protected":false},"excerpt":{"rendered":"<p>Depois de lan\u00e7ar sua nova cole\u00e7\u00e3o assinada por Alexandre Herchcovitch (veja AQUI), a Chilli Beans acaba de anunciar sua mais nova parceria fashion. O cantor Lenny Kravitz ser\u00e1 designer por uma cole\u00e7\u00e3o e desenvolver\u00e1 alguns modelos de \u00f3culos escuros para a marca. A parceria chega \u00e0s lojas apenas no segundo semestre de 2013. Vamos aguardar! [&hellip;]<\/p>\n","protected":false},"author":8,"featured_media":72774,"comment_status":"open","ping_status":"open","sticky":false,"template":"","format":"standard","meta":{"jetpack_post_was_ever_published":false,"_jetpack_newsletter_access":"","jetpack_publicize_message":"","jetpack_is_tweetstorm":false,"jetpack_publicize_feature_enabled":true,"jetpack_social_post_already_shared":true,"jetpack_social_options":{"image_generator_settings":{"template":"highway","enabled":false}}},"categories":[2],"tags":[],"jetpack_publicize_connections":[],"jetpack_featured_media_url":"","jetpack_sharing_enabled":true,"jetpack_shortlink":"https:\/\/wp.me\/p3Hz0n-iVK","jetpack_likes_enabled":true,"_links":{"self":[{"href":"https:\/\/agrund.com\/index.php\/wp-json\/wp\/v2\/posts\/72772"}],"collection":[{"href":"https:\/\/agrund.com\/index.php\/wp-json\/wp\/v2\/posts"}],"about":[{"href":"https:\/\/agrund.com\/index.php\/wp-json\/wp\/v2\/types\/post"}],"author":[{"embeddable":true,"href":"https:\/\/agrund.com\/index.php\/wp-json\/wp\/v2\/users\/8"}],"replies":[{"embeddable":true,"href":"https:\/\/agrund.com\/index.php\/wp-json\/wp\/v2\/comments?post=72772"}],"version-history":[{"count":0,"href":"https:\/\/agrund.com\/index.php\/wp-json\/wp\/v2\/posts\/72772\/revisions"}],"wp:featuredmedia":[{"embeddable":true,"href":"https:\/\/agrund.com\/index.php\/wp-json\/"}],"wp:attachment":[{"href":"https:\/\/agrund.com\/index.php\/wp-json\/wp\/v2\/media?parent=72772"}],"wp:term":[{"taxonomy":"category","embeddable":true,"href":"https:\/\/agrund.com\/index.php\/wp-json\/wp\/v2\/categories?post=72772"},{"taxonomy":"post_tag","embeddable":true,"href":"https:\/\/agrund.com\/index.php\/wp-json\/wp\/v2\/tags?post=72772"}],"curies":[{"name":"wp","href":"https:\/\/api.w.org\/{rel}","templated":true}]}}