{"id":72728,"date":"2013-05-23T22:00:32","date_gmt":"2013-05-24T01:00:32","guid":{"rendered":"http:\/\/www.agrund.com\/?p=72728"},"modified":"2013-05-23T22:00:32","modified_gmt":"2013-05-24T01:00:32","slug":"armando-a-tenda-mick-jagger-vai-se-apresentar-e-acampar-no-glastonbury","status":"publish","type":"post","link":"https:\/\/agrund.com\/index.php\/armando-a-tenda-mick-jagger-vai-se-apresentar-e-acampar-no-glastonbury\/","title":{"rendered":"Armando a tenda :: Mick Jagger vai se apresentar e acampar no Glastonbury"},"content":{"rendered":"<p>O cantor Mick Jagger \u00e9 a atra\u00e7\u00e3o principal com The Rolling Stones \u2013 banda tamb\u00e9m composta por Keith Richards, Charlie Watts e Ronnie Wood \u2013 no famoso festival de m\u00fasica em Somerset, sudoeste da Inglaterra, e ele tem a inten\u00e7\u00e3o de chegar para ficar com sua fam\u00edlia em uma barraca, apesar do risco sempre presente de chuva em Worthy Farm.<\/p>\n<p>Falando \u00e0 revista Q, ele disse: &#8220;Eu n\u00e3o tenho nada mais a fazer no Glasto no fim de semana, e eu quero passar algum tempo com a minha fam\u00edlia e ter um bom tempo tamb\u00e9m.&#8221;<\/p>\n<p>O vocalista de 69 anos n\u00e3o vai poder contar com duas de suas filhas veteranas do festival, Jade, 41, Elizabeth, 29, para mostrar-lhe onde passear no Glastonbury \u2013 festival que ele nunca presenciou \u2013 e insiste que ele vai encontrar o seu pr\u00f3prio &#8220;lugar legal para ir&#8221; longe das grandes multid\u00f5es.<\/p>\n<p>Ele explicou: &#8220;Eu n\u00e3o preciso delas para me mostrarem os lugares legais para ir. Eu tenho certeza que posso encontrar alguns lugares por mim mesmo, que s\u00e3o muito mais legais. Ser\u00e1 que eu ficarei incomodado? Depende de onde eu vou. Acho que todo mundo vai estar bastante descontra\u00eddo.&#8221;<\/p>\n<p>Mick afirma que n\u00e3o \u00e9 a primeira vez que ele acampa e j\u00e1 teve essa experi\u00eancia quando era jovem, portanto n\u00e3o ter\u00e1 nenhum problema em se aclimatar \u00e0 uma tenda.<\/p>\n<p>&#8220;N\u00f3s \u00edamos acampar o tempo todo quando eu era crian\u00e7a. A Fran\u00e7a era o lugar de nossas f\u00e9rias em fam\u00edlia e n\u00f3s traz\u00edamos feij\u00e3o cozido, pois n\u00e3o confi\u00e1vamos no alimento estrangeiro. \u00c9ramos t\u00e3o ingleses&#8230;\u201d<\/p>\n<p>Os Rolling Stones v\u00e3o subir ao palco no dia 29 de junho, depois de retornar de um hiato de seis anos para uma s\u00e9rie de shows para comemorar seu 50 \u00ba anivers\u00e1rio.<\/p>\n<div id=\"attachment_72730\" style=\"width: 560px\" class=\"wp-caption aligncenter\"><a href=\"https:\/\/i0.wp.com\/www.agrund.com\/wp-content\/uploads\/2013\/05\/armando-a-tenda-mick-jagger-vai-se-apresentar-e-acampar-no-glastonbury1.jpg\"><img aria-describedby=\"caption-attachment-72730\" decoding=\"async\" loading=\"lazy\" class=\"size-full wp-image-72730\" alt=\"Armando a tenda :: Mick Jagger vai se apresentar e acampar no Glastonbury\" src=\"https:\/\/i0.wp.com\/www.agrund.com\/wp-content\/uploads\/2013\/05\/armando-a-tenda-mick-jagger-vai-se-apresentar-e-acampar-no-glastonbury1.jpg?resize=550%2C367\" width=\"550\" height=\"367\" data-recalc-dims=\"1\" \/><\/a><p id=\"caption-attachment-72730\" class=\"wp-caption-text\">Armando a tenda :: Mick Jagger vai se apresentar e acampar no Glastonbury<\/p><\/div>\n<p>Imagem: Reprodu\u00e7\u00e3o.<\/p>\n","protected":false},"excerpt":{"rendered":"<p>O cantor Mick Jagger \u00e9 a atra\u00e7\u00e3o principal com The Rolling Stones \u2013 banda tamb\u00e9m composta por Keith Richards, Charlie Watts e Ronnie Wood \u2013 no famoso festival de m\u00fasica em Somerset, sudoeste da Inglaterra, e ele tem a inten\u00e7\u00e3o de chegar para ficar com sua fam\u00edlia em uma barraca, apesar do risco sempre presente [&hellip;]<\/p>\n","protected":false},"author":8,"featured_media":72731,"comment_status":"open","ping_status":"open","sticky":false,"template":"","format":"standard","meta":{"jetpack_post_was_ever_published":false,"_jetpack_newsletter_access":"","jetpack_publicize_message":"","jetpack_is_tweetstorm":false,"jetpack_publicize_feature_enabled":true,"jetpack_social_post_already_shared":true,"jetpack_social_options":{"image_generator_settings":{"template":"highway","enabled":false}}},"categories":[2],"tags":[],"jetpack_publicize_connections":[],"jetpack_featured_media_url":"","jetpack_sharing_enabled":true,"jetpack_shortlink":"https:\/\/wp.me\/p3Hz0n-iV2","jetpack_likes_enabled":true,"_links":{"self":[{"href":"https:\/\/agrund.com\/index.php\/wp-json\/wp\/v2\/posts\/72728"}],"collection":[{"href":"https:\/\/agrund.com\/index.php\/wp-json\/wp\/v2\/posts"}],"about":[{"href":"https:\/\/agrund.com\/index.php\/wp-json\/wp\/v2\/types\/post"}],"author":[{"embeddable":true,"href":"https:\/\/agrund.com\/index.php\/wp-json\/wp\/v2\/users\/8"}],"replies":[{"embeddable":true,"href":"https:\/\/agrund.com\/index.php\/wp-json\/wp\/v2\/comments?post=72728"}],"version-history":[{"count":0,"href":"https:\/\/agrund.com\/index.php\/wp-json\/wp\/v2\/posts\/72728\/revisions"}],"wp:featuredmedia":[{"embeddable":true,"href":"https:\/\/agrund.com\/index.php\/wp-json\/"}],"wp:attachment":[{"href":"https:\/\/agrund.com\/index.php\/wp-json\/wp\/v2\/media?parent=72728"}],"wp:term":[{"taxonomy":"category","embeddable":true,"href":"https:\/\/agrund.com\/index.php\/wp-json\/wp\/v2\/categories?post=72728"},{"taxonomy":"post_tag","embeddable":true,"href":"https:\/\/agrund.com\/index.php\/wp-json\/wp\/v2\/tags?post=72728"}],"curies":[{"name":"wp","href":"https:\/\/api.w.org\/{rel}","templated":true}]}}