{"id":72335,"date":"2013-05-20T16:30:31","date_gmt":"2013-05-20T19:30:31","guid":{"rendered":"http:\/\/www.agrund.com\/?p=72335"},"modified":"2013-05-20T16:30:31","modified_gmt":"2013-05-20T19:30:31","slug":"a-nova-colecao-eyewear-da-supreme","status":"publish","type":"post","link":"https:\/\/agrund.com\/index.php\/a-nova-colecao-eyewear-da-supreme\/","title":{"rendered":"A nova cole\u00e7\u00e3o eyewear da Supreme"},"content":{"rendered":"<p>A marca Supreme acaba de lan\u00e7ar seus novos modelos de \u00f3culos escuros que prometem ser sucesso entre os mais estilosos. O &#8216;The Wallace&#8217; e o &#8216;The Factory&#8217;, t\u00eam um design retr\u00f4, lembrando at\u00e9 um pouco os famosos modelos Wayfarer, e s\u00e3o feitos \u00e0 m\u00e3o. O primeiro modelo est\u00e1 dispon\u00edvel em tr\u00eas cores, enquanto o segundo possui quatro. Todos j\u00e1 est\u00e3o dispon\u00edveis no e-commerce da marca e nas lojas f\u00edsicas da Supreme em Los Angeles, Nova York, Londres e Jap\u00e3o. Veja:<\/p>\n<div id=\"attachment_72336\" style=\"width: 510px\" class=\"wp-caption aligncenter\"><a href=\"https:\/\/i0.wp.com\/www.agrund.com\/wp-content\/uploads\/2013\/05\/a-nova-colecao-eyewear-da-supreme-1.jpg\"><img aria-describedby=\"caption-attachment-72336\" decoding=\"async\" loading=\"lazy\" class=\"size-full wp-image-72336\" alt=\"A nova cole\u00e7\u00e3o eyewear da Supreme\" src=\"https:\/\/i0.wp.com\/www.agrund.com\/wp-content\/uploads\/2013\/05\/a-nova-colecao-eyewear-da-supreme-1.jpg?resize=500%2C333\" width=\"500\" height=\"333\" data-recalc-dims=\"1\" \/><\/a><p id=\"caption-attachment-72336\" class=\"wp-caption-text\">A nova cole\u00e7\u00e3o eyewear da Supreme<\/p><\/div>\n<div id=\"attachment_72337\" style=\"width: 510px\" class=\"wp-caption aligncenter\"><a href=\"https:\/\/i0.wp.com\/www.agrund.com\/wp-content\/uploads\/2013\/05\/a-nova-colecao-eyewear-da-supreme-2.jpg\"><img aria-describedby=\"caption-attachment-72337\" decoding=\"async\" loading=\"lazy\" class=\"size-full wp-image-72337\" alt=\"A nova cole\u00e7\u00e3o eyewear da Supreme\" src=\"https:\/\/i0.wp.com\/www.agrund.com\/wp-content\/uploads\/2013\/05\/a-nova-colecao-eyewear-da-supreme-2.jpg?resize=500%2C500\" width=\"500\" height=\"500\" data-recalc-dims=\"1\" \/><\/a><p id=\"caption-attachment-72337\" class=\"wp-caption-text\">A nova cole\u00e7\u00e3o eyewear da Supreme<\/p><\/div>\n<div id=\"attachment_72338\" style=\"width: 510px\" class=\"wp-caption aligncenter\"><a href=\"https:\/\/i0.wp.com\/www.agrund.com\/wp-content\/uploads\/2013\/05\/a-nova-colecao-eyewear-da-supreme-3.jpg\"><img aria-describedby=\"caption-attachment-72338\" decoding=\"async\" loading=\"lazy\" class=\"size-full wp-image-72338\" alt=\"A nova cole\u00e7\u00e3o eyewear da Supreme\" src=\"https:\/\/i0.wp.com\/www.agrund.com\/wp-content\/uploads\/2013\/05\/a-nova-colecao-eyewear-da-supreme-3.jpg?resize=500%2C333\" width=\"500\" height=\"333\" data-recalc-dims=\"1\" \/><\/a><p id=\"caption-attachment-72338\" class=\"wp-caption-text\">A nova cole\u00e7\u00e3o eyewear da Supreme<\/p><\/div>\n<div id=\"attachment_72339\" style=\"width: 510px\" class=\"wp-caption aligncenter\"><a href=\"https:\/\/i0.wp.com\/www.agrund.com\/wp-content\/uploads\/2013\/05\/a-nova-colecao-eyewear-da-supreme-4.jpg\"><img aria-describedby=\"caption-attachment-72339\" decoding=\"async\" loading=\"lazy\" class=\"size-full wp-image-72339\" alt=\"A nova cole\u00e7\u00e3o eyewear da Supreme\" src=\"https:\/\/i0.wp.com\/www.agrund.com\/wp-content\/uploads\/2013\/05\/a-nova-colecao-eyewear-da-supreme-4.jpg?resize=500%2C500\" width=\"500\" height=\"500\" data-recalc-dims=\"1\" \/><\/a><p id=\"caption-attachment-72339\" class=\"wp-caption-text\">A nova cole\u00e7\u00e3o eyewear da Supreme<\/p><\/div>\n<p>Imagens: Reprodu\u00e7\u00e3o.<\/p>\n","protected":false},"excerpt":{"rendered":"<p>A marca Supreme acaba de lan\u00e7ar seus novos modelos de \u00f3culos escuros que prometem ser sucesso entre os mais estilosos. O &#8216;The Wallace&#8217; e o &#8216;The Factory&#8217;, t\u00eam um design retr\u00f4, lembrando at\u00e9 um pouco os famosos modelos Wayfarer, e s\u00e3o feitos \u00e0 m\u00e3o. O primeiro modelo est\u00e1 dispon\u00edvel em tr\u00eas cores, enquanto o segundo [&hellip;]<\/p>\n","protected":false},"author":8,"featured_media":72340,"comment_status":"open","ping_status":"open","sticky":false,"template":"","format":"standard","meta":{"jetpack_post_was_ever_published":false,"_jetpack_newsletter_access":"","jetpack_publicize_message":"","jetpack_is_tweetstorm":false,"jetpack_publicize_feature_enabled":true,"jetpack_social_post_already_shared":true,"jetpack_social_options":{"image_generator_settings":{"template":"highway","enabled":false}}},"categories":[6],"tags":[],"jetpack_publicize_connections":[],"jetpack_featured_media_url":"","jetpack_sharing_enabled":true,"jetpack_shortlink":"https:\/\/wp.me\/p3Hz0n-iOH","jetpack_likes_enabled":true,"_links":{"self":[{"href":"https:\/\/agrund.com\/index.php\/wp-json\/wp\/v2\/posts\/72335"}],"collection":[{"href":"https:\/\/agrund.com\/index.php\/wp-json\/wp\/v2\/posts"}],"about":[{"href":"https:\/\/agrund.com\/index.php\/wp-json\/wp\/v2\/types\/post"}],"author":[{"embeddable":true,"href":"https:\/\/agrund.com\/index.php\/wp-json\/wp\/v2\/users\/8"}],"replies":[{"embeddable":true,"href":"https:\/\/agrund.com\/index.php\/wp-json\/wp\/v2\/comments?post=72335"}],"version-history":[{"count":0,"href":"https:\/\/agrund.com\/index.php\/wp-json\/wp\/v2\/posts\/72335\/revisions"}],"wp:featuredmedia":[{"embeddable":true,"href":"https:\/\/agrund.com\/index.php\/wp-json\/"}],"wp:attachment":[{"href":"https:\/\/agrund.com\/index.php\/wp-json\/wp\/v2\/media?parent=72335"}],"wp:term":[{"taxonomy":"category","embeddable":true,"href":"https:\/\/agrund.com\/index.php\/wp-json\/wp\/v2\/categories?post=72335"},{"taxonomy":"post_tag","embeddable":true,"href":"https:\/\/agrund.com\/index.php\/wp-json\/wp\/v2\/tags?post=72335"}],"curies":[{"name":"wp","href":"https:\/\/api.w.org\/{rel}","templated":true}]}}