{"id":72321,"date":"2013-05-20T22:00:49","date_gmt":"2013-05-21T01:00:49","guid":{"rendered":"http:\/\/www.agrund.com\/?p=72321"},"modified":"2013-05-20T22:00:49","modified_gmt":"2013-05-21T01:00:49","slug":"david-beckham-vai-expandir-sua-linha-de-roupas","status":"publish","type":"post","link":"https:\/\/agrund.com\/index.php\/david-beckham-vai-expandir-sua-linha-de-roupas\/","title":{"rendered":"David Beckham vai expandir sua linha de roupas"},"content":{"rendered":"<p>O esportista de 38 anos David Beckham anunciou recentemente seus planos de se aposentar do futebol profissional no final da temporada pela equipe do Paris Saint-Germain e acredita que vai seguir os passos de sua esposa estilista, ramificando-se com mais linhas.<\/p>\n<p>Um porta-voz de sua ag\u00eancia de gest\u00e3o, a Simon Fuller&#8217;s XIX Entertainment, disse ao WWD: &#8220;Durante o pr\u00f3ximo ano, vamos ver o seu neg\u00f3cio crescer e expandir. O c\u00e9u \u00e9 o limite, na verdade, em termos do que ele pode fazer no mundo. Basta olhar para o que Victoria [Beckham] tem feito. &#8221;<\/p>\n<p>Embora o porta-voz permaneceu em sil\u00eancio sobre a aposentadoria de David, eles insistiram que o astro brit\u00e2nico vai continuar a trabalhar com v\u00e1rias empresas, incluindo a Adidas.<\/p>\n<p>David atualmente tem sua pr\u00f3pria linha de roupas \u00edntimas para a varejista H &amp; M e a loja confirmou uma nova gama de bodywear, ap\u00f3s o sucesso da primeira linha, que est\u00e1 pronta para ser lan\u00e7ada ainda este ano.<\/p>\n<p>Um representante da grife disse ao Vogue.co.uk: &#8220;David Beckham \u00e9 um grande esportista e um \u00edcone de grande estilo, e para n\u00f3s \u00e9 como ele vai ser visto tamb\u00e9m no futuro. Estamos muito felizes com a colabora\u00e7\u00e3o e ansiosos para o lan\u00e7amento da nova cole\u00e7\u00e3o Outono.&#8221;<\/p>\n<div id=\"attachment_72322\" style=\"width: 510px\" class=\"wp-caption aligncenter\"><a href=\"https:\/\/i0.wp.com\/www.agrund.com\/wp-content\/uploads\/2013\/05\/david-beckham-vai-expandir-sua-linha-de-roupas-1.jpg\"><img aria-describedby=\"caption-attachment-72322\" decoding=\"async\" loading=\"lazy\" class=\"size-full wp-image-72322\" alt=\"David Beckham vai expandir sua linha de roupas\" src=\"https:\/\/i0.wp.com\/www.agrund.com\/wp-content\/uploads\/2013\/05\/david-beckham-vai-expandir-sua-linha-de-roupas-1.jpg?resize=500%2C782\" width=\"500\" height=\"782\" data-recalc-dims=\"1\" \/><\/a><p id=\"caption-attachment-72322\" class=\"wp-caption-text\">David Beckham vai expandir sua linha de roupas<\/p><\/div>\n<div id=\"attachment_72323\" style=\"width: 510px\" class=\"wp-caption aligncenter\"><a href=\"https:\/\/i0.wp.com\/www.agrund.com\/wp-content\/uploads\/2013\/05\/david-beckham-vai-expandir-sua-linha-de-roupas-2.jpg\"><img aria-describedby=\"caption-attachment-72323\" decoding=\"async\" loading=\"lazy\" class=\"size-full wp-image-72323\" alt=\"David Beckham vai expandir sua linha de roupas\" src=\"https:\/\/i0.wp.com\/www.agrund.com\/wp-content\/uploads\/2013\/05\/david-beckham-vai-expandir-sua-linha-de-roupas-2.jpg?resize=500%2C819\" width=\"500\" height=\"819\" data-recalc-dims=\"1\" \/><\/a><p id=\"caption-attachment-72323\" class=\"wp-caption-text\">David Beckham vai expandir sua linha de roupas<\/p><\/div>\n<div id=\"attachment_72324\" style=\"width: 510px\" class=\"wp-caption aligncenter\"><a href=\"https:\/\/i0.wp.com\/www.agrund.com\/wp-content\/uploads\/2013\/05\/david-beckham-vai-expandir-sua-linha-de-roupas-3.jpg\"><img aria-describedby=\"caption-attachment-72324\" decoding=\"async\" loading=\"lazy\" class=\"size-full wp-image-72324\" alt=\"David Beckham vai expandir sua linha de roupas\" src=\"https:\/\/i0.wp.com\/www.agrund.com\/wp-content\/uploads\/2013\/05\/david-beckham-vai-expandir-sua-linha-de-roupas-3.jpg?resize=500%2C414\" width=\"500\" height=\"414\" data-recalc-dims=\"1\" \/><\/a><p id=\"caption-attachment-72324\" class=\"wp-caption-text\">David Beckham vai expandir sua linha de roupas<\/p><\/div>\n<p>Imagens: Reprodu\u00e7\u00e3o.<\/p>\n","protected":false},"excerpt":{"rendered":"<p>O esportista de 38 anos David Beckham anunciou recentemente seus planos de se aposentar do futebol profissional no final da temporada pela equipe do Paris Saint-Germain e acredita que vai seguir os passos de sua esposa estilista, ramificando-se com mais linhas. Um porta-voz de sua ag\u00eancia de gest\u00e3o, a Simon Fuller&#8217;s XIX Entertainment, disse ao [&hellip;]<\/p>\n","protected":false},"author":8,"featured_media":72325,"comment_status":"open","ping_status":"open","sticky":false,"template":"","format":"standard","meta":{"jetpack_post_was_ever_published":false,"_jetpack_newsletter_access":"","jetpack_publicize_message":"","jetpack_is_tweetstorm":false,"jetpack_publicize_feature_enabled":true,"jetpack_social_post_already_shared":true,"jetpack_social_options":{"image_generator_settings":{"template":"highway","enabled":false}}},"categories":[6],"tags":[],"jetpack_publicize_connections":[],"jetpack_featured_media_url":"","jetpack_sharing_enabled":true,"jetpack_shortlink":"https:\/\/wp.me\/p3Hz0n-iOt","jetpack_likes_enabled":true,"_links":{"self":[{"href":"https:\/\/agrund.com\/index.php\/wp-json\/wp\/v2\/posts\/72321"}],"collection":[{"href":"https:\/\/agrund.com\/index.php\/wp-json\/wp\/v2\/posts"}],"about":[{"href":"https:\/\/agrund.com\/index.php\/wp-json\/wp\/v2\/types\/post"}],"author":[{"embeddable":true,"href":"https:\/\/agrund.com\/index.php\/wp-json\/wp\/v2\/users\/8"}],"replies":[{"embeddable":true,"href":"https:\/\/agrund.com\/index.php\/wp-json\/wp\/v2\/comments?post=72321"}],"version-history":[{"count":0,"href":"https:\/\/agrund.com\/index.php\/wp-json\/wp\/v2\/posts\/72321\/revisions"}],"wp:featuredmedia":[{"embeddable":true,"href":"https:\/\/agrund.com\/index.php\/wp-json\/"}],"wp:attachment":[{"href":"https:\/\/agrund.com\/index.php\/wp-json\/wp\/v2\/media?parent=72321"}],"wp:term":[{"taxonomy":"category","embeddable":true,"href":"https:\/\/agrund.com\/index.php\/wp-json\/wp\/v2\/categories?post=72321"},{"taxonomy":"post_tag","embeddable":true,"href":"https:\/\/agrund.com\/index.php\/wp-json\/wp\/v2\/tags?post=72321"}],"curies":[{"name":"wp","href":"https:\/\/api.w.org\/{rel}","templated":true}]}}