{"id":72286,"date":"2013-05-20T17:00:49","date_gmt":"2013-05-20T20:00:49","guid":{"rendered":"http:\/\/www.agrund.com\/?p=72286"},"modified":"2013-05-20T17:00:49","modified_gmt":"2013-05-20T20:00:49","slug":"a-jornada-e-um-destino","status":"publish","type":"post","link":"https:\/\/agrund.com\/index.php\/a-jornada-e-um-destino\/","title":{"rendered":"\u201cA Jornada e um Destino\u201d"},"content":{"rendered":"<p>\u201cA Jornada e um Destino\u201d \u00e9 o tema da cole\u00e7\u00e3o de inverno da Addict, de Jo\u00e3o Mello Leit\u00e3o. Inspirada na fotografia que retrata diferentes perfis de cariocas, a marca lan\u00e7a uma mini cole\u00e7\u00e3o com colagens de fotografias de Dan Eldon, que tinha apenas 22 anos quando foi perseguido e morto por uma multid\u00e3o furiosa na Som\u00e1lia.<\/p>\n<p>O tema da cole\u00e7\u00e3o foi inspirado no livro &#8220;The Journey is the Destination&#8221;, que coleta p\u00e1ginas dos 17 \u00e1lbuns que continham as artes de Dan, narrando o seu trabalho a partir de 14 anos de idade at\u00e9 sua morte aos 22. Uma cole\u00e7\u00e3o surpreendente e cheia de criatividade.<\/p>\n<div id=\"attachment_72287\" style=\"width: 510px\" class=\"wp-caption aligncenter\"><a href=\"https:\/\/i0.wp.com\/www.agrund.com\/wp-content\/uploads\/2013\/05\/a-jornada-e-um-destino-1.jpg\"><img aria-describedby=\"caption-attachment-72287\" decoding=\"async\" loading=\"lazy\" class=\"size-full wp-image-72287\" alt=\"\u201cA Jornada e um Destino\u201d\" src=\"https:\/\/i0.wp.com\/www.agrund.com\/wp-content\/uploads\/2013\/05\/a-jornada-e-um-destino-1.jpg?resize=500%2C755\" width=\"500\" height=\"755\" data-recalc-dims=\"1\" \/><\/a><p id=\"caption-attachment-72287\" class=\"wp-caption-text\">\u201cA Jornada e um Destino\u201d<\/p><\/div>\n<div id=\"attachment_72288\" style=\"width: 510px\" class=\"wp-caption aligncenter\"><a href=\"https:\/\/i0.wp.com\/www.agrund.com\/wp-content\/uploads\/2013\/05\/a-jornada-e-um-destino-2.jpg\"><img aria-describedby=\"caption-attachment-72288\" decoding=\"async\" loading=\"lazy\" class=\"size-full wp-image-72288\" alt=\"\u201cA Jornada e um Destino\u201d\" src=\"https:\/\/i0.wp.com\/www.agrund.com\/wp-content\/uploads\/2013\/05\/a-jornada-e-um-destino-2.jpg?resize=500%2C755\" width=\"500\" height=\"755\" data-recalc-dims=\"1\" \/><\/a><p id=\"caption-attachment-72288\" class=\"wp-caption-text\">\u201cA Jornada e um Destino\u201d<\/p><\/div>\n<div id=\"attachment_72289\" style=\"width: 510px\" class=\"wp-caption aligncenter\"><a href=\"https:\/\/i0.wp.com\/www.agrund.com\/wp-content\/uploads\/2013\/05\/a-jornada-e-um-destino-3.jpg\"><img aria-describedby=\"caption-attachment-72289\" decoding=\"async\" loading=\"lazy\" class=\"size-full wp-image-72289\" alt=\"\u201cA Jornada e um Destino\u201d\" src=\"https:\/\/i0.wp.com\/www.agrund.com\/wp-content\/uploads\/2013\/05\/a-jornada-e-um-destino-3.jpg?resize=500%2C755\" width=\"500\" height=\"755\" data-recalc-dims=\"1\" \/><\/a><p id=\"caption-attachment-72289\" class=\"wp-caption-text\">\u201cA Jornada e um Destino\u201d<\/p><\/div>\n<p>Imagens: Divulga\u00e7\u00e3o.<\/p>\n","protected":false},"excerpt":{"rendered":"<p>\u201cA Jornada e um Destino\u201d \u00e9 o tema da cole\u00e7\u00e3o de inverno da Addict, de Jo\u00e3o Mello Leit\u00e3o. Inspirada na fotografia que retrata diferentes perfis de cariocas, a marca lan\u00e7a uma mini cole\u00e7\u00e3o com colagens de fotografias de Dan Eldon, que tinha apenas 22 anos quando foi perseguido e morto por uma multid\u00e3o furiosa na [&hellip;]<\/p>\n","protected":false},"author":8,"featured_media":72290,"comment_status":"open","ping_status":"open","sticky":false,"template":"","format":"standard","meta":{"jetpack_post_was_ever_published":false,"_jetpack_newsletter_access":"","jetpack_publicize_message":"","jetpack_is_tweetstorm":false,"jetpack_publicize_feature_enabled":true,"jetpack_social_post_already_shared":true,"jetpack_social_options":{"image_generator_settings":{"template":"highway","enabled":false}}},"categories":[6],"tags":[],"jetpack_publicize_connections":[],"jetpack_featured_media_url":"","jetpack_sharing_enabled":true,"jetpack_shortlink":"https:\/\/wp.me\/p3Hz0n-iNU","jetpack_likes_enabled":true,"_links":{"self":[{"href":"https:\/\/agrund.com\/index.php\/wp-json\/wp\/v2\/posts\/72286"}],"collection":[{"href":"https:\/\/agrund.com\/index.php\/wp-json\/wp\/v2\/posts"}],"about":[{"href":"https:\/\/agrund.com\/index.php\/wp-json\/wp\/v2\/types\/post"}],"author":[{"embeddable":true,"href":"https:\/\/agrund.com\/index.php\/wp-json\/wp\/v2\/users\/8"}],"replies":[{"embeddable":true,"href":"https:\/\/agrund.com\/index.php\/wp-json\/wp\/v2\/comments?post=72286"}],"version-history":[{"count":0,"href":"https:\/\/agrund.com\/index.php\/wp-json\/wp\/v2\/posts\/72286\/revisions"}],"wp:featuredmedia":[{"embeddable":true,"href":"https:\/\/agrund.com\/index.php\/wp-json\/"}],"wp:attachment":[{"href":"https:\/\/agrund.com\/index.php\/wp-json\/wp\/v2\/media?parent=72286"}],"wp:term":[{"taxonomy":"category","embeddable":true,"href":"https:\/\/agrund.com\/index.php\/wp-json\/wp\/v2\/categories?post=72286"},{"taxonomy":"post_tag","embeddable":true,"href":"https:\/\/agrund.com\/index.php\/wp-json\/wp\/v2\/tags?post=72286"}],"curies":[{"name":"wp","href":"https:\/\/api.w.org\/{rel}","templated":true}]}}