{"id":72254,"date":"2013-05-20T13:00:58","date_gmt":"2013-05-20T16:00:58","guid":{"rendered":"http:\/\/www.agrund.com\/?p=72254"},"modified":"2013-05-20T13:00:58","modified_gmt":"2013-05-20T16:00:58","slug":"the-todd-sanfield-collection-veste-tops-brasileiros","status":"publish","type":"post","link":"https:\/\/agrund.com\/index.php\/the-todd-sanfield-collection-veste-tops-brasileiros\/","title":{"rendered":"The Todd Sanfield Collection veste tops brasileiros"},"content":{"rendered":"<p>Modelo, empres\u00e1rio e estudante de Farm\u00e1cia, o americano Todd Sanfield representa sua marca. Ele \u00e9 o estere\u00f3tipo do homem sensual, com corpo trabalhado, que busca cuecas confort\u00e1veis, com inspira\u00e7\u00e3o esportiva e claro, sexy. Para um ensaio da publica\u00e7\u00e3o Made In Brazil, The Todd Sanfield Collection veste tops brasileiros. O fot\u00f3grafo Stewart Shining clicou Diego Miguel, Rodrigo Calazans, Marlon Teixeira, Mateus Lages e Caio Cesar usando as famosas cuecas que est\u00e3o dispon\u00edveis para os interessados no site do modelo &#8211; toddsanfield.com. Confira aqui as imagens do ensaio e de Todd Sanfield.<\/p>\n<div id=\"attachment_72261\" style=\"width: 510px\" class=\"wp-caption aligncenter\"><a href=\"https:\/\/i0.wp.com\/www.agrund.com\/wp-content\/uploads\/2013\/05\/the-todd-sanfield-collection-veste-tops-brasileiros-4.jpg\"><img aria-describedby=\"caption-attachment-72261\" decoding=\"async\" loading=\"lazy\" class=\"size-full wp-image-72261\" alt=\"The Todd Sanfield Collection veste tops brasileiros\" src=\"https:\/\/i0.wp.com\/www.agrund.com\/wp-content\/uploads\/2013\/05\/the-todd-sanfield-collection-veste-tops-brasileiros-4.jpg?resize=500%2C664\" width=\"500\" height=\"664\" data-recalc-dims=\"1\" \/><\/a><p id=\"caption-attachment-72261\" class=\"wp-caption-text\">The Todd Sanfield Collection veste tops brasileiros<\/p><\/div>\n<div id=\"attachment_72260\" style=\"width: 510px\" class=\"wp-caption aligncenter\"><a href=\"https:\/\/i0.wp.com\/www.agrund.com\/wp-content\/uploads\/2013\/05\/the-todd-sanfield-collection-veste-tops-brasileiros-31.jpg\"><img aria-describedby=\"caption-attachment-72260\" decoding=\"async\" loading=\"lazy\" class=\"size-full wp-image-72260\" alt=\"The Todd Sanfield Collection veste tops brasileiros\" src=\"https:\/\/i0.wp.com\/www.agrund.com\/wp-content\/uploads\/2013\/05\/the-todd-sanfield-collection-veste-tops-brasileiros-31.jpg?resize=500%2C668\" width=\"500\" height=\"668\" data-recalc-dims=\"1\" \/><\/a><p id=\"caption-attachment-72260\" class=\"wp-caption-text\">The Todd Sanfield Collection veste tops brasileiros<\/p><\/div>\n<div id=\"attachment_72259\" style=\"width: 510px\" class=\"wp-caption aligncenter\"><a href=\"https:\/\/i0.wp.com\/www.agrund.com\/wp-content\/uploads\/2013\/05\/the-todd-sanfield-collection-veste-tops-brasileiros-21.jpg\"><img aria-describedby=\"caption-attachment-72259\" decoding=\"async\" loading=\"lazy\" class=\"size-full wp-image-72259\" alt=\"The Todd Sanfield Collection veste tops brasileiros\" src=\"https:\/\/i0.wp.com\/www.agrund.com\/wp-content\/uploads\/2013\/05\/the-todd-sanfield-collection-veste-tops-brasileiros-21.jpg?resize=500%2C362\" width=\"500\" height=\"362\" data-recalc-dims=\"1\" \/><\/a><p id=\"caption-attachment-72259\" class=\"wp-caption-text\">The Todd Sanfield Collection veste tops brasileiros<\/p><\/div>\n<div id=\"attachment_72258\" style=\"width: 510px\" class=\"wp-caption aligncenter\"><a href=\"https:\/\/i0.wp.com\/www.agrund.com\/wp-content\/uploads\/2013\/05\/the-todd-sanfield-collection-veste-tops-brasileiros-11.jpg\"><img aria-describedby=\"caption-attachment-72258\" decoding=\"async\" loading=\"lazy\" class=\"size-full wp-image-72258\" alt=\"The Todd Sanfield Collection veste tops brasileiros\" src=\"https:\/\/i0.wp.com\/www.agrund.com\/wp-content\/uploads\/2013\/05\/the-todd-sanfield-collection-veste-tops-brasileiros-11.jpg?resize=500%2C500\" width=\"500\" height=\"500\" data-recalc-dims=\"1\" \/><\/a><p id=\"caption-attachment-72258\" class=\"wp-caption-text\">The Todd Sanfield Collection veste tops brasileiros<\/p><\/div>\n<p>Imagens: Reprodu\u00e7\u00e3o.<\/p>\n","protected":false},"excerpt":{"rendered":"<p>Modelo, empres\u00e1rio e estudante de Farm\u00e1cia, o americano Todd Sanfield representa sua marca. Ele \u00e9 o estere\u00f3tipo do homem sensual, com corpo trabalhado, que busca cuecas confort\u00e1veis, com inspira\u00e7\u00e3o esportiva e claro, sexy. Para um ensaio da publica\u00e7\u00e3o Made In Brazil, The Todd Sanfield Collection veste tops brasileiros. O fot\u00f3grafo Stewart Shining clicou Diego Miguel, [&hellip;]<\/p>\n","protected":false},"author":8,"featured_media":72262,"comment_status":"open","ping_status":"open","sticky":false,"template":"","format":"standard","meta":{"jetpack_post_was_ever_published":false,"_jetpack_newsletter_access":"","jetpack_publicize_message":"","jetpack_is_tweetstorm":false,"jetpack_publicize_feature_enabled":true,"jetpack_social_post_already_shared":true,"jetpack_social_options":{"image_generator_settings":{"template":"highway","enabled":false}}},"categories":[6],"tags":[],"jetpack_publicize_connections":[],"jetpack_featured_media_url":"","jetpack_sharing_enabled":true,"jetpack_shortlink":"https:\/\/wp.me\/p3Hz0n-iNo","jetpack_likes_enabled":true,"_links":{"self":[{"href":"https:\/\/agrund.com\/index.php\/wp-json\/wp\/v2\/posts\/72254"}],"collection":[{"href":"https:\/\/agrund.com\/index.php\/wp-json\/wp\/v2\/posts"}],"about":[{"href":"https:\/\/agrund.com\/index.php\/wp-json\/wp\/v2\/types\/post"}],"author":[{"embeddable":true,"href":"https:\/\/agrund.com\/index.php\/wp-json\/wp\/v2\/users\/8"}],"replies":[{"embeddable":true,"href":"https:\/\/agrund.com\/index.php\/wp-json\/wp\/v2\/comments?post=72254"}],"version-history":[{"count":0,"href":"https:\/\/agrund.com\/index.php\/wp-json\/wp\/v2\/posts\/72254\/revisions"}],"wp:featuredmedia":[{"embeddable":true,"href":"https:\/\/agrund.com\/index.php\/wp-json\/"}],"wp:attachment":[{"href":"https:\/\/agrund.com\/index.php\/wp-json\/wp\/v2\/media?parent=72254"}],"wp:term":[{"taxonomy":"category","embeddable":true,"href":"https:\/\/agrund.com\/index.php\/wp-json\/wp\/v2\/categories?post=72254"},{"taxonomy":"post_tag","embeddable":true,"href":"https:\/\/agrund.com\/index.php\/wp-json\/wp\/v2\/tags?post=72254"}],"curies":[{"name":"wp","href":"https:\/\/api.w.org\/{rel}","templated":true}]}}